{"id":963,"date":"2018-09-24T14:12:35","date_gmt":"2018-09-24T14:12:35","guid":{"rendered":"http:\/\/lauftreffhagen-emst.de\/?p=963"},"modified":"2019-04-04T20:15:16","modified_gmt":"2019-04-04T20:15:16","slug":"wanderung-der-nordic-walkerinnen-und-walker-am-15-september-2018","status":"publish","type":"post","link":"https:\/\/lauftreffhagen-emst.de\/?p=963","title":{"rendered":"Wanderung der Nordic Walkerinnen und Walker am 15. September 2018"},"content":{"rendered":"<p>Zur von Horst organisierten Wanderung traf man sich um 10:00 Uhr auf dem Parkplatz Stadtgarten. Dann ging\u00b4s ca. 10 km \u00fcber den &#8222;Planetariumweg&#8220; zur Gastst\u00e4tte &#8222;Am Kaiser-Friedrich-Turm&#8220;. Nach einer St\u00e4rkung f\u00fchrte der R\u00fcckweg \u00fcber den Eugen-Richter-Turm und der Sternwarte wieder zum Parkplatz.<\/p>\n<p>Hier einige Eindr\u00fccke:<\/p>\n<p><img loading=\"lazy\" decoding=\"async\" class=\"wp-image-972 alignnone\" src=\"https:\/\/lauftreffhagen-emst.de\/wp-content\/uploads\/2018\/09\/IMG-20180915-WA0013-225x300.jpg\" alt=\"\" width=\"195\" height=\"260\" srcset=\"https:\/\/lauftreffhagen-emst.de\/wp-content\/uploads\/2018\/09\/IMG-20180915-WA0013-225x300.jpg 225w, https:\/\/lauftreffhagen-emst.de\/wp-content\/uploads\/2018\/09\/IMG-20180915-WA0013-768x1024.jpg 768w, https:\/\/lauftreffhagen-emst.de\/wp-content\/uploads\/2018\/09\/IMG-20180915-WA0013-940x1253.jpg 940w, https:\/\/lauftreffhagen-emst.de\/wp-content\/uploads\/2018\/09\/IMG-20180915-WA0013.jpg 1200w\" sizes=\"(max-width: 195px) 100vw, 195px\" \/> <img loading=\"lazy\" decoding=\"async\" class=\"wp-image-965 alignnone\" src=\"https:\/\/lauftreffhagen-emst.de\/wp-content\/uploads\/2018\/09\/IMG-20180915-WA0001-225x300.jpg\" alt=\"\" width=\"197\" height=\"262\" srcset=\"https:\/\/lauftreffhagen-emst.de\/wp-content\/uploads\/2018\/09\/IMG-20180915-WA0001-225x300.jpg 225w, https:\/\/lauftreffhagen-emst.de\/wp-content\/uploads\/2018\/09\/IMG-20180915-WA0001-768x1024.jpg 768w, https:\/\/lauftreffhagen-emst.de\/wp-content\/uploads\/2018\/09\/IMG-20180915-WA0001-940x1253.jpg 940w, https:\/\/lauftreffhagen-emst.de\/wp-content\/uploads\/2018\/09\/IMG-20180915-WA0001.jpg 1200w\" sizes=\"(max-width: 197px) 100vw, 197px\" \/> <img loading=\"lazy\" decoding=\"async\" class=\"alignnone wp-image-971\" src=\"https:\/\/lauftreffhagen-emst.de\/wp-content\/uploads\/2018\/09\/IMG-20180915-WA0010-225x300.jpg\" alt=\"\" width=\"198\" height=\"264\" srcset=\"https:\/\/lauftreffhagen-emst.de\/wp-content\/uploads\/2018\/09\/IMG-20180915-WA0010-225x300.jpg 225w, https:\/\/lauftreffhagen-emst.de\/wp-content\/uploads\/2018\/09\/IMG-20180915-WA0010-768x1024.jpg 768w, https:\/\/lauftreffhagen-emst.de\/wp-content\/uploads\/2018\/09\/IMG-20180915-WA0010-940x1253.jpg 940w, https:\/\/lauftreffhagen-emst.de\/wp-content\/uploads\/2018\/09\/IMG-20180915-WA0010.jpg 1200w\" sizes=\"(max-width: 198px) 100vw, 198px\" \/><\/p>\n<p><img loading=\"lazy\" decoding=\"async\" class=\"wp-image-970 alignnone\" src=\"https:\/\/lauftreffhagen-emst.de\/wp-content\/uploads\/2018\/09\/IMG-20180915-WA0009-300x225.jpg\" alt=\"\" width=\"286\" height=\"214\" srcset=\"https:\/\/lauftreffhagen-emst.de\/wp-content\/uploads\/2018\/09\/IMG-20180915-WA0009-300x225.jpg 300w, https:\/\/lauftreffhagen-emst.de\/wp-content\/uploads\/2018\/09\/IMG-20180915-WA0009-768x576.jpg 768w, https:\/\/lauftreffhagen-emst.de\/wp-content\/uploads\/2018\/09\/IMG-20180915-WA0009-1024x768.jpg 1024w, https:\/\/lauftreffhagen-emst.de\/wp-content\/uploads\/2018\/09\/IMG-20180915-WA0009-940x705.jpg 940w, https:\/\/lauftreffhagen-emst.de\/wp-content\/uploads\/2018\/09\/IMG-20180915-WA0009.jpg 1600w\" sizes=\"(max-width: 286px) 100vw, 286px\" \/> <img loading=\"lazy\" decoding=\"async\" class=\"wp-image-969 alignnone\" src=\"https:\/\/lauftreffhagen-emst.de\/wp-content\/uploads\/2018\/09\/IMG-20180915-WA0008-300x225.jpg\" alt=\"\" width=\"286\" height=\"214\" srcset=\"https:\/\/lauftreffhagen-emst.de\/wp-content\/uploads\/2018\/09\/IMG-20180915-WA0008-300x225.jpg 300w, https:\/\/lauftreffhagen-emst.de\/wp-content\/uploads\/2018\/09\/IMG-20180915-WA0008-768x576.jpg 768w, https:\/\/lauftreffhagen-emst.de\/wp-content\/uploads\/2018\/09\/IMG-20180915-WA0008-1024x768.jpg 1024w, https:\/\/lauftreffhagen-emst.de\/wp-content\/uploads\/2018\/09\/IMG-20180915-WA0008-940x705.jpg 940w, https:\/\/lauftreffhagen-emst.de\/wp-content\/uploads\/2018\/09\/IMG-20180915-WA0008.jpg 1600w\" sizes=\"(max-width: 286px) 100vw, 286px\" \/><\/p>\n<p><img loading=\"lazy\" decoding=\"async\" class=\"wp-image-967 alignnone\" src=\"https:\/\/lauftreffhagen-emst.de\/wp-content\/uploads\/2018\/09\/IMG-20180915-WA0004-225x300.jpg\" alt=\"\" width=\"197\" height=\"263\" srcset=\"https:\/\/lauftreffhagen-emst.de\/wp-content\/uploads\/2018\/09\/IMG-20180915-WA0004-225x300.jpg 225w, https:\/\/lauftreffhagen-emst.de\/wp-content\/uploads\/2018\/09\/IMG-20180915-WA0004-768x1024.jpg 768w, https:\/\/lauftreffhagen-emst.de\/wp-content\/uploads\/2018\/09\/IMG-20180915-WA0004-940x1253.jpg 940w, https:\/\/lauftreffhagen-emst.de\/wp-content\/uploads\/2018\/09\/IMG-20180915-WA0004.jpg 1200w\" sizes=\"(max-width: 197px) 100vw, 197px\" \/> <img loading=\"lazy\" decoding=\"async\" class=\"wp-image-973 alignnone\" src=\"https:\/\/lauftreffhagen-emst.de\/wp-content\/uploads\/2018\/09\/IMG-20180915-WA0016-225x300.jpg\" alt=\"\" width=\"196\" height=\"261\" srcset=\"https:\/\/lauftreffhagen-emst.de\/wp-content\/uploads\/2018\/09\/IMG-20180915-WA0016-225x300.jpg 225w, https:\/\/lauftreffhagen-emst.de\/wp-content\/uploads\/2018\/09\/IMG-20180915-WA0016-768x1024.jpg 768w, https:\/\/lauftreffhagen-emst.de\/wp-content\/uploads\/2018\/09\/IMG-20180915-WA0016-940x1253.jpg 940w, https:\/\/lauftreffhagen-emst.de\/wp-content\/uploads\/2018\/09\/IMG-20180915-WA0016.jpg 1200w\" sizes=\"(max-width: 196px) 100vw, 196px\" \/> <img loading=\"lazy\" decoding=\"async\" class=\"wp-image-968 alignnone\" src=\"https:\/\/lauftreffhagen-emst.de\/wp-content\/uploads\/2018\/09\/IMG-20180915-WA0007-225x300.jpg\" alt=\"\" width=\"196\" height=\"262\" srcset=\"https:\/\/lauftreffhagen-emst.de\/wp-content\/uploads\/2018\/09\/IMG-20180915-WA0007-225x300.jpg 225w, https:\/\/lauftreffhagen-emst.de\/wp-content\/uploads\/2018\/09\/IMG-20180915-WA0007-768x1024.jpg 768w, https:\/\/lauftreffhagen-emst.de\/wp-content\/uploads\/2018\/09\/IMG-20180915-WA0007-940x1253.jpg 940w, https:\/\/lauftreffhagen-emst.de\/wp-content\/uploads\/2018\/09\/IMG-20180915-WA0007.jpg 1200w\" sizes=\"(max-width: 196px) 100vw, 196px\" \/><\/p>\n<p><img loading=\"lazy\" decoding=\"async\" class=\"alignnone wp-image-966\" src=\"https:\/\/lauftreffhagen-emst.de\/wp-content\/uploads\/2018\/09\/IMG-20180915-WA0002-225x300.jpg\" alt=\"\" width=\"189\" height=\"252\" srcset=\"https:\/\/lauftreffhagen-emst.de\/wp-content\/uploads\/2018\/09\/IMG-20180915-WA0002-225x300.jpg 225w, https:\/\/lauftreffhagen-emst.de\/wp-content\/uploads\/2018\/09\/IMG-20180915-WA0002-768x1024.jpg 768w, https:\/\/lauftreffhagen-emst.de\/wp-content\/uploads\/2018\/09\/IMG-20180915-WA0002-940x1253.jpg 940w, https:\/\/lauftreffhagen-emst.de\/wp-content\/uploads\/2018\/09\/IMG-20180915-WA0002.jpg 1200w\" sizes=\"(max-width: 189px) 100vw, 189px\" \/> <img loading=\"lazy\" decoding=\"async\" class=\" wp-image-964 alignnone\" src=\"https:\/\/lauftreffhagen-emst.de\/wp-content\/uploads\/2018\/09\/IMG-20180915-WA0000-238x300.jpg\" alt=\"\" width=\"202\" height=\"255\" srcset=\"https:\/\/lauftreffhagen-emst.de\/wp-content\/uploads\/2018\/09\/IMG-20180915-WA0000-238x300.jpg 238w, https:\/\/lauftreffhagen-emst.de\/wp-content\/uploads\/2018\/09\/IMG-20180915-WA0000-768x967.jpg 768w, https:\/\/lauftreffhagen-emst.de\/wp-content\/uploads\/2018\/09\/IMG-20180915-WA0000-813x1024.jpg 813w, https:\/\/lauftreffhagen-emst.de\/wp-content\/uploads\/2018\/09\/IMG-20180915-WA0000-940x1183.jpg 940w, https:\/\/lauftreffhagen-emst.de\/wp-content\/uploads\/2018\/09\/IMG-20180915-WA0000.jpg 1271w\" sizes=\"(max-width: 202px) 100vw, 202px\" \/> <img loading=\"lazy\" decoding=\"async\" class=\" wp-image-984 alignnone\" src=\"https:\/\/lauftreffhagen-emst.de\/wp-content\/uploads\/2018\/09\/IMG-20180915-WA0003-225x300.jpg\" alt=\"\" width=\"192\" height=\"256\" srcset=\"https:\/\/lauftreffhagen-emst.de\/wp-content\/uploads\/2018\/09\/IMG-20180915-WA0003-225x300.jpg 225w, https:\/\/lauftreffhagen-emst.de\/wp-content\/uploads\/2018\/09\/IMG-20180915-WA0003-768x1024.jpg 768w, https:\/\/lauftreffhagen-emst.de\/wp-content\/uploads\/2018\/09\/IMG-20180915-WA0003-940x1253.jpg 940w, https:\/\/lauftreffhagen-emst.de\/wp-content\/uploads\/2018\/09\/IMG-20180915-WA0003.jpg 1200w\" sizes=\"(max-width: 192px) 100vw, 192px\" \/><\/p>\n","protected":false},"excerpt":{"rendered":"<p>Zur von Horst organisierten Wanderung traf man sich um 10:00 Uhr auf dem Parkplatz Stadtgarten. Dann ging\u00b4s ca. 10 km \u00fcber den &#8222;Planetariumweg&#8220; zur Gastst\u00e4tte &#8222;Am Kaiser-Friedrich-Turm&#8220;. Nach einer St\u00e4rkung f\u00fchrte der R\u00fcckweg \u00fcber den Eugen-Richter-Turm und der Sternwarte wieder &#8230; <a class=\"more-link\" href=\"https:\/\/lauftreffhagen-emst.de\/?p=963\">Read More &raquo;<\/a><\/p>\n","protected":false},"author":6,"featured_media":973,"comment_status":"closed","ping_status":"open","sticky":false,"template":"","format":"standard","meta":{"footnotes":""},"categories":[1],"tags":[],"_links":{"self":[{"href":"https:\/\/lauftreffhagen-emst.de\/index.php?rest_route=\/wp\/v2\/posts\/963"}],"collection":[{"href":"https:\/\/lauftreffhagen-emst.de\/index.php?rest_route=\/wp\/v2\/posts"}],"about":[{"href":"https:\/\/lauftreffhagen-emst.de\/index.php?rest_route=\/wp\/v2\/types\/post"}],"author":[{"embeddable":true,"href":"https:\/\/lauftreffhagen-emst.de\/index.php?rest_route=\/wp\/v2\/users\/6"}],"replies":[{"embeddable":true,"href":"https:\/\/lauftreffhagen-emst.de\/index.php?rest_route=%2Fwp%2Fv2%2Fcomments&post=963"}],"version-history":[{"count":17,"href":"https:\/\/lauftreffhagen-emst.de\/index.php?rest_route=\/wp\/v2\/posts\/963\/revisions"}],"predecessor-version":[{"id":1079,"href":"https:\/\/lauftreffhagen-emst.de\/index.php?rest_route=\/wp\/v2\/posts\/963\/revisions\/1079"}],"wp:featuredmedia":[{"embeddable":true,"href":"https:\/\/lauftreffhagen-emst.de\/index.php?rest_route=\/wp\/v2\/media\/973"}],"wp:attachment":[{"href":"https:\/\/lauftreffhagen-emst.de\/index.php?rest_route=%2Fwp%2Fv2%2Fmedia&parent=963"}],"wp:term":[{"taxonomy":"category","embeddable":true,"href":"https:\/\/lauftreffhagen-emst.de\/index.php?rest_route=%2Fwp%2Fv2%2Fcategories&post=963"},{"taxonomy":"post_tag","embeddable":true,"href":"https:\/\/lauftreffhagen-emst.de\/index.php?rest_route=%2Fwp%2Fv2%2Ftags&post=963"}],"curies":[{"name":"wp","href":"https:\/\/api.w.org\/{rel}","templated":true}]}}