{"id":957,"date":"2018-09-11T11:04:37","date_gmt":"2018-09-11T11:04:37","guid":{"rendered":"http:\/\/lauftreffhagen-emst.de\/?p=957"},"modified":"2018-09-11T11:04:37","modified_gmt":"2018-09-11T11:04:37","slug":"start-in-die-winterzeit-3","status":"publish","type":"post","link":"https:\/\/lauftreffhagen-emst.de\/?p=957","title":{"rendered":"Start in die Winterzeit"},"content":{"rendered":"<p>Ab Dienstag, dem 25.09.2018 beginnt die Winterzeit beim Lauftreff Emst und die L\u00e4ufer und L\u00e4uferinnen treffen sich an der Bezirkssportanlage an der Ha\u00dfleyer Stra\u00dfe.<br \/>\nDie Termine f\u00fcr die Walker findet ihr <a title=\"Treffpunkte und Zeiten f\u00fcrs Walken\" href=\"https:\/\/lauftreffhagen-emst.de\/?page_id=25\" target=\"_blank\" rel=\"noopener\">&gt;hier&lt;<\/a>.<\/p>\n<p>Bitte denkt in der dunklen Jahreszeit an eure Reflektorwesten und bringt Licht, am besten eine kleine Taschenlampe mit.<\/p>\n","protected":false},"excerpt":{"rendered":"<p>Ab Dienstag, dem 25.09.2018 beginnt die Winterzeit beim Lauftreff Emst und die L\u00e4ufer und L\u00e4uferinnen treffen sich an der Bezirkssportanlage an der Ha\u00dfleyer Stra\u00dfe. Die Termine f\u00fcr die Walker findet ihr &gt;hier&lt;. Bitte denkt in der dunklen Jahreszeit an eure &#8230; <a class=\"more-link\" href=\"https:\/\/lauftreffhagen-emst.de\/?p=957\">Read More &raquo;<\/a><\/p>\n","protected":false},"author":1,"featured_media":0,"comment_status":"closed","ping_status":"open","sticky":false,"template":"","format":"standard","meta":{"footnotes":""},"categories":[3],"tags":[29],"_links":{"self":[{"href":"https:\/\/lauftreffhagen-emst.de\/index.php?rest_route=\/wp\/v2\/posts\/957"}],"collection":[{"href":"https:\/\/lauftreffhagen-emst.de\/index.php?rest_route=\/wp\/v2\/posts"}],"about":[{"href":"https:\/\/lauftreffhagen-emst.de\/index.php?rest_route=\/wp\/v2\/types\/post"}],"author":[{"embeddable":true,"href":"https:\/\/lauftreffhagen-emst.de\/index.php?rest_route=\/wp\/v2\/users\/1"}],"replies":[{"embeddable":true,"href":"https:\/\/lauftreffhagen-emst.de\/index.php?rest_route=%2Fwp%2Fv2%2Fcomments&post=957"}],"version-history":[{"count":1,"href":"https:\/\/lauftreffhagen-emst.de\/index.php?rest_route=\/wp\/v2\/posts\/957\/revisions"}],"predecessor-version":[{"id":958,"href":"https:\/\/lauftreffhagen-emst.de\/index.php?rest_route=\/wp\/v2\/posts\/957\/revisions\/958"}],"wp:attachment":[{"href":"https:\/\/lauftreffhagen-emst.de\/index.php?rest_route=%2Fwp%2Fv2%2Fmedia&parent=957"}],"wp:term":[{"taxonomy":"category","embeddable":true,"href":"https:\/\/lauftreffhagen-emst.de\/index.php?rest_route=%2Fwp%2Fv2%2Fcategories&post=957"},{"taxonomy":"post_tag","embeddable":true,"href":"https:\/\/lauftreffhagen-emst.de\/index.php?rest_route=%2Fwp%2Fv2%2Ftags&post=957"}],"curies":[{"name":"wp","href":"https:\/\/api.w.org\/{rel}","templated":true}]}}