{"id":916,"date":"2018-07-10T15:30:48","date_gmt":"2018-07-10T15:30:48","guid":{"rendered":"http:\/\/lauftreffhagen-emst.de\/?p=916"},"modified":"2018-07-10T15:35:10","modified_gmt":"2018-07-10T15:35:10","slug":"hospiz-spendenlauf-12-08-2018","status":"publish","type":"post","link":"https:\/\/lauftreffhagen-emst.de\/?p=916","title":{"rendered":"Hospiz Spendenlauf 12.08.2018"},"content":{"rendered":"<p>Am 12. August 2018 wird sich der Lauftreff Hagen-Emst wieder am Spendenlauf f\u00fcr das &#8222;Hospiz Am Ostpark&#8220; beteiligen. Die landschaftlich sch\u00f6ne Strecke f\u00fchrt von &#8222;Vierm\u00e4rker Eiche&#8220; Herdecke durch den Dortmunder S\u00fcden bis zum Ostpark 11 Km weitgehend bergab.<br \/>\nStartzeiten: 9:00 Uhr Spazierg\u00e4nger<br \/>\n             9:30 Uhr Walkingrunde<br \/>\n            10:00 Uhr Laufgruppe<br \/>\nStartpunkt: Vierm\u00e4rker Eiche<br \/>\nBusr\u00fcckfahrt von Hospiz bis zum Startpunkt 3\u20ac\/Ticket<\/p>\n<p>Anmeldungen sp\u00e4testens bis zum 27.07.18 bei Horst Fichtel, Tel. 02331 56310 oder am &#8222;Getr\u00e4nke-Wagen&#8220; nach dem Laufen dienstags bzw. freitags  <\/p>\n","protected":false},"excerpt":{"rendered":"<p>Am 12. August 2018 wird sich der Lauftreff Hagen-Emst wieder am Spendenlauf f\u00fcr das &#8222;Hospiz Am Ostpark&#8220; beteiligen. Die landschaftlich sch\u00f6ne Strecke f\u00fchrt von &#8222;Vierm\u00e4rker Eiche&#8220; Herdecke durch den Dortmunder S\u00fcden bis zum Ostpark 11 Km weitgehend bergab. Startzeiten: 9:00 &#8230; <a class=\"more-link\" href=\"https:\/\/lauftreffhagen-emst.de\/?p=916\">Read More &raquo;<\/a><\/p>\n","protected":false},"author":5,"featured_media":0,"comment_status":"closed","ping_status":"open","sticky":false,"template":"","format":"standard","meta":{"footnotes":""},"categories":[1],"tags":[],"_links":{"self":[{"href":"https:\/\/lauftreffhagen-emst.de\/index.php?rest_route=\/wp\/v2\/posts\/916"}],"collection":[{"href":"https:\/\/lauftreffhagen-emst.de\/index.php?rest_route=\/wp\/v2\/posts"}],"about":[{"href":"https:\/\/lauftreffhagen-emst.de\/index.php?rest_route=\/wp\/v2\/types\/post"}],"author":[{"embeddable":true,"href":"https:\/\/lauftreffhagen-emst.de\/index.php?rest_route=\/wp\/v2\/users\/5"}],"replies":[{"embeddable":true,"href":"https:\/\/lauftreffhagen-emst.de\/index.php?rest_route=%2Fwp%2Fv2%2Fcomments&post=916"}],"version-history":[{"count":3,"href":"https:\/\/lauftreffhagen-emst.de\/index.php?rest_route=\/wp\/v2\/posts\/916\/revisions"}],"predecessor-version":[{"id":920,"href":"https:\/\/lauftreffhagen-emst.de\/index.php?rest_route=\/wp\/v2\/posts\/916\/revisions\/920"}],"wp:attachment":[{"href":"https:\/\/lauftreffhagen-emst.de\/index.php?rest_route=%2Fwp%2Fv2%2Fmedia&parent=916"}],"wp:term":[{"taxonomy":"category","embeddable":true,"href":"https:\/\/lauftreffhagen-emst.de\/index.php?rest_route=%2Fwp%2Fv2%2Fcategories&post=916"},{"taxonomy":"post_tag","embeddable":true,"href":"https:\/\/lauftreffhagen-emst.de\/index.php?rest_route=%2Fwp%2Fv2%2Ftags&post=916"}],"curies":[{"name":"wp","href":"https:\/\/api.w.org\/{rel}","templated":true}]}}