{"id":895,"date":"2018-06-04T19:10:31","date_gmt":"2018-06-04T19:10:31","guid":{"rendered":"http:\/\/lauftreffhagen-emst.de\/?p=895"},"modified":"2018-06-04T19:10:31","modified_gmt":"2018-06-04T19:10:31","slug":"herdecker-city-lauf-2018","status":"publish","type":"post","link":"https:\/\/lauftreffhagen-emst.de\/?p=895","title":{"rendered":"Herdecker City-Lauf 2018"},"content":{"rendered":"<p>Der 15. Herdecker City-Lauf fand am 02. Juni 2018 in der Herdecker Innenstadt statt. Beim 5 km-Lauf nahmen auch ein paar L\u00e4ufer und L\u00e4uferinnen vom LT Hagen-Emst teil.<br \/>\nLobend zu erw\u00e4hnen ist, dass die drei auf dem Foto noch im Anf\u00e4ngerkurs sind und sich trotzdem in den Wettkampf getraut haben. Alle haben eine gute Leistung erzielt. Dabei ist der Anf\u00e4ngerkurs erst in einer Woche beendet.<\/p>\n<figure id=\"attachment_897\" aria-describedby=\"caption-attachment-897\" style=\"width: 300px\" class=\"wp-caption alignnone\"><img loading=\"lazy\" decoding=\"async\" class=\"size-medium wp-image-897\" src=\"https:\/\/lauftreffhagen-emst.de\/wp-content\/uploads\/2018\/06\/Herdecke2018_cr-300x250.jpg\" alt=\"\" width=\"300\" height=\"250\" srcset=\"https:\/\/lauftreffhagen-emst.de\/wp-content\/uploads\/2018\/06\/Herdecke2018_cr-300x250.jpg 300w, https:\/\/lauftreffhagen-emst.de\/wp-content\/uploads\/2018\/06\/Herdecke2018_cr.jpg 627w\" sizes=\"(max-width: 300px) 100vw, 300px\" \/><figcaption id=\"caption-attachment-897\" class=\"wp-caption-text\">Manfred, Stefanie und Ralf beim Herdecker Citylauf<\/figcaption><\/figure>\n","protected":false},"excerpt":{"rendered":"<p>Der 15. Herdecker City-Lauf fand am 02. Juni 2018 in der Herdecker Innenstadt statt. Beim 5 km-Lauf nahmen auch ein paar L\u00e4ufer und L\u00e4uferinnen vom LT Hagen-Emst teil. Lobend zu erw\u00e4hnen ist, dass die drei auf dem Foto noch im &#8230; <a class=\"more-link\" href=\"https:\/\/lauftreffhagen-emst.de\/?p=895\">Read More &raquo;<\/a><\/p>\n","protected":false},"author":1,"featured_media":897,"comment_status":"closed","ping_status":"open","sticky":false,"template":"","format":"standard","meta":{"footnotes":""},"categories":[22,18,4],"tags":[58,34],"_links":{"self":[{"href":"https:\/\/lauftreffhagen-emst.de\/index.php?rest_route=\/wp\/v2\/posts\/895"}],"collection":[{"href":"https:\/\/lauftreffhagen-emst.de\/index.php?rest_route=\/wp\/v2\/posts"}],"about":[{"href":"https:\/\/lauftreffhagen-emst.de\/index.php?rest_route=\/wp\/v2\/types\/post"}],"author":[{"embeddable":true,"href":"https:\/\/lauftreffhagen-emst.de\/index.php?rest_route=\/wp\/v2\/users\/1"}],"replies":[{"embeddable":true,"href":"https:\/\/lauftreffhagen-emst.de\/index.php?rest_route=%2Fwp%2Fv2%2Fcomments&post=895"}],"version-history":[{"count":1,"href":"https:\/\/lauftreffhagen-emst.de\/index.php?rest_route=\/wp\/v2\/posts\/895\/revisions"}],"predecessor-version":[{"id":898,"href":"https:\/\/lauftreffhagen-emst.de\/index.php?rest_route=\/wp\/v2\/posts\/895\/revisions\/898"}],"wp:featuredmedia":[{"embeddable":true,"href":"https:\/\/lauftreffhagen-emst.de\/index.php?rest_route=\/wp\/v2\/media\/897"}],"wp:attachment":[{"href":"https:\/\/lauftreffhagen-emst.de\/index.php?rest_route=%2Fwp%2Fv2%2Fmedia&parent=895"}],"wp:term":[{"taxonomy":"category","embeddable":true,"href":"https:\/\/lauftreffhagen-emst.de\/index.php?rest_route=%2Fwp%2Fv2%2Fcategories&post=895"},{"taxonomy":"post_tag","embeddable":true,"href":"https:\/\/lauftreffhagen-emst.de\/index.php?rest_route=%2Fwp%2Fv2%2Ftags&post=895"}],"curies":[{"name":"wp","href":"https:\/\/api.w.org\/{rel}","templated":true}]}}