{"id":795,"date":"2018-05-10T14:23:25","date_gmt":"2018-05-10T14:23:25","guid":{"rendered":"http:\/\/lauftreffhagen-emst.de\/?p=795"},"modified":"2018-05-10T15:10:05","modified_gmt":"2018-05-10T15:10:05","slug":"51-volkslauf-hagen-emst","status":"publish","type":"post","link":"https:\/\/lauftreffhagen-emst.de\/?p=795","title":{"rendered":"51. Volkslauf Hagen-Emst"},"content":{"rendered":"<p><figure id=\"attachment_799\" aria-describedby=\"caption-attachment-799\" style=\"width: 300px\" class=\"wp-caption alignnone\"><img loading=\"lazy\" decoding=\"async\" src=\"https:\/\/lauftreffhagen-emst.de\/wp-content\/uploads\/2018\/05\/IMG_4036-300x200.jpg\" alt=\"\" width=\"300\" height=\"200\" class=\"size-medium wp-image-799\" srcset=\"https:\/\/lauftreffhagen-emst.de\/wp-content\/uploads\/2018\/05\/IMG_4036-300x200.jpg 300w, https:\/\/lauftreffhagen-emst.de\/wp-content\/uploads\/2018\/05\/IMG_4036-768x512.jpg 768w, https:\/\/lauftreffhagen-emst.de\/wp-content\/uploads\/2018\/05\/IMG_4036-1024x682.jpg 1024w, https:\/\/lauftreffhagen-emst.de\/wp-content\/uploads\/2018\/05\/IMG_4036-940x626.jpg 940w, https:\/\/lauftreffhagen-emst.de\/wp-content\/uploads\/2018\/05\/IMG_4036.jpg 1400w\" sizes=\"(max-width: 300px) 100vw, 300px\" \/><figcaption id=\"caption-attachment-799\" class=\"wp-caption-text\">Heidi, Stefanie, Horst, Rani und Rolf<\/figcaption><\/figure>Traditionell am Himmelfahrtstag ging wieder der Emster Volkslauf des SC Concordia Hagen an den Start. Zum Gl\u00fcck war es nicht so hei\u00df wie noch am Vortag, was das Laufen schon ein wenig angenehmer machte. P\u00fcnktlich zum Einlauf der Halbmarathonis kam dann aber der Regen und die L\u00e4ufer und L\u00e4uferinnen wurden schon vor dem Ziel &#8222;geduscht&#8220;. Trotzdem hat es allen wieder viel Spa\u00df gemacht, an diesem landschaftlich sch\u00f6nen, aber anspruchsvollen Lauf teilzunehmen.<br \/>\n<figure id=\"attachment_803\" aria-describedby=\"caption-attachment-803\" style=\"width: 300px\" class=\"wp-caption alignnone\"><img loading=\"lazy\" decoding=\"async\" src=\"https:\/\/lauftreffhagen-emst.de\/wp-content\/uploads\/2018\/05\/IMG_3998k2-300x247.jpg\" alt=\"\" width=\"300\" height=\"247\" class=\"size-medium wp-image-803\" srcset=\"https:\/\/lauftreffhagen-emst.de\/wp-content\/uploads\/2018\/05\/IMG_3998k2-300x247.jpg 300w, https:\/\/lauftreffhagen-emst.de\/wp-content\/uploads\/2018\/05\/IMG_3998k2-768x631.jpg 768w, https:\/\/lauftreffhagen-emst.de\/wp-content\/uploads\/2018\/05\/IMG_3998k2.jpg 808w\" sizes=\"(max-width: 300px) 100vw, 300px\" \/><figcaption id=\"caption-attachment-803\" class=\"wp-caption-text\">Martina im Ziel (10 km)<\/figcaption><\/figure><br \/>\n<figure id=\"attachment_804\" aria-describedby=\"caption-attachment-804\" style=\"width: 300px\" class=\"wp-caption alignnone\"><img loading=\"lazy\" decoding=\"async\" src=\"https:\/\/lauftreffhagen-emst.de\/wp-content\/uploads\/2018\/05\/IMG_4005k2-300x202.jpg\" alt=\"\" width=\"300\" height=\"202\" class=\"size-medium wp-image-804\" srcset=\"https:\/\/lauftreffhagen-emst.de\/wp-content\/uploads\/2018\/05\/IMG_4005k2-300x202.jpg 300w, https:\/\/lauftreffhagen-emst.de\/wp-content\/uploads\/2018\/05\/IMG_4005k2-768x516.jpg 768w, https:\/\/lauftreffhagen-emst.de\/wp-content\/uploads\/2018\/05\/IMG_4005k2.jpg 795w\" sizes=\"(max-width: 300px) 100vw, 300px\" \/><figcaption id=\"caption-attachment-804\" class=\"wp-caption-text\">Fred im Ziel (10 km)<\/figcaption><\/figure><br \/>\n<figure id=\"attachment_805\" aria-describedby=\"caption-attachment-805\" style=\"width: 300px\" class=\"wp-caption alignnone\"><img loading=\"lazy\" decoding=\"async\" src=\"https:\/\/lauftreffhagen-emst.de\/wp-content\/uploads\/2018\/05\/IMG_4011k2-300x264.jpg\" alt=\"\" width=\"300\" height=\"264\" class=\"size-medium wp-image-805\" srcset=\"https:\/\/lauftreffhagen-emst.de\/wp-content\/uploads\/2018\/05\/IMG_4011k2-300x264.jpg 300w, https:\/\/lauftreffhagen-emst.de\/wp-content\/uploads\/2018\/05\/IMG_4011k2.jpg 686w\" sizes=\"(max-width: 300px) 100vw, 300px\" \/><figcaption id=\"caption-attachment-805\" class=\"wp-caption-text\">Felix (HM Rang 5)<\/figcaption><\/figure><br \/>\n<figure id=\"attachment_806\" aria-describedby=\"caption-attachment-806\" style=\"width: 300px\" class=\"wp-caption alignnone\"><img loading=\"lazy\" decoding=\"async\" src=\"https:\/\/lauftreffhagen-emst.de\/wp-content\/uploads\/2018\/05\/IMG_4015k-300x200.jpg\" alt=\"\" width=\"300\" height=\"200\" class=\"size-medium wp-image-806\" srcset=\"https:\/\/lauftreffhagen-emst.de\/wp-content\/uploads\/2018\/05\/IMG_4015k-300x200.jpg 300w, https:\/\/lauftreffhagen-emst.de\/wp-content\/uploads\/2018\/05\/IMG_4015k-768x512.jpg 768w, https:\/\/lauftreffhagen-emst.de\/wp-content\/uploads\/2018\/05\/IMG_4015k-1024x682.jpg 1024w, https:\/\/lauftreffhagen-emst.de\/wp-content\/uploads\/2018\/05\/IMG_4015k-940x626.jpg 940w, https:\/\/lauftreffhagen-emst.de\/wp-content\/uploads\/2018\/05\/IMG_4015k.jpg 1400w\" sizes=\"(max-width: 300px) 100vw, 300px\" \/><figcaption id=\"caption-attachment-806\" class=\"wp-caption-text\">Rani mit Kopfh\u00f6rer<\/figcaption><\/figure><br \/>\n<img loading=\"lazy\" decoding=\"async\" src=\"https:\/\/lauftreffhagen-emst.de\/wp-content\/uploads\/2018\/05\/IMG_4020-300x200.jpg\" alt=\"\" width=\"300\" height=\"200\" class=\"alignnone size-medium wp-image-798\" srcset=\"https:\/\/lauftreffhagen-emst.de\/wp-content\/uploads\/2018\/05\/IMG_4020-300x200.jpg 300w, https:\/\/lauftreffhagen-emst.de\/wp-content\/uploads\/2018\/05\/IMG_4020-768x512.jpg 768w, https:\/\/lauftreffhagen-emst.de\/wp-content\/uploads\/2018\/05\/IMG_4020-1024x682.jpg 1024w, https:\/\/lauftreffhagen-emst.de\/wp-content\/uploads\/2018\/05\/IMG_4020-940x626.jpg 940w, https:\/\/lauftreffhagen-emst.de\/wp-content\/uploads\/2018\/05\/IMG_4020.jpg 1400w\" sizes=\"(max-width: 300px) 100vw, 300px\" \/><br \/>\nNataliya gl\u00fccklich im Ziel (HM)<\/p>\n<p>Die folgenden Pl\u00e4tze errangen die Emster Lauftreffler:<\/p>\n<p><strong>10 km &#8211; Lauf:<\/strong><br \/>\nChristian (\u00d6bi) &#8211; Rang 83 \/ AK 3. Platz<br \/>\nHeidi &#8211;           Rang 94 \/ AK 2. Platz<br \/>\nKlaus H. &#8211;        Rang 107 \/ AK 2. Platz<br \/>\nMartina &#8211;         Rang 124 \/ AK 3. Platz<br \/>\nFred &#8211;            Rang 133 \/ AK 1. Platz<br \/>\nUte H. &#8211;          Rang 139 \/ AK 4. Platz<\/p>\n<p><strong>Halbmarathon:<\/strong><br \/>\nFelix &#8211;           Rang 5 \/ AK 1. Platz<br \/>\nRani &#8211;            Rang 37 \/ AK 4. Platz<br \/>\nNataliya &#8211;        Rang 82 \/ AK 3. Platz<br \/>\nThomas H. &#8211;       Rang 114 \/ AK 22. Platz<br \/>\nStefanie &#8211;        Rang 122 \/ AK 4. Platz<\/p>\n<p>Die gesamten Ergebnisse findet ihr <a href=\"https:\/\/time-and-voice.com\/running\/hagen-2018\/ergebnisse\" rel=\"noopener\" target=\"_blank\">HIER<\/a>.<\/p>\n","protected":false},"excerpt":{"rendered":"<p>Traditionell am Himmelfahrtstag ging wieder der Emster Volkslauf des SC Concordia Hagen an den Start. Zum Gl\u00fcck war es nicht so hei\u00df wie noch am Vortag, was das Laufen schon ein wenig angenehmer machte. P\u00fcnktlich zum Einlauf der Halbmarathonis kam &#8230; <a class=\"more-link\" href=\"https:\/\/lauftreffhagen-emst.de\/?p=795\">Read More &raquo;<\/a><\/p>\n","protected":false},"author":1,"featured_media":799,"comment_status":"closed","ping_status":"open","sticky":false,"template":"","format":"standard","meta":{"footnotes":""},"categories":[22,18,4],"tags":[17,38,16],"_links":{"self":[{"href":"https:\/\/lauftreffhagen-emst.de\/index.php?rest_route=\/wp\/v2\/posts\/795"}],"collection":[{"href":"https:\/\/lauftreffhagen-emst.de\/index.php?rest_route=\/wp\/v2\/posts"}],"about":[{"href":"https:\/\/lauftreffhagen-emst.de\/index.php?rest_route=\/wp\/v2\/types\/post"}],"author":[{"embeddable":true,"href":"https:\/\/lauftreffhagen-emst.de\/index.php?rest_route=\/wp\/v2\/users\/1"}],"replies":[{"embeddable":true,"href":"https:\/\/lauftreffhagen-emst.de\/index.php?rest_route=%2Fwp%2Fv2%2Fcomments&post=795"}],"version-history":[{"count":6,"href":"https:\/\/lauftreffhagen-emst.de\/index.php?rest_route=\/wp\/v2\/posts\/795\/revisions"}],"predecessor-version":[{"id":807,"href":"https:\/\/lauftreffhagen-emst.de\/index.php?rest_route=\/wp\/v2\/posts\/795\/revisions\/807"}],"wp:featuredmedia":[{"embeddable":true,"href":"https:\/\/lauftreffhagen-emst.de\/index.php?rest_route=\/wp\/v2\/media\/799"}],"wp:attachment":[{"href":"https:\/\/lauftreffhagen-emst.de\/index.php?rest_route=%2Fwp%2Fv2%2Fmedia&parent=795"}],"wp:term":[{"taxonomy":"category","embeddable":true,"href":"https:\/\/lauftreffhagen-emst.de\/index.php?rest_route=%2Fwp%2Fv2%2Fcategories&post=795"},{"taxonomy":"post_tag","embeddable":true,"href":"https:\/\/lauftreffhagen-emst.de\/index.php?rest_route=%2Fwp%2Fv2%2Ftags&post=795"}],"curies":[{"name":"wp","href":"https:\/\/api.w.org\/{rel}","templated":true}]}}