{"id":764,"date":"2018-03-09T11:38:11","date_gmt":"2018-03-09T11:38:11","guid":{"rendered":"http:\/\/lauftreffhagen-emst.de\/?p=764"},"modified":"2018-03-09T11:39:59","modified_gmt":"2018-03-09T11:39:59","slug":"30-jahre-lauftreff-hagen-emst","status":"publish","type":"post","link":"https:\/\/lauftreffhagen-emst.de\/?p=764","title":{"rendered":"30 Jahre Lauftreff Hagen-Emst"},"content":{"rendered":"<p>Unser Lauftreff Hagen-Emst feiert in diesem Jahr sein 30-j\u00e4hriges Bestehen. Am 1. April 1988 wurde der Lauftreff gegr\u00fcndet. Darum wollen wir mit allen aktiven L\u00e4ufern und Walkern sowie Ehemaligen am Freitrag, 15.06.2018 ab 19 Uhr im Landgasthaus Staplack feiern. Anmeldungen zur &#8222;Gartenparty&#8220; werden wegen besserer Planung bei Horst Fichtel unter 02331-56310 erw\u00fcnscht. Einzeleinheiten werden wir noch bekannt geben. <\/p>\n","protected":false},"excerpt":{"rendered":"<p>Unser Lauftreff Hagen-Emst feiert in diesem Jahr sein 30-j\u00e4hriges Bestehen. Am 1. April 1988 wurde der Lauftreff gegr\u00fcndet. Darum wollen wir mit allen aktiven L\u00e4ufern und Walkern sowie Ehemaligen am Freitrag, 15.06.2018 ab 19 Uhr im Landgasthaus Staplack feiern. Anmeldungen &#8230; <a class=\"more-link\" href=\"https:\/\/lauftreffhagen-emst.de\/?p=764\">Read More &raquo;<\/a><\/p>\n","protected":false},"author":5,"featured_media":0,"comment_status":"open","ping_status":"open","sticky":false,"template":"","format":"standard","meta":{"footnotes":""},"categories":[3],"tags":[50],"_links":{"self":[{"href":"https:\/\/lauftreffhagen-emst.de\/index.php?rest_route=\/wp\/v2\/posts\/764"}],"collection":[{"href":"https:\/\/lauftreffhagen-emst.de\/index.php?rest_route=\/wp\/v2\/posts"}],"about":[{"href":"https:\/\/lauftreffhagen-emst.de\/index.php?rest_route=\/wp\/v2\/types\/post"}],"author":[{"embeddable":true,"href":"https:\/\/lauftreffhagen-emst.de\/index.php?rest_route=\/wp\/v2\/users\/5"}],"replies":[{"embeddable":true,"href":"https:\/\/lauftreffhagen-emst.de\/index.php?rest_route=%2Fwp%2Fv2%2Fcomments&post=764"}],"version-history":[{"count":2,"href":"https:\/\/lauftreffhagen-emst.de\/index.php?rest_route=\/wp\/v2\/posts\/764\/revisions"}],"predecessor-version":[{"id":766,"href":"https:\/\/lauftreffhagen-emst.de\/index.php?rest_route=\/wp\/v2\/posts\/764\/revisions\/766"}],"wp:attachment":[{"href":"https:\/\/lauftreffhagen-emst.de\/index.php?rest_route=%2Fwp%2Fv2%2Fmedia&parent=764"}],"wp:term":[{"taxonomy":"category","embeddable":true,"href":"https:\/\/lauftreffhagen-emst.de\/index.php?rest_route=%2Fwp%2Fv2%2Fcategories&post=764"},{"taxonomy":"post_tag","embeddable":true,"href":"https:\/\/lauftreffhagen-emst.de\/index.php?rest_route=%2Fwp%2Fv2%2Ftags&post=764"}],"curies":[{"name":"wp","href":"https:\/\/api.w.org\/{rel}","templated":true}]}}