{"id":690,"date":"2017-10-23T19:00:35","date_gmt":"2017-10-23T19:00:35","guid":{"rendered":"http:\/\/lauftreffhagen-emst.de\/?p=690"},"modified":"2017-10-23T19:08:34","modified_gmt":"2017-10-23T19:08:34","slug":"dortmund-urban-trail","status":"publish","type":"post","link":"https:\/\/lauftreffhagen-emst.de\/?p=690","title":{"rendered":"Dortmund Urban Trail"},"content":{"rendered":"<figure id=\"attachment_691\" aria-describedby=\"caption-attachment-691\" style=\"width: 300px\" class=\"wp-caption alignnone\"><a href=\"https:\/\/lauftreffhagen-emst.de\/wp-content\/uploads\/2017\/10\/UrbanTrail2017.jpg\"><img loading=\"lazy\" decoding=\"async\" src=\"https:\/\/lauftreffhagen-emst.de\/wp-content\/uploads\/2017\/10\/UrbanTrail2017-300x169.jpg\" alt=\"\" width=\"300\" height=\"169\" class=\"size-medium wp-image-691\" srcset=\"https:\/\/lauftreffhagen-emst.de\/wp-content\/uploads\/2017\/10\/UrbanTrail2017-300x169.jpg 300w, https:\/\/lauftreffhagen-emst.de\/wp-content\/uploads\/2017\/10\/UrbanTrail2017-768x432.jpg 768w, https:\/\/lauftreffhagen-emst.de\/wp-content\/uploads\/2017\/10\/UrbanTrail2017-1024x576.jpg 1024w, https:\/\/lauftreffhagen-emst.de\/wp-content\/uploads\/2017\/10\/UrbanTrail2017-940x529.jpg 940w, https:\/\/lauftreffhagen-emst.de\/wp-content\/uploads\/2017\/10\/UrbanTrail2017.jpg 1040w\" sizes=\"(max-width: 300px) 100vw, 300px\" \/><\/a><figcaption id=\"caption-attachment-691\" class=\"wp-caption-text\">v.l.n.r. Stefanie ,Heidi , Eva , Petra, Christian, Bea, Horst und Andrea<\/figcaption><\/figure>\n<p>Der Dortmunder Urban-Trail-Lauf am Sonntag, 22.10.2017 war ein einzigartiges Lauferlebnis durch die Stadt und ein &#8222;Must have&#8220; f\u00fcr jeden, der Kultur und Sightseeing ohne Zeitdruck genie\u00dfen m\u00f6chte und keine Angst vor sportlichen Herausforderungen hat. Acht Emster Lauftreffler waren mit dabei und erlebten diesen au\u00dfergew\u00f6hnlichen Laufevent. Bei diesem \u201eKulturlauf\u201c gingen ca. 1000 L\u00e4ufer und L\u00e4uferinnen an den Start. Auf der 9 km langen Strecke ging es nicht nur an kulturellen Einrichtungen vorbei, sondern auch mitten hindurch. Die Strecke f\u00fchrte u.a. durch das Orchesterzentrum an der Br\u00fcckstra\u00dfe, in den Ratssaal und durch den Probsteihof. <\/p>\n","protected":false},"excerpt":{"rendered":"<p>Der Dortmunder Urban-Trail-Lauf am Sonntag, 22.10.2017 war ein einzigartiges Lauferlebnis durch die Stadt und ein &#8222;Must have&#8220; f\u00fcr jeden, der Kultur und Sightseeing ohne Zeitdruck genie\u00dfen m\u00f6chte und keine Angst vor sportlichen Herausforderungen hat. Acht Emster Lauftreffler waren mit dabei &#8230; <a class=\"more-link\" href=\"https:\/\/lauftreffhagen-emst.de\/?p=690\">Read More &raquo;<\/a><\/p>\n","protected":false},"author":1,"featured_media":691,"comment_status":"open","ping_status":"open","sticky":false,"template":"","format":"standard","meta":{"footnotes":""},"categories":[22,4],"tags":[],"_links":{"self":[{"href":"https:\/\/lauftreffhagen-emst.de\/index.php?rest_route=\/wp\/v2\/posts\/690"}],"collection":[{"href":"https:\/\/lauftreffhagen-emst.de\/index.php?rest_route=\/wp\/v2\/posts"}],"about":[{"href":"https:\/\/lauftreffhagen-emst.de\/index.php?rest_route=\/wp\/v2\/types\/post"}],"author":[{"embeddable":true,"href":"https:\/\/lauftreffhagen-emst.de\/index.php?rest_route=\/wp\/v2\/users\/1"}],"replies":[{"embeddable":true,"href":"https:\/\/lauftreffhagen-emst.de\/index.php?rest_route=%2Fwp%2Fv2%2Fcomments&post=690"}],"version-history":[{"count":4,"href":"https:\/\/lauftreffhagen-emst.de\/index.php?rest_route=\/wp\/v2\/posts\/690\/revisions"}],"predecessor-version":[{"id":695,"href":"https:\/\/lauftreffhagen-emst.de\/index.php?rest_route=\/wp\/v2\/posts\/690\/revisions\/695"}],"wp:featuredmedia":[{"embeddable":true,"href":"https:\/\/lauftreffhagen-emst.de\/index.php?rest_route=\/wp\/v2\/media\/691"}],"wp:attachment":[{"href":"https:\/\/lauftreffhagen-emst.de\/index.php?rest_route=%2Fwp%2Fv2%2Fmedia&parent=690"}],"wp:term":[{"taxonomy":"category","embeddable":true,"href":"https:\/\/lauftreffhagen-emst.de\/index.php?rest_route=%2Fwp%2Fv2%2Fcategories&post=690"},{"taxonomy":"post_tag","embeddable":true,"href":"https:\/\/lauftreffhagen-emst.de\/index.php?rest_route=%2Fwp%2Fv2%2Ftags&post=690"}],"curies":[{"name":"wp","href":"https:\/\/api.w.org\/{rel}","templated":true}]}}