{"id":686,"date":"2017-10-17T19:23:26","date_gmt":"2017-10-17T19:23:26","guid":{"rendered":"http:\/\/lauftreffhagen-emst.de\/?p=686"},"modified":"2023-09-12T07:32:28","modified_gmt":"2023-09-12T07:32:28","slug":"lauf-zu-gunsten-des-sterntaler-e-v-2017","status":"publish","type":"post","link":"https:\/\/lauftreffhagen-emst.de\/?p=686","title":{"rendered":"Lauf zu Gunsten des Sterntaler e.V. 2017"},"content":{"rendered":"<p>Beim diesj\u00e4hrigen Herdecker Lauf zu Gunsten des Sterntaler e.V. waren \u00fcber 200 Teilnehmerinnen und Teilnehmer am Start. Auch einige L\u00e4ufer und L\u00e4uferinnen des Lauftreffs Hagen-Emst waren dabei und hatten viel Spa\u00df, wie man auf dem Foto sieht. Die erste Spendenz\u00e4hlung ergab bereits eine Summe von fast 4.000 Euro. Mit diesem Geld wird der Sterntaler e.V. direkt Therapien f\u00fcr Kinder im Gemeinschaftskrankenhaus unterst\u00fctzen.<\/p>\n<figure id=\"attachment_687\" aria-describedby=\"caption-attachment-687\" style=\"width: 300px\" class=\"wp-caption alignnone\"><a href=\"https:\/\/lauftreffhagen-emst.de\/wp-content\/uploads\/2017\/10\/sterntaler2017.jpg\"><img loading=\"lazy\" decoding=\"async\" src=\"https:\/\/lauftreffhagen-emst.de\/wp-content\/uploads\/2017\/10\/sterntaler2017-300x200.jpg\" alt=\"\" width=\"300\" height=\"200\" class=\"size-medium wp-image-687\" srcset=\"https:\/\/lauftreffhagen-emst.de\/wp-content\/uploads\/2017\/10\/sterntaler2017-300x200.jpg 300w, https:\/\/lauftreffhagen-emst.de\/wp-content\/uploads\/2017\/10\/sterntaler2017-768x512.jpg 768w, https:\/\/lauftreffhagen-emst.de\/wp-content\/uploads\/2017\/10\/sterntaler2017-1024x682.jpg 1024w, https:\/\/lauftreffhagen-emst.de\/wp-content\/uploads\/2017\/10\/sterntaler2017-940x626.jpg 940w, https:\/\/lauftreffhagen-emst.de\/wp-content\/uploads\/2017\/10\/sterntaler2017.jpg 1280w\" sizes=\"(max-width: 300px) 100vw, 300px\" \/><\/a><figcaption id=\"caption-attachment-687\" class=\"wp-caption-text\">Sterntaler Lauf 2017<\/figcaption><\/figure>\n<p>Die Angebote des Sterntaler e.V. richten sich an krebskranke, chronisch kranke, fr\u00fch geborene und behinderte Kinder. Selbstverst\u00e4ndlich werden auch die betroffenen Eltern als wichtigste Bezugsperson mit einbezogen. Durch Schulung und intensive fachliche Beratung gest\u00e4rkt, sind die meisten in der Lage, ihre Kinder nach dem Klinikaufenthalt sicher und kompetent zu versorgen. All dies geschieht in enger Zusammenarbeit mit den Mitarbeitern der Klinik f\u00fcr Kinder- und Jugendmedizin des Gemeinschaftskrankenhauses in Herdecke.<\/p>\n","protected":false},"excerpt":{"rendered":"<p>Beim diesj\u00e4hrigen Herdecker Lauf zu Gunsten des Sterntaler e.V. waren \u00fcber 200 Teilnehmerinnen und Teilnehmer am Start. Auch einige L\u00e4ufer und L\u00e4uferinnen des Lauftreffs Hagen-Emst waren dabei und hatten viel Spa\u00df, wie man auf dem Foto sieht. Die erste Spendenz\u00e4hlung &#8230; <a class=\"more-link\" href=\"https:\/\/lauftreffhagen-emst.de\/?p=686\">Read More &raquo;<\/a><\/p>\n","protected":false},"author":1,"featured_media":687,"comment_status":"open","ping_status":"open","sticky":false,"template":"","format":"standard","meta":{"footnotes":""},"categories":[39,64,4],"tags":[34,21,33],"_links":{"self":[{"href":"https:\/\/lauftreffhagen-emst.de\/index.php?rest_route=\/wp\/v2\/posts\/686"}],"collection":[{"href":"https:\/\/lauftreffhagen-emst.de\/index.php?rest_route=\/wp\/v2\/posts"}],"about":[{"href":"https:\/\/lauftreffhagen-emst.de\/index.php?rest_route=\/wp\/v2\/types\/post"}],"author":[{"embeddable":true,"href":"https:\/\/lauftreffhagen-emst.de\/index.php?rest_route=\/wp\/v2\/users\/1"}],"replies":[{"embeddable":true,"href":"https:\/\/lauftreffhagen-emst.de\/index.php?rest_route=%2Fwp%2Fv2%2Fcomments&post=686"}],"version-history":[{"count":3,"href":"https:\/\/lauftreffhagen-emst.de\/index.php?rest_route=\/wp\/v2\/posts\/686\/revisions"}],"predecessor-version":[{"id":2167,"href":"https:\/\/lauftreffhagen-emst.de\/index.php?rest_route=\/wp\/v2\/posts\/686\/revisions\/2167"}],"wp:featuredmedia":[{"embeddable":true,"href":"https:\/\/lauftreffhagen-emst.de\/index.php?rest_route=\/wp\/v2\/media\/687"}],"wp:attachment":[{"href":"https:\/\/lauftreffhagen-emst.de\/index.php?rest_route=%2Fwp%2Fv2%2Fmedia&parent=686"}],"wp:term":[{"taxonomy":"category","embeddable":true,"href":"https:\/\/lauftreffhagen-emst.de\/index.php?rest_route=%2Fwp%2Fv2%2Fcategories&post=686"},{"taxonomy":"post_tag","embeddable":true,"href":"https:\/\/lauftreffhagen-emst.de\/index.php?rest_route=%2Fwp%2Fv2%2Ftags&post=686"}],"curies":[{"name":"wp","href":"https:\/\/api.w.org\/{rel}","templated":true}]}}