{"id":680,"date":"2017-09-25T19:21:12","date_gmt":"2017-09-25T19:21:12","guid":{"rendered":"http:\/\/lauftreffhagen-emst.de\/?p=680"},"modified":"2017-09-25T19:21:12","modified_gmt":"2017-09-25T19:21:12","slug":"2-brueckenlauf-wetter","status":"publish","type":"post","link":"https:\/\/lauftreffhagen-emst.de\/?p=680","title":{"rendered":"2. Br\u00fcckenlauf Wetter"},"content":{"rendered":"<p>Am 23.09.2017 startete der 2. Br\u00fcckenlauf Wetter. Es ist ein inklusives Laufevent um Br\u00fccken zu \u00fcberwinden.<br \/>\nVeranstalter ist die Behindertensportgemeinschaft 1974.<\/p>\n<p>Die Br\u00fccken sind sinnbildlich als markante Punkte beim Lauf, aber auch<br \/>\nals Verbindung von Menschen zu verstehen. Die Strecken und L\u00e4ufe sind so angelegt,<br \/>\ndass jede und jeder mitmachen kann. An allen Strecken und L\u00e4ufen k\u00f6nnen Menschen<br \/>\nmit und ohne Handicap teilnehmen. Auch vom LT Emst nahmen L\u00e4ufer und L\u00e4uferinnen teil.<br \/>\nDie Stimmung und das Wetter waren bestens und es hat den Emstern viel Spa\u00df bereitet.<br \/>\n<figure id=\"attachment_677\" aria-describedby=\"caption-attachment-677\" style=\"width: 169px\" class=\"wp-caption alignnone\"><a href=\"https:\/\/lauftreffhagen-emst.de\/wp-content\/uploads\/2017\/09\/BrueckenlaufWetter.jpg\"><img loading=\"lazy\" decoding=\"async\" src=\"https:\/\/lauftreffhagen-emst.de\/wp-content\/uploads\/2017\/09\/BrueckenlaufWetter-169x300.jpg\" alt=\"2. Br\u00fcckenlauf Wetter 2017\" width=\"169\" height=\"300\" class=\"size-medium wp-image-677\" srcset=\"https:\/\/lauftreffhagen-emst.de\/wp-content\/uploads\/2017\/09\/BrueckenlaufWetter-169x300.jpg 169w, https:\/\/lauftreffhagen-emst.de\/wp-content\/uploads\/2017\/09\/BrueckenlaufWetter-576x1024.jpg 576w, https:\/\/lauftreffhagen-emst.de\/wp-content\/uploads\/2017\/09\/BrueckenlaufWetter.jpg 585w\" sizes=\"(max-width: 169px) 100vw, 169px\" \/><\/a><figcaption id=\"caption-attachment-677\" class=\"wp-caption-text\">v. links n. rechts: Christian (\u00d6bi), Klaus H., Klaus M., Andre, Stefanie und Heidi<\/figcaption><\/figure><\/p>\n","protected":false},"excerpt":{"rendered":"<p>Am 23.09.2017 startete der 2. Br\u00fcckenlauf Wetter. Es ist ein inklusives Laufevent um Br\u00fccken zu \u00fcberwinden. Veranstalter ist die Behindertensportgemeinschaft 1974. Die Br\u00fccken sind sinnbildlich als markante Punkte beim Lauf, aber auch als Verbindung von Menschen zu verstehen. Die Strecken &#8230; <a class=\"more-link\" href=\"https:\/\/lauftreffhagen-emst.de\/?p=680\">Read More &raquo;<\/a><\/p>\n","protected":false},"author":1,"featured_media":677,"comment_status":"open","ping_status":"open","sticky":false,"template":"","format":"standard","meta":{"footnotes":""},"categories":[39,22,4],"tags":[28,46],"_links":{"self":[{"href":"https:\/\/lauftreffhagen-emst.de\/index.php?rest_route=\/wp\/v2\/posts\/680"}],"collection":[{"href":"https:\/\/lauftreffhagen-emst.de\/index.php?rest_route=\/wp\/v2\/posts"}],"about":[{"href":"https:\/\/lauftreffhagen-emst.de\/index.php?rest_route=\/wp\/v2\/types\/post"}],"author":[{"embeddable":true,"href":"https:\/\/lauftreffhagen-emst.de\/index.php?rest_route=\/wp\/v2\/users\/1"}],"replies":[{"embeddable":true,"href":"https:\/\/lauftreffhagen-emst.de\/index.php?rest_route=%2Fwp%2Fv2%2Fcomments&post=680"}],"version-history":[{"count":2,"href":"https:\/\/lauftreffhagen-emst.de\/index.php?rest_route=\/wp\/v2\/posts\/680\/revisions"}],"predecessor-version":[{"id":682,"href":"https:\/\/lauftreffhagen-emst.de\/index.php?rest_route=\/wp\/v2\/posts\/680\/revisions\/682"}],"wp:featuredmedia":[{"embeddable":true,"href":"https:\/\/lauftreffhagen-emst.de\/index.php?rest_route=\/wp\/v2\/media\/677"}],"wp:attachment":[{"href":"https:\/\/lauftreffhagen-emst.de\/index.php?rest_route=%2Fwp%2Fv2%2Fmedia&parent=680"}],"wp:term":[{"taxonomy":"category","embeddable":true,"href":"https:\/\/lauftreffhagen-emst.de\/index.php?rest_route=%2Fwp%2Fv2%2Fcategories&post=680"},{"taxonomy":"post_tag","embeddable":true,"href":"https:\/\/lauftreffhagen-emst.de\/index.php?rest_route=%2Fwp%2Fv2%2Ftags&post=680"}],"curies":[{"name":"wp","href":"https:\/\/api.w.org\/{rel}","templated":true}]}}