{"id":675,"date":"2017-09-25T19:11:38","date_gmt":"2017-09-25T19:11:38","guid":{"rendered":"http:\/\/lauftreffhagen-emst.de\/?p=675"},"modified":"2017-09-25T19:11:38","modified_gmt":"2017-09-25T19:11:38","slug":"37-gerolsteiner-brueckenlauf-des-asv-koeln","status":"publish","type":"post","link":"https:\/\/lauftreffhagen-emst.de\/?p=675","title":{"rendered":"37. Gerolsteiner Br\u00fcckenlauf des ASV K\u00f6ln\u00a0"},"content":{"rendered":"<p>Am Sonntag, 10. September 2017 haben sich einige Emster Lauftreffler am Morgen getroffen und sind um 7.15 Uhr nach K\u00f6ln gefahren. Schnell wurden die Startunterlagen abgeholt, ein bisschen die tolle und aufregende Stimmung genossen und um 10 Uhr ging es los mit strahlendem Sonnenschein \u00fcber die Rheinbr\u00fccken. Der K\u00f6lner Br\u00fcckenlauf ist immer ein tolles Laufevent und f\u00fcr Hagener L\u00e4ufer und L\u00e4uferinnen war es ein super Erlebnis.<br \/>\n<figure id=\"attachment_678\" aria-describedby=\"caption-attachment-678\" style=\"width: 300px\" class=\"wp-caption alignnone\"><a href=\"https:\/\/lauftreffhagen-emst.de\/wp-content\/uploads\/2017\/09\/KoelnerBrueckenLauf37.jpg\"><img loading=\"lazy\" decoding=\"async\" src=\"https:\/\/lauftreffhagen-emst.de\/wp-content\/uploads\/2017\/09\/KoelnerBrueckenLauf37-300x236.jpg\" alt=\"LT Emst beim 37. K\u00f6lner Br\u00fcckenlauf 2017\" width=\"300\" height=\"236\" class=\"size-medium wp-image-678\" srcset=\"https:\/\/lauftreffhagen-emst.de\/wp-content\/uploads\/2017\/09\/KoelnerBrueckenLauf37-300x236.jpg 300w, https:\/\/lauftreffhagen-emst.de\/wp-content\/uploads\/2017\/09\/KoelnerBrueckenLauf37-768x604.jpg 768w, https:\/\/lauftreffhagen-emst.de\/wp-content\/uploads\/2017\/09\/KoelnerBrueckenLauf37.jpg 916w\" sizes=\"(max-width: 300px) 100vw, 300px\" \/><\/a><figcaption id=\"caption-attachment-678\" class=\"wp-caption-text\">v. links n. rechts: Nataliya, Heidi, Bea, Martina, Stefanie, Thomas und Petra<\/figcaption><\/figure><\/p>\n","protected":false},"excerpt":{"rendered":"<p>Am Sonntag, 10. September 2017 haben sich einige Emster Lauftreffler am Morgen getroffen und sind um 7.15 Uhr nach K\u00f6ln gefahren. Schnell wurden die Startunterlagen abgeholt, ein bisschen die tolle und aufregende Stimmung genossen und um 10 Uhr ging es &#8230; <a class=\"more-link\" href=\"https:\/\/lauftreffhagen-emst.de\/?p=675\">Read More &raquo;<\/a><\/p>\n","protected":false},"author":1,"featured_media":678,"comment_status":"open","ping_status":"open","sticky":false,"template":"","format":"standard","meta":{"footnotes":""},"categories":[22,18,4],"tags":[28,27,10],"_links":{"self":[{"href":"https:\/\/lauftreffhagen-emst.de\/index.php?rest_route=\/wp\/v2\/posts\/675"}],"collection":[{"href":"https:\/\/lauftreffhagen-emst.de\/index.php?rest_route=\/wp\/v2\/posts"}],"about":[{"href":"https:\/\/lauftreffhagen-emst.de\/index.php?rest_route=\/wp\/v2\/types\/post"}],"author":[{"embeddable":true,"href":"https:\/\/lauftreffhagen-emst.de\/index.php?rest_route=\/wp\/v2\/users\/1"}],"replies":[{"embeddable":true,"href":"https:\/\/lauftreffhagen-emst.de\/index.php?rest_route=%2Fwp%2Fv2%2Fcomments&post=675"}],"version-history":[{"count":2,"href":"https:\/\/lauftreffhagen-emst.de\/index.php?rest_route=\/wp\/v2\/posts\/675\/revisions"}],"predecessor-version":[{"id":679,"href":"https:\/\/lauftreffhagen-emst.de\/index.php?rest_route=\/wp\/v2\/posts\/675\/revisions\/679"}],"wp:featuredmedia":[{"embeddable":true,"href":"https:\/\/lauftreffhagen-emst.de\/index.php?rest_route=\/wp\/v2\/media\/678"}],"wp:attachment":[{"href":"https:\/\/lauftreffhagen-emst.de\/index.php?rest_route=%2Fwp%2Fv2%2Fmedia&parent=675"}],"wp:term":[{"taxonomy":"category","embeddable":true,"href":"https:\/\/lauftreffhagen-emst.de\/index.php?rest_route=%2Fwp%2Fv2%2Fcategories&post=675"},{"taxonomy":"post_tag","embeddable":true,"href":"https:\/\/lauftreffhagen-emst.de\/index.php?rest_route=%2Fwp%2Fv2%2Ftags&post=675"}],"curies":[{"name":"wp","href":"https:\/\/api.w.org\/{rel}","templated":true}]}}