{"id":589,"date":"2017-03-28T22:26:23","date_gmt":"2017-03-28T22:26:23","guid":{"rendered":"http:\/\/lauftreffhagen-emst.de\/?p=589"},"modified":"2017-03-29T19:30:39","modified_gmt":"2017-03-29T19:30:39","slug":"sommerzeit-beim-lauftreff-2","status":"publish","type":"post","link":"https:\/\/lauftreffhagen-emst.de\/?p=589","title":{"rendered":"Sommerzeit beim Lauftreff"},"content":{"rendered":"<p>Am 04.04.2017 beginnt beim Lauftreff Hagen-Emst die Sommerzeit. F\u00fcr die L\u00e4ufer ist der Treffpunkt am Emster W\u00e4ldchen. Die Walker treffen sich je nach Gruppe (<a href=\"https:\/\/lauftreffhagen-emst.de\/?page_id=25#Sommerzeit\" title=\"Treffpunkte und Zeiten f\u00fcrs Walken\">hier klicken<\/a>).<\/p>\n","protected":false},"excerpt":{"rendered":"<p>Am 04.04.2017 beginnt beim Lauftreff Hagen-Emst die Sommerzeit. F\u00fcr die L\u00e4ufer ist der Treffpunkt am Emster W\u00e4ldchen. Die Walker treffen sich je nach Gruppe (hier klicken).<\/p>\n","protected":false},"author":1,"featured_media":0,"comment_status":"open","ping_status":"open","sticky":false,"template":"","format":"standard","meta":{"footnotes":""},"categories":[3],"tags":[36,37],"_links":{"self":[{"href":"https:\/\/lauftreffhagen-emst.de\/index.php?rest_route=\/wp\/v2\/posts\/589"}],"collection":[{"href":"https:\/\/lauftreffhagen-emst.de\/index.php?rest_route=\/wp\/v2\/posts"}],"about":[{"href":"https:\/\/lauftreffhagen-emst.de\/index.php?rest_route=\/wp\/v2\/types\/post"}],"author":[{"embeddable":true,"href":"https:\/\/lauftreffhagen-emst.de\/index.php?rest_route=\/wp\/v2\/users\/1"}],"replies":[{"embeddable":true,"href":"https:\/\/lauftreffhagen-emst.de\/index.php?rest_route=%2Fwp%2Fv2%2Fcomments&post=589"}],"version-history":[{"count":1,"href":"https:\/\/lauftreffhagen-emst.de\/index.php?rest_route=\/wp\/v2\/posts\/589\/revisions"}],"predecessor-version":[{"id":590,"href":"https:\/\/lauftreffhagen-emst.de\/index.php?rest_route=\/wp\/v2\/posts\/589\/revisions\/590"}],"wp:attachment":[{"href":"https:\/\/lauftreffhagen-emst.de\/index.php?rest_route=%2Fwp%2Fv2%2Fmedia&parent=589"}],"wp:term":[{"taxonomy":"category","embeddable":true,"href":"https:\/\/lauftreffhagen-emst.de\/index.php?rest_route=%2Fwp%2Fv2%2Fcategories&post=589"},{"taxonomy":"post_tag","embeddable":true,"href":"https:\/\/lauftreffhagen-emst.de\/index.php?rest_route=%2Fwp%2Fv2%2Ftags&post=589"}],"curies":[{"name":"wp","href":"https:\/\/api.w.org\/{rel}","templated":true}]}}