{"id":545,"date":"2016-09-20T19:04:43","date_gmt":"2016-09-20T19:04:43","guid":{"rendered":"http:\/\/lauftreffhagen-emst.de\/?p=545"},"modified":"2016-09-21T18:56:24","modified_gmt":"2016-09-21T18:56:24","slug":"start-in-die-winterzeit-2","status":"publish","type":"post","link":"https:\/\/lauftreffhagen-emst.de\/?p=545","title":{"rendered":"Start in die Winterzeit"},"content":{"rendered":"<p>Ab Dienstag, dem 20.09.2016 beginnt die Winterzeit beim Lauftreff Emst und die L\u00e4ufer und L\u00e4uferinnen treffen sich an der Bezirkssportanlage an der Ha\u00dfleyer Stra\u00dfe.<br \/>\nDie Termine f\u00fcr die Walker findet ihr <a href=\"https:\/\/lauftreffhagen-emst.de\/?page_id=25\" title=\"Treffpunkte und Zeiten f\u00fcrs Walken\" target=\"_blank\">>hier<<\/a>.<\/p>\n<p>Bitte denkt in der dunklen Jahreszeit an eure Reflektorwesten und bringt Licht, am besten eine kleine Taschenlampe mit.<\/p>\n","protected":false},"excerpt":{"rendered":"<p>Ab Dienstag, dem 20.09.2016 beginnt die Winterzeit beim Lauftreff Emst und die L\u00e4ufer und L\u00e4uferinnen treffen sich an der Bezirkssportanlage an der Ha\u00dfleyer Stra\u00dfe. Die Termine f\u00fcr die Walker findet ihr >hier<\/p>\n","protected":false},"author":1,"featured_media":0,"comment_status":"open","ping_status":"open","sticky":false,"template":"","format":"standard","meta":{"footnotes":""},"categories":[3],"tags":[30,29],"_links":{"self":[{"href":"https:\/\/lauftreffhagen-emst.de\/index.php?rest_route=\/wp\/v2\/posts\/545"}],"collection":[{"href":"https:\/\/lauftreffhagen-emst.de\/index.php?rest_route=\/wp\/v2\/posts"}],"about":[{"href":"https:\/\/lauftreffhagen-emst.de\/index.php?rest_route=\/wp\/v2\/types\/post"}],"author":[{"embeddable":true,"href":"https:\/\/lauftreffhagen-emst.de\/index.php?rest_route=\/wp\/v2\/users\/1"}],"replies":[{"embeddable":true,"href":"https:\/\/lauftreffhagen-emst.de\/index.php?rest_route=%2Fwp%2Fv2%2Fcomments&post=545"}],"version-history":[{"count":1,"href":"https:\/\/lauftreffhagen-emst.de\/index.php?rest_route=\/wp\/v2\/posts\/545\/revisions"}],"predecessor-version":[{"id":546,"href":"https:\/\/lauftreffhagen-emst.de\/index.php?rest_route=\/wp\/v2\/posts\/545\/revisions\/546"}],"wp:attachment":[{"href":"https:\/\/lauftreffhagen-emst.de\/index.php?rest_route=%2Fwp%2Fv2%2Fmedia&parent=545"}],"wp:term":[{"taxonomy":"category","embeddable":true,"href":"https:\/\/lauftreffhagen-emst.de\/index.php?rest_route=%2Fwp%2Fv2%2Fcategories&post=545"},{"taxonomy":"post_tag","embeddable":true,"href":"https:\/\/lauftreffhagen-emst.de\/index.php?rest_route=%2Fwp%2Fv2%2Ftags&post=545"}],"curies":[{"name":"wp","href":"https:\/\/api.w.org\/{rel}","templated":true}]}}