{"id":541,"date":"2016-09-11T18:47:53","date_gmt":"2016-09-11T18:47:53","guid":{"rendered":"http:\/\/lauftreffhagen-emst.de\/?p=541"},"modified":"2016-09-13T19:01:25","modified_gmt":"2016-09-13T19:01:25","slug":"36-gerolsteiner-brueckenlauf-in-koeln","status":"publish","type":"post","link":"https:\/\/lauftreffhagen-emst.de\/?p=541","title":{"rendered":"36. Gerolsteiner Br\u00fcckenlauf in K\u00f6ln"},"content":{"rendered":"<p><a href=\"https:\/\/lauftreffhagen-emst.de\/wp-content\/uploads\/2016\/09\/IMG-20160911-WA0025.jpg\" rel=\"attachment wp-att-543\"><img loading=\"lazy\" decoding=\"async\" src=\"https:\/\/lauftreffhagen-emst.de\/wp-content\/uploads\/2016\/09\/IMG-20160911-WA0025-300x169.jpg\" alt=\"IMG-20160911-WA0025\" width=\"300\" height=\"169\" class=\"alignnone size-medium wp-image-543\" srcset=\"https:\/\/lauftreffhagen-emst.de\/wp-content\/uploads\/2016\/09\/IMG-20160911-WA0025-300x169.jpg 300w, https:\/\/lauftreffhagen-emst.de\/wp-content\/uploads\/2016\/09\/IMG-20160911-WA0025-768x432.jpg 768w, https:\/\/lauftreffhagen-emst.de\/wp-content\/uploads\/2016\/09\/IMG-20160911-WA0025-1024x576.jpg 1024w, https:\/\/lauftreffhagen-emst.de\/wp-content\/uploads\/2016\/09\/IMG-20160911-WA0025-600x338.jpg 600w, https:\/\/lauftreffhagen-emst.de\/wp-content\/uploads\/2016\/09\/IMG-20160911-WA0025.jpg 1600w\" sizes=\"(max-width: 300px) 100vw, 300px\" \/><\/a>Sieben L\u00e4uferinnen und drei L\u00e4ufer vom LT Emst hatten sich am Sonntag, 11. September 2016 auf den Weg nach K\u00f6ln gemacht, um am 36. Gerolsteiner Br\u00fcckenlauf teilzunehmen. Bei sch\u00f6nem Sommerwetter ging es am  Deutschen Sport + Olympiamuseum los. Am Rheinauhafen \u00fcber die Drehr\u00fccke \u2013 Severinsbr\u00fccke und Hohenzollernbr\u00fccke ging es zum Schluss \u00fcber die Rheinpromenade zum Zieleinlauf der 15,4 km langen Strecke. Von dem Lauf, der auch \u00fcber Treppen, rauf und runter f\u00fchrte, waren unsere Emster sehr begeistert und erreichten gute Platzierungen.<\/p>\n<p>Organisiert hatte Bea die Teilnahme und unser Horst umsorgte, wie immer bestens, die L\u00e4ufer und L\u00e4uferinnen an der Strecke und im Zielbereich.<\/p>\n","protected":false},"excerpt":{"rendered":"<p>Sieben L\u00e4uferinnen und drei L\u00e4ufer vom LT Emst hatten sich am Sonntag, 11. September 2016 auf den Weg nach K\u00f6ln gemacht, um am 36. Gerolsteiner Br\u00fcckenlauf teilzunehmen. Bei sch\u00f6nem Sommerwetter ging es am Deutschen Sport + Olympiamuseum los. Am Rheinauhafen &#8230; <a class=\"more-link\" href=\"https:\/\/lauftreffhagen-emst.de\/?p=541\">Read More &raquo;<\/a><\/p>\n","protected":false},"author":1,"featured_media":543,"comment_status":"open","ping_status":"open","sticky":false,"template":"","format":"standard","meta":{"footnotes":""},"categories":[22,18,4],"tags":[28,27,10],"_links":{"self":[{"href":"https:\/\/lauftreffhagen-emst.de\/index.php?rest_route=\/wp\/v2\/posts\/541"}],"collection":[{"href":"https:\/\/lauftreffhagen-emst.de\/index.php?rest_route=\/wp\/v2\/posts"}],"about":[{"href":"https:\/\/lauftreffhagen-emst.de\/index.php?rest_route=\/wp\/v2\/types\/post"}],"author":[{"embeddable":true,"href":"https:\/\/lauftreffhagen-emst.de\/index.php?rest_route=\/wp\/v2\/users\/1"}],"replies":[{"embeddable":true,"href":"https:\/\/lauftreffhagen-emst.de\/index.php?rest_route=%2Fwp%2Fv2%2Fcomments&post=541"}],"version-history":[{"count":2,"href":"https:\/\/lauftreffhagen-emst.de\/index.php?rest_route=\/wp\/v2\/posts\/541\/revisions"}],"predecessor-version":[{"id":544,"href":"https:\/\/lauftreffhagen-emst.de\/index.php?rest_route=\/wp\/v2\/posts\/541\/revisions\/544"}],"wp:featuredmedia":[{"embeddable":true,"href":"https:\/\/lauftreffhagen-emst.de\/index.php?rest_route=\/wp\/v2\/media\/543"}],"wp:attachment":[{"href":"https:\/\/lauftreffhagen-emst.de\/index.php?rest_route=%2Fwp%2Fv2%2Fmedia&parent=541"}],"wp:term":[{"taxonomy":"category","embeddable":true,"href":"https:\/\/lauftreffhagen-emst.de\/index.php?rest_route=%2Fwp%2Fv2%2Fcategories&post=541"},{"taxonomy":"post_tag","embeddable":true,"href":"https:\/\/lauftreffhagen-emst.de\/index.php?rest_route=%2Fwp%2Fv2%2Ftags&post=541"}],"curies":[{"name":"wp","href":"https:\/\/api.w.org\/{rel}","templated":true}]}}