{"id":493,"date":"2016-05-08T20:22:29","date_gmt":"2016-05-08T20:22:29","guid":{"rendered":"http:\/\/lauftreffhagen-emst.de\/?p=493"},"modified":"2023-09-20T15:11:52","modified_gmt":"2023-09-20T15:11:52","slug":"emster-laeufer-innen-beim-49-volkslauf-auf-emst-erfolgreich","status":"publish","type":"post","link":"https:\/\/lauftreffhagen-emst.de\/?p=493","title":{"rendered":"Emster L\u00e4ufer-innen beim 49. Volkslauf auf Emst erfolgreich"},"content":{"rendered":"<p><a href=\"https:\/\/lauftreffhagen-emst.de\/wp-content\/uploads\/2016\/05\/IMG-20160505-WA0014k.jpg\" rel=\"attachment wp-att-498\"><img loading=\"lazy\" decoding=\"async\" src=\"https:\/\/lauftreffhagen-emst.de\/wp-content\/uploads\/2016\/05\/IMG-20160505-WA0014k-300x227.jpg\" alt=\"IMG-20160505-WA0014k\" width=\"300\" height=\"227\" class=\"alignnone size-medium wp-image-498\" srcset=\"https:\/\/lauftreffhagen-emst.de\/wp-content\/uploads\/2016\/05\/IMG-20160505-WA0014k-300x227.jpg 300w, https:\/\/lauftreffhagen-emst.de\/wp-content\/uploads\/2016\/05\/IMG-20160505-WA0014k-768x581.jpg 768w, https:\/\/lauftreffhagen-emst.de\/wp-content\/uploads\/2016\/05\/IMG-20160505-WA0014k-600x454.jpg 600w, https:\/\/lauftreffhagen-emst.de\/wp-content\/uploads\/2016\/05\/IMG-20160505-WA0014k.jpg 934w\" sizes=\"(max-width: 300px) 100vw, 300px\" \/><\/a>Beim Volkslauf in Hagen-Emst kamen elf Emster Lauftreffler-Innen erfolgreich ins Ziel.<br \/>\nBeim 6 km Lauf erreichte Ute Steinberg den Rang 14 ihrer AK mit 0:35:14.<br \/>\nDie meisten Lauftreffler starteten beim 10 km-Lauf. Stefen Schwan errang AK-Platz 2 mit 0:44:57.<br \/>\nNataliya Geppert wurde Erste in ihrer AK mit einer Zeit von 0:51:41 und errang Platz 3 der Gesamtwertung Frauen.<br \/>\nMark Schwan kam in seiner AK auf Platz 9 mit einer Zeit von 0:57:41.<br \/>\nHeidi Nordmeier erreichte AK-Platz 3 nachdem sie exakt nach einer Stunde gl\u00fccklich das Ziel erreichte.<br \/>\n\u00dcber den ersten Platz in seiner AK freute sich Friedhold &#8222;Fred&#8220; Eilenberger, Andre Konzarewski erreichte in seiner AK den 4.Platz.<\/p>\n<p>F\u00fcnfte AK-Pl\u00e4tze erreichten Ellen Schamach, Martina Beckmann und Ute Hegemann.<\/p>\n<p>Christian &#8222;\u00d6bi&#8220; Obst hatte sich den anspruchsvollen Halbmarathon vorgenommen und erreichte AK-Rang 14 mit einer Zeit von 2:22:08<\/p>\n<p>Die Emster Lauftreffler hatten bei sch\u00f6nstem Wetter eine Menge Spa\u00df auf der doch anspruchsvollen Strecke. Dabei hatten sie die Unterst\u00fctzung durch unsere Lauftreff-\u00dcbungsleiter Klaus M\u00fcntefering und Horst Fichtel im Zieleinlauf genossen.<\/p>\n<figure id=\"attachment_503\" aria-describedby=\"caption-attachment-503\" style=\"width: 300px\" class=\"wp-caption alignnone\"><a href=\"https:\/\/lauftreffhagen-emst.de\/wp-content\/uploads\/2016\/05\/IMG-20160505-WA0003.jpg\" rel=\"attachment wp-att-503\"><img loading=\"lazy\" decoding=\"async\" src=\"https:\/\/lauftreffhagen-emst.de\/wp-content\/uploads\/2016\/05\/IMG-20160505-WA0003-300x225.jpg\" alt=\"Nataliya freut sich \u00fcber den ersten Platz in ihrer AK\" width=\"300\" height=\"225\" class=\"size-medium wp-image-503\" srcset=\"https:\/\/lauftreffhagen-emst.de\/wp-content\/uploads\/2016\/05\/IMG-20160505-WA0003-300x225.jpg 300w, https:\/\/lauftreffhagen-emst.de\/wp-content\/uploads\/2016\/05\/IMG-20160505-WA0003-768x576.jpg 768w, https:\/\/lauftreffhagen-emst.de\/wp-content\/uploads\/2016\/05\/IMG-20160505-WA0003-1024x768.jpg 1024w, https:\/\/lauftreffhagen-emst.de\/wp-content\/uploads\/2016\/05\/IMG-20160505-WA0003-600x450.jpg 600w, https:\/\/lauftreffhagen-emst.de\/wp-content\/uploads\/2016\/05\/IMG-20160505-WA0003.jpg 1600w\" sizes=\"(max-width: 300px) 100vw, 300px\" \/><\/a><figcaption id=\"caption-attachment-503\" class=\"wp-caption-text\">Nataliya freut sich \u00fcber den ersten Platz in ihrer AK<\/figcaption><\/figure>\n<figure id=\"attachment_504\" aria-describedby=\"caption-attachment-504\" style=\"width: 169px\" class=\"wp-caption alignnone\"><a href=\"https:\/\/lauftreffhagen-emst.de\/wp-content\/uploads\/2016\/05\/IMG-20160505-WA0011.jpg\" rel=\"attachment wp-att-504\"><img loading=\"lazy\" decoding=\"async\" src=\"https:\/\/lauftreffhagen-emst.de\/wp-content\/uploads\/2016\/05\/IMG-20160505-WA0011-169x300.jpg\" alt=\"Fred ist stolz! Er wurde Erster in der AK M75.\" width=\"169\" height=\"300\" class=\"size-medium wp-image-504\" srcset=\"https:\/\/lauftreffhagen-emst.de\/wp-content\/uploads\/2016\/05\/IMG-20160505-WA0011-169x300.jpg 169w, https:\/\/lauftreffhagen-emst.de\/wp-content\/uploads\/2016\/05\/IMG-20160505-WA0011-768x1365.jpg 768w, https:\/\/lauftreffhagen-emst.de\/wp-content\/uploads\/2016\/05\/IMG-20160505-WA0011-576x1024.jpg 576w, https:\/\/lauftreffhagen-emst.de\/wp-content\/uploads\/2016\/05\/IMG-20160505-WA0011-600x1067.jpg 600w, https:\/\/lauftreffhagen-emst.de\/wp-content\/uploads\/2016\/05\/IMG-20160505-WA0011.jpg 900w\" sizes=\"(max-width: 169px) 100vw, 169px\" \/><\/a><figcaption id=\"caption-attachment-504\" class=\"wp-caption-text\">Fred ist stolz! Er wurde Erster in der AK M75.<\/figcaption><\/figure>\n<figure id=\"attachment_505\" aria-describedby=\"caption-attachment-505\" style=\"width: 300px\" class=\"wp-caption alignnone\"><a href=\"https:\/\/lauftreffhagen-emst.de\/wp-content\/uploads\/2016\/05\/IMG-20160505-WA0012.jpg\" rel=\"attachment wp-att-505\"><img loading=\"lazy\" decoding=\"async\" src=\"https:\/\/lauftreffhagen-emst.de\/wp-content\/uploads\/2016\/05\/IMG-20160505-WA0012-300x169.jpg\" alt=\"Heidi freut sich \u00fcber den dritten Platz!\" width=\"300\" height=\"169\" class=\"size-medium wp-image-505\" srcset=\"https:\/\/lauftreffhagen-emst.de\/wp-content\/uploads\/2016\/05\/IMG-20160505-WA0012-300x169.jpg 300w, https:\/\/lauftreffhagen-emst.de\/wp-content\/uploads\/2016\/05\/IMG-20160505-WA0012-768x432.jpg 768w, https:\/\/lauftreffhagen-emst.de\/wp-content\/uploads\/2016\/05\/IMG-20160505-WA0012-1024x576.jpg 1024w, https:\/\/lauftreffhagen-emst.de\/wp-content\/uploads\/2016\/05\/IMG-20160505-WA0012-600x338.jpg 600w, https:\/\/lauftreffhagen-emst.de\/wp-content\/uploads\/2016\/05\/IMG-20160505-WA0012.jpg 1600w\" sizes=\"(max-width: 300px) 100vw, 300px\" \/><\/a><figcaption id=\"caption-attachment-505\" class=\"wp-caption-text\">Heidi freut sich \u00fcber den dritten Platz!<\/figcaption><\/figure>\n","protected":false},"excerpt":{"rendered":"<p>Beim Volkslauf in Hagen-Emst kamen elf Emster Lauftreffler-Innen erfolgreich ins Ziel. Beim 6 km Lauf erreichte Ute Steinberg den Rang 14 ihrer AK mit 0:35:14. Die meisten Lauftreffler starteten beim 10 km-Lauf. Stefen Schwan errang AK-Platz 2 mit 0:44:57. Nataliya &#8230; <a class=\"more-link\" href=\"https:\/\/lauftreffhagen-emst.de\/?p=493\">Read More &raquo;<\/a><\/p>\n","protected":false},"author":1,"featured_media":498,"comment_status":"open","ping_status":"open","sticky":false,"template":"","format":"standard","meta":{"footnotes":""},"categories":[18,4],"tags":[16],"_links":{"self":[{"href":"https:\/\/lauftreffhagen-emst.de\/index.php?rest_route=\/wp\/v2\/posts\/493"}],"collection":[{"href":"https:\/\/lauftreffhagen-emst.de\/index.php?rest_route=\/wp\/v2\/posts"}],"about":[{"href":"https:\/\/lauftreffhagen-emst.de\/index.php?rest_route=\/wp\/v2\/types\/post"}],"author":[{"embeddable":true,"href":"https:\/\/lauftreffhagen-emst.de\/index.php?rest_route=\/wp\/v2\/users\/1"}],"replies":[{"embeddable":true,"href":"https:\/\/lauftreffhagen-emst.de\/index.php?rest_route=%2Fwp%2Fv2%2Fcomments&post=493"}],"version-history":[{"count":9,"href":"https:\/\/lauftreffhagen-emst.de\/index.php?rest_route=\/wp\/v2\/posts\/493\/revisions"}],"predecessor-version":[{"id":2286,"href":"https:\/\/lauftreffhagen-emst.de\/index.php?rest_route=\/wp\/v2\/posts\/493\/revisions\/2286"}],"wp:featuredmedia":[{"embeddable":true,"href":"https:\/\/lauftreffhagen-emst.de\/index.php?rest_route=\/wp\/v2\/media\/498"}],"wp:attachment":[{"href":"https:\/\/lauftreffhagen-emst.de\/index.php?rest_route=%2Fwp%2Fv2%2Fmedia&parent=493"}],"wp:term":[{"taxonomy":"category","embeddable":true,"href":"https:\/\/lauftreffhagen-emst.de\/index.php?rest_route=%2Fwp%2Fv2%2Fcategories&post=493"},{"taxonomy":"post_tag","embeddable":true,"href":"https:\/\/lauftreffhagen-emst.de\/index.php?rest_route=%2Fwp%2Fv2%2Ftags&post=493"}],"curies":[{"name":"wp","href":"https:\/\/api.w.org\/{rel}","templated":true}]}}