{"id":4694,"date":"2026-03-30T13:46:58","date_gmt":"2026-03-30T11:46:58","guid":{"rendered":"https:\/\/lauftreffhagen-emst.de\/?p=4694"},"modified":"2026-04-27T10:04:40","modified_gmt":"2026-04-27T08:04:40","slug":"19-venloop","status":"publish","type":"post","link":"https:\/\/lauftreffhagen-emst.de\/?p=4694","title":{"rendered":"19. Venloop"},"content":{"rendered":"\n<p>Der Venloop in den Niederlanden ist ein mehrt\u00e4giges Event mit verschiedenen L\u00e4ufen und Wanderungen. Vom Lauftreff Hagen-Emst waren wir mit 8 Teilnehmenden beim Halbmarathon angemeldet, der am Sonntag, dem 29. M\u00e4rz 2026 den Abschluss der Veranstaltung bildete. Claudia R., Friederike, Judith, Kira, Ralf D., Roland K., Christian und Stefan haben sich auf den Weg nach Venlo gemacht.<\/p>\n\n\n\n<figure class=\"wp-block-image size-large\"><img loading=\"lazy\" decoding=\"async\" width=\"1024\" height=\"1024\" src=\"https:\/\/lauftreffhagen-emst.de\/wp-content\/uploads\/2026\/04\/2026-03-29-Venloop-1-1024x1024.jpg\" alt=\"\" class=\"wp-image-4730\" srcset=\"https:\/\/lauftreffhagen-emst.de\/wp-content\/uploads\/2026\/04\/2026-03-29-Venloop-1-1024x1024.jpg 1024w, https:\/\/lauftreffhagen-emst.de\/wp-content\/uploads\/2026\/04\/2026-03-29-Venloop-1-300x300.jpg 300w, https:\/\/lauftreffhagen-emst.de\/wp-content\/uploads\/2026\/04\/2026-03-29-Venloop-1-150x150.jpg 150w, https:\/\/lauftreffhagen-emst.de\/wp-content\/uploads\/2026\/04\/2026-03-29-Venloop-1-768x768.jpg 768w, https:\/\/lauftreffhagen-emst.de\/wp-content\/uploads\/2026\/04\/2026-03-29-Venloop-1-940x940.jpg 940w, https:\/\/lauftreffhagen-emst.de\/wp-content\/uploads\/2026\/04\/2026-03-29-Venloop-1.jpg 1500w\" sizes=\"(max-width: 1024px) 100vw, 1024px\" \/><figcaption class=\"wp-element-caption\">Warten am Bahnsteig in Viersen. Es wurde erst sp\u00e4ter sehr voll &#8211; noch k\u00f6nnen wir unsere F\u00fc\u00dfe sehen.<\/figcaption><\/figure>\n\n\n\n<p>Vollz\u00e4hlige Gruppenbilder von uns beim Venloop gibt es leider nicht. Die Anreise hat uns allen gro\u00dfe Spontanit\u00e4t abverlangt und sich v\u00f6llig anders als geplant entwickelt. Nicht zuletzt aufgrund der Empfehlung des Veranstalters hatten wir uns entschlossen, zumindest das letzte St\u00fcck von Viersen nach Venlo mit der Bahn zu fahren, um dem prognostizierten Verkehrschaos in Venlo zu entgehen. Wer konnte damit rechnen, dass dies offenbar wohl die Allermeisten der Startenden so entschieden haben? <br>In Viersen ist es nur einem Bruchteil der Wartenden gelungen, noch in den \u00fcberf\u00fcllten Zug zu gelangen. Also mussten wir auf verschiedenen Wegen das Ziel erreichen. Gl\u00fcck im Ungl\u00fcck: Die Shuttle-Parkpl\u00e4tze in Venlo waren doch nicht \u00fcberf\u00fcllt \u2013 es haben ja (fast) alle auf die Bahn gesetzt. <br>Immerhin sind die Lauftreffler noch rechtzeitig zum Start (teilweise just in time) eingetroffen, so dass wir wenigstens den Lauf trotz\/in vollen Z\u00fcgen genie\u00dfen konnten.<\/p>\n\n\n\n<figure class=\"wp-block-gallery has-nested-images columns-default is-cropped wp-block-gallery-1 is-layout-flex wp-block-gallery-is-layout-flex\">\n<figure data-wp-context=\"{ &quot;core&quot;:\n\t\t\t\t{ &quot;image&quot;:\n\t\t\t\t\t{   &quot;imageLoaded&quot;: false,\n\t\t\t\t\t\t&quot;initialized&quot;: false,\n\t\t\t\t\t\t&quot;lightboxEnabled&quot;: false,\n\t\t\t\t\t\t&quot;hideAnimationEnabled&quot;: false,\n\t\t\t\t\t\t&quot;preloadInitialized&quot;: false,\n\t\t\t\t\t\t&quot;lightboxAnimation&quot;: &quot;zoom&quot;,\n\t\t\t\t\t\t&quot;imageUploadedSrc&quot;: &quot;https:\/\/lauftreffhagen-emst.de\/wp-content\/uploads\/2026\/04\/2026-03-29-Venloop-2.jpg&quot;,\n\t\t\t\t\t\t&quot;imageCurrentSrc&quot;: &quot;&quot;,\n\t\t\t\t\t\t&quot;targetWidth&quot;: &quot;1087&quot;,\n\t\t\t\t\t\t&quot;targetHeight&quot;: &quot;1087&quot;,\n\t\t\t\t\t\t&quot;scaleAttr&quot;: &quot;&quot;,\n\t\t\t\t\t\t&quot;dialogLabel&quot;: &quot;Vergr\u00f6\u00dfertes Bild&quot;\n\t\t\t\t\t}\n\t\t\t\t}\n\t\t\t}\" data-wp-interactive class=\"wp-block-image size-large wp-lightbox-container\"><img loading=\"lazy\" decoding=\"async\" width=\"1024\" height=\"1024\" data-wp-effect--setStylesOnResize=\"effects.core.image.setStylesOnResize\" data-wp-effect=\"effects.core.image.setButtonStyles\" data-wp-init=\"effects.core.image.initOriginImage\" data-wp-on--click=\"actions.core.image.showLightbox\" data-wp-on--load=\"actions.core.image.handleLoad\" data-id=\"4731\" src=\"https:\/\/lauftreffhagen-emst.de\/wp-content\/uploads\/2026\/04\/2026-03-29-Venloop-2-1024x1024.jpg\" alt=\"\" class=\"wp-image-4731\" srcset=\"https:\/\/lauftreffhagen-emst.de\/wp-content\/uploads\/2026\/04\/2026-03-29-Venloop-2-1024x1024.jpg 1024w, https:\/\/lauftreffhagen-emst.de\/wp-content\/uploads\/2026\/04\/2026-03-29-Venloop-2-300x300.jpg 300w, https:\/\/lauftreffhagen-emst.de\/wp-content\/uploads\/2026\/04\/2026-03-29-Venloop-2-150x150.jpg 150w, https:\/\/lauftreffhagen-emst.de\/wp-content\/uploads\/2026\/04\/2026-03-29-Venloop-2-768x768.jpg 768w, https:\/\/lauftreffhagen-emst.de\/wp-content\/uploads\/2026\/04\/2026-03-29-Venloop-2-940x940.jpg 940w, https:\/\/lauftreffhagen-emst.de\/wp-content\/uploads\/2026\/04\/2026-03-29-Venloop-2.jpg 1087w\" sizes=\"(max-width: 1024px) 100vw, 1024px\" \/><button\n\t\t\tclass=\"lightbox-trigger\"\n\t\t\ttype=\"button\"\n\t\t\taria-haspopup=\"dialog\"\n\t\t\taria-label=\"Bild vergr\u00f6\u00dfern\"\n\t\t\tdata-wp-on--click=\"actions.core.image.showLightbox\"\n\t\t\tdata-wp-style--right=\"context.core.image.imageButtonRight\"\n\t\t\tdata-wp-style--top=\"context.core.image.imageButtonTop\"\n\t\t>\n\t\t\t<svg xmlns=\"http:\/\/www.w3.org\/2000\/svg\" width=\"12\" height=\"12\" fill=\"none\" viewBox=\"0 0 12 12\">\n\t\t\t\t<path fill=\"#fff\" d=\"M2 0a2 2 0 0 0-2 2v2h1.5V2a.5.5 0 0 1 .5-.5h2V0H2Zm2 10.5H2a.5.5 0 0 1-.5-.5V8H0v2a2 2 0 0 0 2 2h2v-1.5ZM8 12v-1.5h2a.5.5 0 0 0 .5-.5V8H12v2a2 2 0 0 1-2 2H8Zm2-12a2 2 0 0 1 2 2v2h-1.5V2a.5.5 0 0 0-.5-.5H8V0h2Z\" \/>\n\t\t\t<\/svg>\n\t\t<\/button><figcaption class=\"wp-element-caption\">Wieder zusammengefunden im Julianapark: Ralf D., Judith, Stefan, Roland K., Friederike, Christian (v. l. n. r.)<\/figcaption>        <div data-wp-body=\"\" class=\"wp-lightbox-overlay zoom\"\n            data-wp-bind--role=\"selectors.core.image.roleAttribute\"\n            data-wp-bind--aria-label=\"selectors.core.image.dialogLabel\"\n            data-wp-class--initialized=\"context.core.image.initialized\"\n            data-wp-class--active=\"context.core.image.lightboxEnabled\"\n            data-wp-class--hideAnimationEnabled=\"context.core.image.hideAnimationEnabled\"\n            data-wp-bind--aria-modal=\"selectors.core.image.ariaModal\"\n            data-wp-effect=\"effects.core.image.initLightbox\"\n            data-wp-on--keydown=\"actions.core.image.handleKeydown\"\n            data-wp-on--touchstart=\"actions.core.image.handleTouchStart\"\n            data-wp-on--touchmove=\"actions.core.image.handleTouchMove\"\n            data-wp-on--touchend=\"actions.core.image.handleTouchEnd\"\n            data-wp-on--click=\"actions.core.image.hideLightbox\"\n            tabindex=\"-1\"\n            >\n                <button type=\"button\" aria-label=\"Schlie\u00dfen\" style=\"fill: #000\" class=\"close-button\" data-wp-on--click=\"actions.core.image.hideLightbox\">\n                    <svg xmlns=\"http:\/\/www.w3.org\/2000\/svg\" viewBox=\"0 0 24 24\" width=\"20\" height=\"20\" aria-hidden=\"true\" focusable=\"false\"><path d=\"M13 11.8l6.1-6.3-1-1-6.1 6.2-6.1-6.2-1 1 6.1 6.3-6.5 6.7 1 1 6.5-6.6 6.5 6.6 1-1z\"><\/path><\/svg>\n                <\/button>\n                <div class=\"lightbox-image-container\">\n<figure class=\"wp-block-image size-large responsive-image\"><img decoding=\"async\" data-wp-bind--src=\"context.core.image.imageCurrentSrc\" data-wp-style--object-fit=\"selectors.core.image.lightboxObjectFit\" data-id=\"4731\" src=\"\" alt=\"\" class=\"wp-image-4731\"\/><figcaption class=\"wp-element-caption\">Wieder zusammengefunden im Julianapark: Ralf D., Judith, Stefan, Roland K., Friederike, Christian (v. l. n. r.)<\/figcaption><\/figure>\n<\/div>\n                <div class=\"lightbox-image-container\">\n<figure class=\"wp-block-image size-large enlarged-image\"><img decoding=\"async\" data-wp-bind--src=\"selectors.core.image.enlargedImgSrc\" data-wp-style--object-fit=\"selectors.core.image.lightboxObjectFit\" data-id=\"4731\" src=\"\" alt=\"\" class=\"wp-image-4731\"\/><figcaption class=\"wp-element-caption\">Wieder zusammengefunden im Julianapark: Ralf D., Judith, Stefan, Roland K., Friederike, Christian (v. l. n. r.)<\/figcaption><\/figure>\n<\/div>\n                <div class=\"scrim\" style=\"background-color: #fff\" aria-hidden=\"true\"><\/div>\n        <\/div><\/figure>\n\n\n\n<figure data-wp-context=\"{ &quot;core&quot;:\n\t\t\t\t{ &quot;image&quot;:\n\t\t\t\t\t{   &quot;imageLoaded&quot;: false,\n\t\t\t\t\t\t&quot;initialized&quot;: false,\n\t\t\t\t\t\t&quot;lightboxEnabled&quot;: false,\n\t\t\t\t\t\t&quot;hideAnimationEnabled&quot;: false,\n\t\t\t\t\t\t&quot;preloadInitialized&quot;: false,\n\t\t\t\t\t\t&quot;lightboxAnimation&quot;: &quot;zoom&quot;,\n\t\t\t\t\t\t&quot;imageUploadedSrc&quot;: &quot;https:\/\/lauftreffhagen-emst.de\/wp-content\/uploads\/2026\/04\/2026-03-29-Venloop-3.jpg&quot;,\n\t\t\t\t\t\t&quot;imageCurrentSrc&quot;: &quot;&quot;,\n\t\t\t\t\t\t&quot;targetWidth&quot;: &quot;815&quot;,\n\t\t\t\t\t\t&quot;targetHeight&quot;: &quot;1087&quot;,\n\t\t\t\t\t\t&quot;scaleAttr&quot;: &quot;&quot;,\n\t\t\t\t\t\t&quot;dialogLabel&quot;: &quot;Vergr\u00f6\u00dfertes Bild&quot;\n\t\t\t\t\t}\n\t\t\t\t}\n\t\t\t}\" data-wp-interactive class=\"wp-block-image size-large wp-lightbox-container\"><img loading=\"lazy\" decoding=\"async\" width=\"768\" height=\"1024\" data-wp-effect--setStylesOnResize=\"effects.core.image.setStylesOnResize\" data-wp-effect=\"effects.core.image.setButtonStyles\" data-wp-init=\"effects.core.image.initOriginImage\" data-wp-on--click=\"actions.core.image.showLightbox\" data-wp-on--load=\"actions.core.image.handleLoad\" data-id=\"4733\" src=\"https:\/\/lauftreffhagen-emst.de\/wp-content\/uploads\/2026\/04\/2026-03-29-Venloop-3-768x1024.jpg\" alt=\"\" class=\"wp-image-4733\" srcset=\"https:\/\/lauftreffhagen-emst.de\/wp-content\/uploads\/2026\/04\/2026-03-29-Venloop-3-768x1024.jpg 768w, https:\/\/lauftreffhagen-emst.de\/wp-content\/uploads\/2026\/04\/2026-03-29-Venloop-3-225x300.jpg 225w, https:\/\/lauftreffhagen-emst.de\/wp-content\/uploads\/2026\/04\/2026-03-29-Venloop-3.jpg 815w\" sizes=\"(max-width: 768px) 100vw, 768px\" \/><button\n\t\t\tclass=\"lightbox-trigger\"\n\t\t\ttype=\"button\"\n\t\t\taria-haspopup=\"dialog\"\n\t\t\taria-label=\"Bild vergr\u00f6\u00dfern\"\n\t\t\tdata-wp-on--click=\"actions.core.image.showLightbox\"\n\t\t\tdata-wp-style--right=\"context.core.image.imageButtonRight\"\n\t\t\tdata-wp-style--top=\"context.core.image.imageButtonTop\"\n\t\t>\n\t\t\t<svg xmlns=\"http:\/\/www.w3.org\/2000\/svg\" width=\"12\" height=\"12\" fill=\"none\" viewBox=\"0 0 12 12\">\n\t\t\t\t<path fill=\"#fff\" d=\"M2 0a2 2 0 0 0-2 2v2h1.5V2a.5.5 0 0 1 .5-.5h2V0H2Zm2 10.5H2a.5.5 0 0 1-.5-.5V8H0v2a2 2 0 0 0 2 2h2v-1.5ZM8 12v-1.5h2a.5.5 0 0 0 .5-.5V8H12v2a2 2 0 0 1-2 2H8Zm2-12a2 2 0 0 1 2 2v2h-1.5V2a.5.5 0 0 0-.5-.5H8V0h2Z\" \/>\n\t\t\t<\/svg>\n\t\t<\/button><figcaption class=\"wp-element-caption\">Startklar: Claudia R. (links) und Kira (rechts)<\/figcaption>        <div data-wp-body=\"\" class=\"wp-lightbox-overlay zoom\"\n            data-wp-bind--role=\"selectors.core.image.roleAttribute\"\n            data-wp-bind--aria-label=\"selectors.core.image.dialogLabel\"\n            data-wp-class--initialized=\"context.core.image.initialized\"\n            data-wp-class--active=\"context.core.image.lightboxEnabled\"\n            data-wp-class--hideAnimationEnabled=\"context.core.image.hideAnimationEnabled\"\n            data-wp-bind--aria-modal=\"selectors.core.image.ariaModal\"\n            data-wp-effect=\"effects.core.image.initLightbox\"\n            data-wp-on--keydown=\"actions.core.image.handleKeydown\"\n            data-wp-on--touchstart=\"actions.core.image.handleTouchStart\"\n            data-wp-on--touchmove=\"actions.core.image.handleTouchMove\"\n            data-wp-on--touchend=\"actions.core.image.handleTouchEnd\"\n            data-wp-on--click=\"actions.core.image.hideLightbox\"\n            tabindex=\"-1\"\n            >\n                <button type=\"button\" aria-label=\"Schlie\u00dfen\" style=\"fill: #000\" class=\"close-button\" data-wp-on--click=\"actions.core.image.hideLightbox\">\n                    <svg xmlns=\"http:\/\/www.w3.org\/2000\/svg\" viewBox=\"0 0 24 24\" width=\"20\" height=\"20\" aria-hidden=\"true\" focusable=\"false\"><path d=\"M13 11.8l6.1-6.3-1-1-6.1 6.2-6.1-6.2-1 1 6.1 6.3-6.5 6.7 1 1 6.5-6.6 6.5 6.6 1-1z\"><\/path><\/svg>\n                <\/button>\n                <div class=\"lightbox-image-container\">\n<figure class=\"wp-block-image size-large responsive-image\"><img decoding=\"async\" data-wp-bind--src=\"context.core.image.imageCurrentSrc\" data-wp-style--object-fit=\"selectors.core.image.lightboxObjectFit\" data-id=\"4733\" src=\"\" alt=\"\" class=\"wp-image-4733\"\/><figcaption class=\"wp-element-caption\">Startklar: Claudia R. (links) und Kira (rechts)<\/figcaption><\/figure>\n<\/div>\n                <div class=\"lightbox-image-container\">\n<figure class=\"wp-block-image size-large enlarged-image\"><img decoding=\"async\" data-wp-bind--src=\"selectors.core.image.enlargedImgSrc\" data-wp-style--object-fit=\"selectors.core.image.lightboxObjectFit\" data-id=\"4733\" src=\"\" alt=\"\" class=\"wp-image-4733\"\/><figcaption class=\"wp-element-caption\">Startklar: Claudia R. (links) und Kira (rechts)<\/figcaption><\/figure>\n<\/div>\n                <div class=\"scrim\" style=\"background-color: #fff\" aria-hidden=\"true\"><\/div>\n        <\/div><\/figure>\n<\/figure>\n\n\n\n<p>Aber nun zum Lauf: Gut 11.000 Startende hatten sich in der Startzone entlang des Julianaparks aufgestellt und fieberten dem Start des Halbmarathons um 14:00 Uhr entgegen. Bei sonnigen 11 \u00b0C und nur vereinzelten Wolken waren die Laufbedingungen an diesem letzten M\u00e4rzwochenende ideal. <\/p>\n\n\n<div class=\"wp-block-image\">\n<figure data-wp-context=\"{ &quot;core&quot;:\n\t\t\t\t{ &quot;image&quot;:\n\t\t\t\t\t{   &quot;imageLoaded&quot;: false,\n\t\t\t\t\t\t&quot;initialized&quot;: false,\n\t\t\t\t\t\t&quot;lightboxEnabled&quot;: false,\n\t\t\t\t\t\t&quot;hideAnimationEnabled&quot;: false,\n\t\t\t\t\t\t&quot;preloadInitialized&quot;: false,\n\t\t\t\t\t\t&quot;lightboxAnimation&quot;: &quot;zoom&quot;,\n\t\t\t\t\t\t&quot;imageUploadedSrc&quot;: &quot;https:\/\/lauftreffhagen-emst.de\/wp-content\/uploads\/2026\/04\/2026-03-29-Venloop-5.jpg&quot;,\n\t\t\t\t\t\t&quot;imageCurrentSrc&quot;: &quot;&quot;,\n\t\t\t\t\t\t&quot;targetWidth&quot;: &quot;2000&quot;,\n\t\t\t\t\t\t&quot;targetHeight&quot;: &quot;1126&quot;,\n\t\t\t\t\t\t&quot;scaleAttr&quot;: &quot;&quot;,\n\t\t\t\t\t\t&quot;dialogLabel&quot;: &quot;Vergr\u00f6\u00dfertes Bild&quot;\n\t\t\t\t\t}\n\t\t\t\t}\n\t\t\t}\" data-wp-interactive class=\"alignright size-large wp-lightbox-container\"><img loading=\"lazy\" decoding=\"async\" width=\"1024\" height=\"577\" data-wp-effect--setStylesOnResize=\"effects.core.image.setStylesOnResize\" data-wp-effect=\"effects.core.image.setButtonStyles\" data-wp-init=\"effects.core.image.initOriginImage\" data-wp-on--click=\"actions.core.image.showLightbox\" data-wp-on--load=\"actions.core.image.handleLoad\" src=\"https:\/\/lauftreffhagen-emst.de\/wp-content\/uploads\/2026\/04\/2026-03-29-Venloop-5-1024x577.jpg\" alt=\"\" class=\"wp-image-4735\" srcset=\"https:\/\/lauftreffhagen-emst.de\/wp-content\/uploads\/2026\/04\/2026-03-29-Venloop-5-1024x577.jpg 1024w, https:\/\/lauftreffhagen-emst.de\/wp-content\/uploads\/2026\/04\/2026-03-29-Venloop-5-300x169.jpg 300w, https:\/\/lauftreffhagen-emst.de\/wp-content\/uploads\/2026\/04\/2026-03-29-Venloop-5-768x432.jpg 768w, https:\/\/lauftreffhagen-emst.de\/wp-content\/uploads\/2026\/04\/2026-03-29-Venloop-5-1536x865.jpg 1536w, https:\/\/lauftreffhagen-emst.de\/wp-content\/uploads\/2026\/04\/2026-03-29-Venloop-5-940x529.jpg 940w, https:\/\/lauftreffhagen-emst.de\/wp-content\/uploads\/2026\/04\/2026-03-29-Venloop-5.jpg 2000w\" sizes=\"(max-width: 1024px) 100vw, 1024px\" \/><button\n\t\t\tclass=\"lightbox-trigger\"\n\t\t\ttype=\"button\"\n\t\t\taria-haspopup=\"dialog\"\n\t\t\taria-label=\"Bild vergr\u00f6\u00dfern\"\n\t\t\tdata-wp-on--click=\"actions.core.image.showLightbox\"\n\t\t\tdata-wp-style--right=\"context.core.image.imageButtonRight\"\n\t\t\tdata-wp-style--top=\"context.core.image.imageButtonTop\"\n\t\t>\n\t\t\t<svg xmlns=\"http:\/\/www.w3.org\/2000\/svg\" width=\"12\" height=\"12\" fill=\"none\" viewBox=\"0 0 12 12\">\n\t\t\t\t<path fill=\"#fff\" d=\"M2 0a2 2 0 0 0-2 2v2h1.5V2a.5.5 0 0 1 .5-.5h2V0H2Zm2 10.5H2a.5.5 0 0 1-.5-.5V8H0v2a2 2 0 0 0 2 2h2v-1.5ZM8 12v-1.5h2a.5.5 0 0 0 .5-.5V8H12v2a2 2 0 0 1-2 2H8Zm2-12a2 2 0 0 1 2 2v2h-1.5V2a.5.5 0 0 0-.5-.5H8V0h2Z\" \/>\n\t\t\t<\/svg>\n\t\t<\/button><figcaption class=\"wp-element-caption\">In der Startaufstellung: Friederike, Roland K., Christian (v. l. n. r.)<\/figcaption>        <div data-wp-body=\"\" class=\"wp-lightbox-overlay zoom\"\n            data-wp-bind--role=\"selectors.core.image.roleAttribute\"\n            data-wp-bind--aria-label=\"selectors.core.image.dialogLabel\"\n            data-wp-class--initialized=\"context.core.image.initialized\"\n            data-wp-class--active=\"context.core.image.lightboxEnabled\"\n            data-wp-class--hideAnimationEnabled=\"context.core.image.hideAnimationEnabled\"\n            data-wp-bind--aria-modal=\"selectors.core.image.ariaModal\"\n            data-wp-effect=\"effects.core.image.initLightbox\"\n            data-wp-on--keydown=\"actions.core.image.handleKeydown\"\n            data-wp-on--touchstart=\"actions.core.image.handleTouchStart\"\n            data-wp-on--touchmove=\"actions.core.image.handleTouchMove\"\n            data-wp-on--touchend=\"actions.core.image.handleTouchEnd\"\n            data-wp-on--click=\"actions.core.image.hideLightbox\"\n            tabindex=\"-1\"\n            >\n                <button type=\"button\" aria-label=\"Schlie\u00dfen\" style=\"fill: #000\" class=\"close-button\" data-wp-on--click=\"actions.core.image.hideLightbox\">\n                    <svg xmlns=\"http:\/\/www.w3.org\/2000\/svg\" viewBox=\"0 0 24 24\" width=\"20\" height=\"20\" aria-hidden=\"true\" focusable=\"false\"><path d=\"M13 11.8l6.1-6.3-1-1-6.1 6.2-6.1-6.2-1 1 6.1 6.3-6.5 6.7 1 1 6.5-6.6 6.5 6.6 1-1z\"><\/path><\/svg>\n                <\/button>\n                <div class=\"lightbox-image-container\"><div class=\"wp-block-image\">\n<figure class=\"alignright size-large responsive-image\"><img decoding=\"async\" data-wp-bind--src=\"context.core.image.imageCurrentSrc\" data-wp-style--object-fit=\"selectors.core.image.lightboxObjectFit\" src=\"\" alt=\"\" class=\"wp-image-4735\"\/><figcaption class=\"wp-element-caption\">In der Startaufstellung: Friederike, Roland K., Christian (v. l. n. r.)<\/figcaption><\/figure><\/div><\/div>\n                <div class=\"lightbox-image-container\"><div class=\"wp-block-image\">\n<figure class=\"alignright size-large enlarged-image\"><img decoding=\"async\" data-wp-bind--src=\"selectors.core.image.enlargedImgSrc\" data-wp-style--object-fit=\"selectors.core.image.lightboxObjectFit\" src=\"\" alt=\"\" class=\"wp-image-4735\"\/><figcaption class=\"wp-element-caption\">In der Startaufstellung: Friederike, Roland K., Christian (v. l. n. r.)<\/figcaption><\/figure><\/div><\/div>\n                <div class=\"scrim\" style=\"background-color: #fff\" aria-hidden=\"true\"><\/div>\n        <\/div><\/figure><\/div>\n\n<div class=\"wp-block-image\">\n<figure class=\"alignleft size-large\"><img loading=\"lazy\" decoding=\"async\" width=\"1024\" height=\"577\" src=\"https:\/\/lauftreffhagen-emst.de\/wp-content\/uploads\/2026\/04\/2026-03-29-Venloop-4-1024x577.jpg\" alt=\"\" class=\"wp-image-4734\" srcset=\"https:\/\/lauftreffhagen-emst.de\/wp-content\/uploads\/2026\/04\/2026-03-29-Venloop-4-1024x577.jpg 1024w, https:\/\/lauftreffhagen-emst.de\/wp-content\/uploads\/2026\/04\/2026-03-29-Venloop-4-300x169.jpg 300w, https:\/\/lauftreffhagen-emst.de\/wp-content\/uploads\/2026\/04\/2026-03-29-Venloop-4-768x432.jpg 768w, https:\/\/lauftreffhagen-emst.de\/wp-content\/uploads\/2026\/04\/2026-03-29-Venloop-4-1536x865.jpg 1536w, https:\/\/lauftreffhagen-emst.de\/wp-content\/uploads\/2026\/04\/2026-03-29-Venloop-4-940x529.jpg 940w, https:\/\/lauftreffhagen-emst.de\/wp-content\/uploads\/2026\/04\/2026-03-29-Venloop-4.jpg 2000w\" sizes=\"(max-width: 1024px) 100vw, 1024px\" \/><figcaption class=\"wp-element-caption\">Das vor uns in der Startaufstellung ist noch nicht der Start. So weit vorne waren wir nicht eingereiht&#8230;<\/figcaption><\/figure><\/div>\n\n\n<p>Entlang der gesamten Strecke herrschte Volksfeststimmung. Auch durch die Vororte reihten sich die Zuschauer aneinander, die alle Laufenden unerm\u00fcdlich anfeuerten. An musikalischer Begleitung wurde ebenfalls nicht gespart. Von Lautsprechern im Vorgarten, \u00fcber DJs bis zur Blaskapelle wurde ein weit gef\u00e4chertes Programm pr\u00e4sentiert. Uns wurde ordentlich eingeheizt und diese einzigartige Atmosph\u00e4re hat uns vom Start bis ins Ziel begleitet.<\/p>\n\n\n\n<p>Folgende Zeiten wurden erzielt: Stefan 1:38:37 h, Friederike 1:52:44 h, Christian 1:58:57 h, Judith 2:08:01 h, Roland K. 2:09:12 h, Ralf D. 2:22:59 h, Claudia R. 2:29:11 h, Kira 2:42:38h.<\/p>\n\n\n\n<figure data-wp-context=\"{ &quot;core&quot;:\n\t\t\t\t{ &quot;image&quot;:\n\t\t\t\t\t{   &quot;imageLoaded&quot;: false,\n\t\t\t\t\t\t&quot;initialized&quot;: false,\n\t\t\t\t\t\t&quot;lightboxEnabled&quot;: false,\n\t\t\t\t\t\t&quot;hideAnimationEnabled&quot;: false,\n\t\t\t\t\t\t&quot;preloadInitialized&quot;: false,\n\t\t\t\t\t\t&quot;lightboxAnimation&quot;: &quot;zoom&quot;,\n\t\t\t\t\t\t&quot;imageUploadedSrc&quot;: &quot;https:\/\/lauftreffhagen-emst.de\/wp-content\/uploads\/2026\/04\/2026-03-29-Venloop-6.jpg&quot;,\n\t\t\t\t\t\t&quot;imageCurrentSrc&quot;: &quot;&quot;,\n\t\t\t\t\t\t&quot;targetWidth&quot;: &quot;2000&quot;,\n\t\t\t\t\t\t&quot;targetHeight&quot;: &quot;1126&quot;,\n\t\t\t\t\t\t&quot;scaleAttr&quot;: &quot;&quot;,\n\t\t\t\t\t\t&quot;dialogLabel&quot;: &quot;Vergr\u00f6\u00dfertes Bild&quot;\n\t\t\t\t\t}\n\t\t\t\t}\n\t\t\t}\" data-wp-interactive class=\"wp-block-image size-large wp-lightbox-container\"><img loading=\"lazy\" decoding=\"async\" width=\"1024\" height=\"577\" data-wp-effect--setStylesOnResize=\"effects.core.image.setStylesOnResize\" data-wp-effect=\"effects.core.image.setButtonStyles\" data-wp-init=\"effects.core.image.initOriginImage\" data-wp-on--click=\"actions.core.image.showLightbox\" data-wp-on--load=\"actions.core.image.handleLoad\" src=\"https:\/\/lauftreffhagen-emst.de\/wp-content\/uploads\/2026\/04\/2026-03-29-Venloop-6-1024x577.jpg\" alt=\"\" class=\"wp-image-4736\" srcset=\"https:\/\/lauftreffhagen-emst.de\/wp-content\/uploads\/2026\/04\/2026-03-29-Venloop-6-1024x577.jpg 1024w, https:\/\/lauftreffhagen-emst.de\/wp-content\/uploads\/2026\/04\/2026-03-29-Venloop-6-300x169.jpg 300w, https:\/\/lauftreffhagen-emst.de\/wp-content\/uploads\/2026\/04\/2026-03-29-Venloop-6-768x432.jpg 768w, https:\/\/lauftreffhagen-emst.de\/wp-content\/uploads\/2026\/04\/2026-03-29-Venloop-6-1536x865.jpg 1536w, https:\/\/lauftreffhagen-emst.de\/wp-content\/uploads\/2026\/04\/2026-03-29-Venloop-6-940x529.jpg 940w, https:\/\/lauftreffhagen-emst.de\/wp-content\/uploads\/2026\/04\/2026-03-29-Venloop-6.jpg 2000w\" sizes=\"(max-width: 1024px) 100vw, 1024px\" \/><button\n\t\t\tclass=\"lightbox-trigger\"\n\t\t\ttype=\"button\"\n\t\t\taria-haspopup=\"dialog\"\n\t\t\taria-label=\"Bild vergr\u00f6\u00dfern\"\n\t\t\tdata-wp-on--click=\"actions.core.image.showLightbox\"\n\t\t\tdata-wp-style--right=\"context.core.image.imageButtonRight\"\n\t\t\tdata-wp-style--top=\"context.core.image.imageButtonTop\"\n\t\t>\n\t\t\t<svg xmlns=\"http:\/\/www.w3.org\/2000\/svg\" width=\"12\" height=\"12\" fill=\"none\" viewBox=\"0 0 12 12\">\n\t\t\t\t<path fill=\"#fff\" d=\"M2 0a2 2 0 0 0-2 2v2h1.5V2a.5.5 0 0 1 .5-.5h2V0H2Zm2 10.5H2a.5.5 0 0 1-.5-.5V8H0v2a2 2 0 0 0 2 2h2v-1.5ZM8 12v-1.5h2a.5.5 0 0 0 .5-.5V8H12v2a2 2 0 0 1-2 2H8Zm2-12a2 2 0 0 1 2 2v2h-1.5V2a.5.5 0 0 0-.5-.5H8V0h2Z\" \/>\n\t\t\t<\/svg>\n\t\t<\/button><figcaption class=\"wp-element-caption\">Nach dem Lauf: Friederike, Stefan, Christian (v. l. n. r.)<\/figcaption>        <div data-wp-body=\"\" class=\"wp-lightbox-overlay zoom\"\n            data-wp-bind--role=\"selectors.core.image.roleAttribute\"\n            data-wp-bind--aria-label=\"selectors.core.image.dialogLabel\"\n            data-wp-class--initialized=\"context.core.image.initialized\"\n            data-wp-class--active=\"context.core.image.lightboxEnabled\"\n            data-wp-class--hideAnimationEnabled=\"context.core.image.hideAnimationEnabled\"\n            data-wp-bind--aria-modal=\"selectors.core.image.ariaModal\"\n            data-wp-effect=\"effects.core.image.initLightbox\"\n            data-wp-on--keydown=\"actions.core.image.handleKeydown\"\n            data-wp-on--touchstart=\"actions.core.image.handleTouchStart\"\n            data-wp-on--touchmove=\"actions.core.image.handleTouchMove\"\n            data-wp-on--touchend=\"actions.core.image.handleTouchEnd\"\n            data-wp-on--click=\"actions.core.image.hideLightbox\"\n            tabindex=\"-1\"\n            >\n                <button type=\"button\" aria-label=\"Schlie\u00dfen\" style=\"fill: #000\" class=\"close-button\" data-wp-on--click=\"actions.core.image.hideLightbox\">\n                    <svg xmlns=\"http:\/\/www.w3.org\/2000\/svg\" viewBox=\"0 0 24 24\" width=\"20\" height=\"20\" aria-hidden=\"true\" focusable=\"false\"><path d=\"M13 11.8l6.1-6.3-1-1-6.1 6.2-6.1-6.2-1 1 6.1 6.3-6.5 6.7 1 1 6.5-6.6 6.5 6.6 1-1z\"><\/path><\/svg>\n                <\/button>\n                <div class=\"lightbox-image-container\">\n<figure class=\"wp-block-image size-large responsive-image\"><img decoding=\"async\" data-wp-bind--src=\"context.core.image.imageCurrentSrc\" data-wp-style--object-fit=\"selectors.core.image.lightboxObjectFit\" src=\"\" alt=\"\" class=\"wp-image-4736\"\/><figcaption class=\"wp-element-caption\">Nach dem Lauf: Friederike, Stefan, Christian (v. l. n. r.)<\/figcaption><\/figure>\n<\/div>\n                <div class=\"lightbox-image-container\">\n<figure class=\"wp-block-image size-large enlarged-image\"><img decoding=\"async\" data-wp-bind--src=\"selectors.core.image.enlargedImgSrc\" data-wp-style--object-fit=\"selectors.core.image.lightboxObjectFit\" src=\"\" alt=\"\" class=\"wp-image-4736\"\/><figcaption class=\"wp-element-caption\">Nach dem Lauf: Friederike, Stefan, Christian (v. l. n. r.)<\/figcaption><\/figure>\n<\/div>\n                <div class=\"scrim\" style=\"background-color: #fff\" aria-hidden=\"true\"><\/div>\n        <\/div><\/figure>\n\n\n\n<p>Eine Wiederholung im n\u00e4chsten Jahr ist nicht ausgeschlossen. Bleibt nur noch abzuw\u00e4gen, ob wir f\u00fcr die Anreise aufs Auto setzen, oder doch wieder die Bahn nehmen. Was passiert, wenn alle, die dieses Jahr negative Erfahrungen mit der Bahn gemacht haben, n\u00e4chstes Jahr mit dem Fahrzeug anreisen? Fortsetzung folgt\u2026<\/p>\n","protected":false},"excerpt":{"rendered":"<p>Der Venloop in den Niederlanden ist ein mehrt\u00e4giges Event mit verschiedenen L\u00e4ufen und Wanderungen. Vom Lauftreff Hagen-Emst waren wir mit 8 Teilnehmenden beim Halbmarathon angemeldet, der am Sonntag, dem 29. M\u00e4rz 2026 den Abschluss der Veranstaltung bildete. Claudia R., Friederike, &#8230; <a class=\"more-link\" href=\"https:\/\/lauftreffhagen-emst.de\/?p=4694\">Read More &raquo;<\/a><\/p>\n","protected":false},"author":7,"featured_media":4730,"comment_status":"closed","ping_status":"open","sticky":false,"template":"","format":"standard","meta":{"footnotes":""},"categories":[22,18,4],"tags":[104,10],"_links":{"self":[{"href":"https:\/\/lauftreffhagen-emst.de\/index.php?rest_route=\/wp\/v2\/posts\/4694"}],"collection":[{"href":"https:\/\/lauftreffhagen-emst.de\/index.php?rest_route=\/wp\/v2\/posts"}],"about":[{"href":"https:\/\/lauftreffhagen-emst.de\/index.php?rest_route=\/wp\/v2\/types\/post"}],"author":[{"embeddable":true,"href":"https:\/\/lauftreffhagen-emst.de\/index.php?rest_route=\/wp\/v2\/users\/7"}],"replies":[{"embeddable":true,"href":"https:\/\/lauftreffhagen-emst.de\/index.php?rest_route=%2Fwp%2Fv2%2Fcomments&post=4694"}],"version-history":[{"count":8,"href":"https:\/\/lauftreffhagen-emst.de\/index.php?rest_route=\/wp\/v2\/posts\/4694\/revisions"}],"predecessor-version":[{"id":4754,"href":"https:\/\/lauftreffhagen-emst.de\/index.php?rest_route=\/wp\/v2\/posts\/4694\/revisions\/4754"}],"wp:featuredmedia":[{"embeddable":true,"href":"https:\/\/lauftreffhagen-emst.de\/index.php?rest_route=\/wp\/v2\/media\/4730"}],"wp:attachment":[{"href":"https:\/\/lauftreffhagen-emst.de\/index.php?rest_route=%2Fwp%2Fv2%2Fmedia&parent=4694"}],"wp:term":[{"taxonomy":"category","embeddable":true,"href":"https:\/\/lauftreffhagen-emst.de\/index.php?rest_route=%2Fwp%2Fv2%2Fcategories&post=4694"},{"taxonomy":"post_tag","embeddable":true,"href":"https:\/\/lauftreffhagen-emst.de\/index.php?rest_route=%2Fwp%2Fv2%2Ftags&post=4694"}],"curies":[{"name":"wp","href":"https:\/\/api.w.org\/{rel}","templated":true}]}}