{"id":467,"date":"2016-03-23T19:46:55","date_gmt":"2016-03-23T19:46:55","guid":{"rendered":"http:\/\/lauftreffhagen-emst.de\/?p=467"},"modified":"2016-03-23T20:17:37","modified_gmt":"2016-03-23T20:17:37","slug":"sommerzeit-beim-lauftreff","status":"publish","type":"post","link":"https:\/\/lauftreffhagen-emst.de\/?p=467","title":{"rendered":"Sommerzeit beim Lauftreff"},"content":{"rendered":"<p>Am 05.04.2016 beginnt beim Lauftreff Hagen-Emst die Sommerzeit. F\u00fcr die L\u00e4ufer ist der Treffpunkt am Emster W\u00e4ldchen. Die Walker treffen sich je nach Gruppe (<a href=\"https:\/\/lauftreffhagen-emst.de\/?page_id=25#Sommerzeit\" title=\"Treffpunkte und Zeiten f\u00fcrs Walken\">hier klicken<\/a>).<\/p>\n","protected":false},"excerpt":{"rendered":"<p>Am 05.04.2016 beginnt beim Lauftreff Hagen-Emst die Sommerzeit. F\u00fcr die L\u00e4ufer ist der Treffpunkt am Emster W\u00e4ldchen. Die Walker treffen sich je nach Gruppe (hier klicken).<\/p>\n","protected":false},"author":1,"featured_media":0,"comment_status":"open","ping_status":"open","sticky":false,"template":"","format":"standard","meta":{"footnotes":""},"categories":[3],"tags":[],"_links":{"self":[{"href":"https:\/\/lauftreffhagen-emst.de\/index.php?rest_route=\/wp\/v2\/posts\/467"}],"collection":[{"href":"https:\/\/lauftreffhagen-emst.de\/index.php?rest_route=\/wp\/v2\/posts"}],"about":[{"href":"https:\/\/lauftreffhagen-emst.de\/index.php?rest_route=\/wp\/v2\/types\/post"}],"author":[{"embeddable":true,"href":"https:\/\/lauftreffhagen-emst.de\/index.php?rest_route=\/wp\/v2\/users\/1"}],"replies":[{"embeddable":true,"href":"https:\/\/lauftreffhagen-emst.de\/index.php?rest_route=%2Fwp%2Fv2%2Fcomments&post=467"}],"version-history":[{"count":1,"href":"https:\/\/lauftreffhagen-emst.de\/index.php?rest_route=\/wp\/v2\/posts\/467\/revisions"}],"predecessor-version":[{"id":468,"href":"https:\/\/lauftreffhagen-emst.de\/index.php?rest_route=\/wp\/v2\/posts\/467\/revisions\/468"}],"wp:attachment":[{"href":"https:\/\/lauftreffhagen-emst.de\/index.php?rest_route=%2Fwp%2Fv2%2Fmedia&parent=467"}],"wp:term":[{"taxonomy":"category","embeddable":true,"href":"https:\/\/lauftreffhagen-emst.de\/index.php?rest_route=%2Fwp%2Fv2%2Fcategories&post=467"},{"taxonomy":"post_tag","embeddable":true,"href":"https:\/\/lauftreffhagen-emst.de\/index.php?rest_route=%2Fwp%2Fv2%2Ftags&post=467"}],"curies":[{"name":"wp","href":"https:\/\/api.w.org\/{rel}","templated":true}]}}