{"id":458,"date":"2016-01-03T10:44:00","date_gmt":"2016-01-03T10:44:00","guid":{"rendered":"http:\/\/lauftreffhagen-emst.de\/?p=458"},"modified":"2023-10-30T20:37:42","modified_gmt":"2023-10-30T20:37:42","slug":"silversterlauf-werl-soest","status":"publish","type":"post","link":"https:\/\/lauftreffhagen-emst.de\/?p=458","title":{"rendered":"Silversterlauf Werl-Soest"},"content":{"rendered":"<figure id=\"attachment_463\" aria-describedby=\"caption-attachment-463\" style=\"width: 225px\" class=\"wp-caption alignnone\"><a href=\"https:\/\/lauftreffhagen-emst.de\/wp-content\/uploads\/2016\/01\/Silvesterlauf2015_3k2.jpg\" rel=\"attachment wp-att-463\"><img loading=\"lazy\" decoding=\"async\" class=\"size-medium wp-image-463\" src=\"https:\/\/lauftreffhagen-emst.de\/wp-content\/uploads\/2016\/01\/Silvesterlauf2015_3k2-225x300.jpg\" alt=\"Silversterlauf 2015\" width=\"225\" height=\"300\" srcset=\"https:\/\/lauftreffhagen-emst.de\/wp-content\/uploads\/2016\/01\/Silvesterlauf2015_3k2-225x300.jpg 225w, https:\/\/lauftreffhagen-emst.de\/wp-content\/uploads\/2016\/01\/Silvesterlauf2015_3k2.jpg 768w, https:\/\/lauftreffhagen-emst.de\/wp-content\/uploads\/2016\/01\/Silvesterlauf2015_3k2-600x800.jpg 600w\" sizes=\"(max-width: 225px) 100vw, 225px\" \/><\/a><figcaption id=\"caption-attachment-463\" class=\"wp-caption-text\">von links: Martina, Ralf, Petra, Roland<\/figcaption><\/figure>\n<p>Vier L\u00e4ufer und L\u00e4uferinnen vom LT Hagen-Emst waren beim Silvesterlauf 2015 Werl-Soest mit am Start. Mit \u00fcber 6000 L\u00e4ufern und den vielen begeisterten Zuschauern war es ein tolles Laufgef\u00fchl. Die Vier haben sich fest vorgenommen, Silvester 2016 wieder dabei zu sein, und w\u00fcrden sich freuen, wenn noch mehr Hagen-Emster L\u00e4ufer und L\u00e4uferinnen teilnehmen w\u00fcrden. Die Online-Anmeldung f\u00fcr 2016 ist voraussichtlich ab April m\u00f6glich.<\/p>\n","protected":false},"excerpt":{"rendered":"<p>Vier L\u00e4ufer und L\u00e4uferinnen vom LT Hagen-Emst waren beim Silvesterlauf 2015 Werl-Soest mit am Start. Mit \u00fcber 6000 L\u00e4ufern und den vielen begeisterten Zuschauern war es ein tolles Laufgef\u00fchl. Die Vier haben sich fest vorgenommen, Silvester 2016 wieder dabei zu &#8230; <a class=\"more-link\" href=\"https:\/\/lauftreffhagen-emst.de\/?p=458\">Read More &raquo;<\/a><\/p>\n","protected":false},"author":1,"featured_media":463,"comment_status":"open","ping_status":"open","sticky":false,"template":"","format":"standard","meta":{"footnotes":""},"categories":[22,18,4],"tags":[49,14,13,10],"_links":{"self":[{"href":"https:\/\/lauftreffhagen-emst.de\/index.php?rest_route=\/wp\/v2\/posts\/458"}],"collection":[{"href":"https:\/\/lauftreffhagen-emst.de\/index.php?rest_route=\/wp\/v2\/posts"}],"about":[{"href":"https:\/\/lauftreffhagen-emst.de\/index.php?rest_route=\/wp\/v2\/types\/post"}],"author":[{"embeddable":true,"href":"https:\/\/lauftreffhagen-emst.de\/index.php?rest_route=\/wp\/v2\/users\/1"}],"replies":[{"embeddable":true,"href":"https:\/\/lauftreffhagen-emst.de\/index.php?rest_route=%2Fwp%2Fv2%2Fcomments&post=458"}],"version-history":[{"count":6,"href":"https:\/\/lauftreffhagen-emst.de\/index.php?rest_route=\/wp\/v2\/posts\/458\/revisions"}],"predecessor-version":[{"id":2454,"href":"https:\/\/lauftreffhagen-emst.de\/index.php?rest_route=\/wp\/v2\/posts\/458\/revisions\/2454"}],"wp:featuredmedia":[{"embeddable":true,"href":"https:\/\/lauftreffhagen-emst.de\/index.php?rest_route=\/wp\/v2\/media\/463"}],"wp:attachment":[{"href":"https:\/\/lauftreffhagen-emst.de\/index.php?rest_route=%2Fwp%2Fv2%2Fmedia&parent=458"}],"wp:term":[{"taxonomy":"category","embeddable":true,"href":"https:\/\/lauftreffhagen-emst.de\/index.php?rest_route=%2Fwp%2Fv2%2Fcategories&post=458"},{"taxonomy":"post_tag","embeddable":true,"href":"https:\/\/lauftreffhagen-emst.de\/index.php?rest_route=%2Fwp%2Fv2%2Ftags&post=458"}],"curies":[{"name":"wp","href":"https:\/\/api.w.org\/{rel}","templated":true}]}}