{"id":4398,"date":"2025-11-13T22:02:00","date_gmt":"2025-11-13T21:02:00","guid":{"rendered":"https:\/\/lauftreffhagen-emst.de\/?p=4398"},"modified":"2025-11-19T12:28:43","modified_gmt":"2025-11-19T11:28:43","slug":"5-3tuermeweg-trailrun","status":"publish","type":"post","link":"https:\/\/lauftreffhagen-emst.de\/?p=4398","title":{"rendered":"5. 3T\u00fcrmeWEG Trailrun"},"content":{"rendered":"\n<figure data-wp-context=\"{ &quot;core&quot;:\n\t\t\t\t{ &quot;image&quot;:\n\t\t\t\t\t{   &quot;imageLoaded&quot;: false,\n\t\t\t\t\t\t&quot;initialized&quot;: false,\n\t\t\t\t\t\t&quot;lightboxEnabled&quot;: false,\n\t\t\t\t\t\t&quot;hideAnimationEnabled&quot;: false,\n\t\t\t\t\t\t&quot;preloadInitialized&quot;: false,\n\t\t\t\t\t\t&quot;lightboxAnimation&quot;: &quot;zoom&quot;,\n\t\t\t\t\t\t&quot;imageUploadedSrc&quot;: &quot;https:\/\/lauftreffhagen-emst.de\/wp-content\/uploads\/2025\/11\/2025-11-09-3TT5-01.jpg&quot;,\n\t\t\t\t\t\t&quot;imageCurrentSrc&quot;: &quot;&quot;,\n\t\t\t\t\t\t&quot;targetWidth&quot;: &quot;1228&quot;,\n\t\t\t\t\t\t&quot;targetHeight&quot;: &quot;818&quot;,\n\t\t\t\t\t\t&quot;scaleAttr&quot;: &quot;&quot;,\n\t\t\t\t\t\t&quot;dialogLabel&quot;: &quot;Vergr\u00f6\u00dfertes Bild&quot;\n\t\t\t\t\t}\n\t\t\t\t}\n\t\t\t}\" data-wp-interactive class=\"wp-block-image size-large wp-lightbox-container\"><img loading=\"lazy\" decoding=\"async\" width=\"1024\" height=\"682\" data-wp-effect--setStylesOnResize=\"effects.core.image.setStylesOnResize\" data-wp-effect=\"effects.core.image.setButtonStyles\" data-wp-init=\"effects.core.image.initOriginImage\" data-wp-on--click=\"actions.core.image.showLightbox\" data-wp-on--load=\"actions.core.image.handleLoad\" src=\"https:\/\/lauftreffhagen-emst.de\/wp-content\/uploads\/2025\/11\/2025-11-09-3TT5-01-1024x682.jpg\" alt=\"\" class=\"wp-image-4431\" srcset=\"https:\/\/lauftreffhagen-emst.de\/wp-content\/uploads\/2025\/11\/2025-11-09-3TT5-01-1024x682.jpg 1024w, https:\/\/lauftreffhagen-emst.de\/wp-content\/uploads\/2025\/11\/2025-11-09-3TT5-01-300x200.jpg 300w, https:\/\/lauftreffhagen-emst.de\/wp-content\/uploads\/2025\/11\/2025-11-09-3TT5-01-768x512.jpg 768w, https:\/\/lauftreffhagen-emst.de\/wp-content\/uploads\/2025\/11\/2025-11-09-3TT5-01-940x626.jpg 940w, https:\/\/lauftreffhagen-emst.de\/wp-content\/uploads\/2025\/11\/2025-11-09-3TT5-01.jpg 1228w\" sizes=\"(max-width: 1024px) 100vw, 1024px\" \/><button\n\t\t\tclass=\"lightbox-trigger\"\n\t\t\ttype=\"button\"\n\t\t\taria-haspopup=\"dialog\"\n\t\t\taria-label=\"Bild vergr\u00f6\u00dfern\"\n\t\t\tdata-wp-on--click=\"actions.core.image.showLightbox\"\n\t\t\tdata-wp-style--right=\"context.core.image.imageButtonRight\"\n\t\t\tdata-wp-style--top=\"context.core.image.imageButtonTop\"\n\t\t>\n\t\t\t<svg xmlns=\"http:\/\/www.w3.org\/2000\/svg\" width=\"12\" height=\"12\" fill=\"none\" viewBox=\"0 0 12 12\">\n\t\t\t\t<path fill=\"#fff\" d=\"M2 0a2 2 0 0 0-2 2v2h1.5V2a.5.5 0 0 1 .5-.5h2V0H2Zm2 10.5H2a.5.5 0 0 1-.5-.5V8H0v2a2 2 0 0 0 2 2h2v-1.5ZM8 12v-1.5h2a.5.5 0 0 0 .5-.5V8H12v2a2 2 0 0 1-2 2H8Zm2-12a2 2 0 0 1 2 2v2h-1.5V2a.5.5 0 0 0-.5-.5H8V0h2Z\" \/>\n\t\t\t<\/svg>\n\t\t<\/button><figcaption class=\"wp-element-caption\">LT Hagen-Emst beim 5. 3-T\u00fcrme-Trailrun (3TT5)<\/figcaption>        <div data-wp-body=\"\" class=\"wp-lightbox-overlay zoom\"\n            data-wp-bind--role=\"selectors.core.image.roleAttribute\"\n            data-wp-bind--aria-label=\"selectors.core.image.dialogLabel\"\n            data-wp-class--initialized=\"context.core.image.initialized\"\n            data-wp-class--active=\"context.core.image.lightboxEnabled\"\n            data-wp-class--hideAnimationEnabled=\"context.core.image.hideAnimationEnabled\"\n            data-wp-bind--aria-modal=\"selectors.core.image.ariaModal\"\n            data-wp-effect=\"effects.core.image.initLightbox\"\n            data-wp-on--keydown=\"actions.core.image.handleKeydown\"\n            data-wp-on--touchstart=\"actions.core.image.handleTouchStart\"\n            data-wp-on--touchmove=\"actions.core.image.handleTouchMove\"\n            data-wp-on--touchend=\"actions.core.image.handleTouchEnd\"\n            data-wp-on--click=\"actions.core.image.hideLightbox\"\n            tabindex=\"-1\"\n            >\n                <button type=\"button\" aria-label=\"Schlie\u00dfen\" style=\"fill: #000\" class=\"close-button\" data-wp-on--click=\"actions.core.image.hideLightbox\">\n                    <svg xmlns=\"http:\/\/www.w3.org\/2000\/svg\" viewBox=\"0 0 24 24\" width=\"20\" height=\"20\" aria-hidden=\"true\" focusable=\"false\"><path d=\"M13 11.8l6.1-6.3-1-1-6.1 6.2-6.1-6.2-1 1 6.1 6.3-6.5 6.7 1 1 6.5-6.6 6.5 6.6 1-1z\"><\/path><\/svg>\n                <\/button>\n                <div class=\"lightbox-image-container\">\n<figure class=\"wp-block-image size-large responsive-image\"><img decoding=\"async\" data-wp-bind--src=\"context.core.image.imageCurrentSrc\" data-wp-style--object-fit=\"selectors.core.image.lightboxObjectFit\" src=\"\" alt=\"\" class=\"wp-image-4431\"\/><figcaption class=\"wp-element-caption\">LT Hagen-Emst beim 5. 3-T\u00fcrme-Trailrun (3TT5)<\/figcaption><\/figure>\n<\/div>\n                <div class=\"lightbox-image-container\">\n<figure class=\"wp-block-image size-large enlarged-image\"><img decoding=\"async\" data-wp-bind--src=\"selectors.core.image.enlargedImgSrc\" data-wp-style--object-fit=\"selectors.core.image.lightboxObjectFit\" src=\"\" alt=\"\" class=\"wp-image-4431\"\/><figcaption class=\"wp-element-caption\">LT Hagen-Emst beim 5. 3-T\u00fcrme-Trailrun (3TT5)<\/figcaption><\/figure>\n<\/div>\n                <div class=\"scrim\" style=\"background-color: #fff\" aria-hidden=\"true\"><\/div>\n        <\/div><\/figure>\n\n\n\n<p>Sonntagmorgen, 09. November 2025. Nebel h\u00e4ngt in den Baumwipfeln entlang des 3-T\u00fcrme-Wegs im Hagener Stadtwald. M\u00fchsam und nicht besonders erfolgreich k\u00e4mpft die Sonne dagegen an. <\/p>\n\n\n<div class=\"wp-block-image\">\n<figure data-wp-context=\"{ &quot;core&quot;:\n\t\t\t\t{ &quot;image&quot;:\n\t\t\t\t\t{   &quot;imageLoaded&quot;: false,\n\t\t\t\t\t\t&quot;initialized&quot;: false,\n\t\t\t\t\t\t&quot;lightboxEnabled&quot;: false,\n\t\t\t\t\t\t&quot;hideAnimationEnabled&quot;: false,\n\t\t\t\t\t\t&quot;preloadInitialized&quot;: false,\n\t\t\t\t\t\t&quot;lightboxAnimation&quot;: &quot;zoom&quot;,\n\t\t\t\t\t\t&quot;imageUploadedSrc&quot;: &quot;https:\/\/lauftreffhagen-emst.de\/wp-content\/uploads\/2025\/11\/2025-11-09-3TT5-02.jpg&quot;,\n\t\t\t\t\t\t&quot;imageCurrentSrc&quot;: &quot;&quot;,\n\t\t\t\t\t\t&quot;targetWidth&quot;: &quot;1126&quot;,\n\t\t\t\t\t\t&quot;targetHeight&quot;: &quot;1571&quot;,\n\t\t\t\t\t\t&quot;scaleAttr&quot;: &quot;&quot;,\n\t\t\t\t\t\t&quot;dialogLabel&quot;: &quot;Vergr\u00f6\u00dfertes Bild&quot;\n\t\t\t\t\t}\n\t\t\t\t}\n\t\t\t}\" data-wp-interactive class=\"alignright size-large is-resized wp-lightbox-container\"><img loading=\"lazy\" decoding=\"async\" width=\"734\" height=\"1024\" data-wp-effect--setStylesOnResize=\"effects.core.image.setStylesOnResize\" data-wp-effect=\"effects.core.image.setButtonStyles\" data-wp-init=\"effects.core.image.initOriginImage\" data-wp-on--click=\"actions.core.image.showLightbox\" data-wp-on--load=\"actions.core.image.handleLoad\" src=\"https:\/\/lauftreffhagen-emst.de\/wp-content\/uploads\/2025\/11\/2025-11-09-3TT5-02-734x1024.jpg\" alt=\"\" class=\"wp-image-4454\" style=\"width:200px\" srcset=\"https:\/\/lauftreffhagen-emst.de\/wp-content\/uploads\/2025\/11\/2025-11-09-3TT5-02-734x1024.jpg 734w, https:\/\/lauftreffhagen-emst.de\/wp-content\/uploads\/2025\/11\/2025-11-09-3TT5-02-215x300.jpg 215w, https:\/\/lauftreffhagen-emst.de\/wp-content\/uploads\/2025\/11\/2025-11-09-3TT5-02-768x1072.jpg 768w, https:\/\/lauftreffhagen-emst.de\/wp-content\/uploads\/2025\/11\/2025-11-09-3TT5-02-1101x1536.jpg 1101w, https:\/\/lauftreffhagen-emst.de\/wp-content\/uploads\/2025\/11\/2025-11-09-3TT5-02-940x1311.jpg 940w, https:\/\/lauftreffhagen-emst.de\/wp-content\/uploads\/2025\/11\/2025-11-09-3TT5-02.jpg 1126w\" sizes=\"(max-width: 734px) 100vw, 734px\" \/><button\n\t\t\tclass=\"lightbox-trigger\"\n\t\t\ttype=\"button\"\n\t\t\taria-haspopup=\"dialog\"\n\t\t\taria-label=\"Bild vergr\u00f6\u00dfern\"\n\t\t\tdata-wp-on--click=\"actions.core.image.showLightbox\"\n\t\t\tdata-wp-style--right=\"context.core.image.imageButtonRight\"\n\t\t\tdata-wp-style--top=\"context.core.image.imageButtonTop\"\n\t\t>\n\t\t\t<svg xmlns=\"http:\/\/www.w3.org\/2000\/svg\" width=\"12\" height=\"12\" fill=\"none\" viewBox=\"0 0 12 12\">\n\t\t\t\t<path fill=\"#fff\" d=\"M2 0a2 2 0 0 0-2 2v2h1.5V2a.5.5 0 0 1 .5-.5h2V0H2Zm2 10.5H2a.5.5 0 0 1-.5-.5V8H0v2a2 2 0 0 0 2 2h2v-1.5ZM8 12v-1.5h2a.5.5 0 0 0 .5-.5V8H12v2a2 2 0 0 1-2 2H8Zm2-12a2 2 0 0 1 2 2v2h-1.5V2a.5.5 0 0 0-.5-.5H8V0h2Z\" \/>\n\t\t\t<\/svg>\n\t\t<\/button><figcaption class=\"wp-element-caption\">in der Startaufstellung<\/figcaption>        <div data-wp-body=\"\" class=\"wp-lightbox-overlay zoom\"\n            data-wp-bind--role=\"selectors.core.image.roleAttribute\"\n            data-wp-bind--aria-label=\"selectors.core.image.dialogLabel\"\n            data-wp-class--initialized=\"context.core.image.initialized\"\n            data-wp-class--active=\"context.core.image.lightboxEnabled\"\n            data-wp-class--hideAnimationEnabled=\"context.core.image.hideAnimationEnabled\"\n            data-wp-bind--aria-modal=\"selectors.core.image.ariaModal\"\n            data-wp-effect=\"effects.core.image.initLightbox\"\n            data-wp-on--keydown=\"actions.core.image.handleKeydown\"\n            data-wp-on--touchstart=\"actions.core.image.handleTouchStart\"\n            data-wp-on--touchmove=\"actions.core.image.handleTouchMove\"\n            data-wp-on--touchend=\"actions.core.image.handleTouchEnd\"\n            data-wp-on--click=\"actions.core.image.hideLightbox\"\n            tabindex=\"-1\"\n            >\n                <button type=\"button\" aria-label=\"Schlie\u00dfen\" style=\"fill: #000\" class=\"close-button\" data-wp-on--click=\"actions.core.image.hideLightbox\">\n                    <svg xmlns=\"http:\/\/www.w3.org\/2000\/svg\" viewBox=\"0 0 24 24\" width=\"20\" height=\"20\" aria-hidden=\"true\" focusable=\"false\"><path d=\"M13 11.8l6.1-6.3-1-1-6.1 6.2-6.1-6.2-1 1 6.1 6.3-6.5 6.7 1 1 6.5-6.6 6.5 6.6 1-1z\"><\/path><\/svg>\n                <\/button>\n                <div class=\"lightbox-image-container\"><div class=\"wp-block-image\">\n<figure class=\"alignright size-large is-resized responsive-image\"><img decoding=\"async\" data-wp-bind--src=\"context.core.image.imageCurrentSrc\" data-wp-style--object-fit=\"selectors.core.image.lightboxObjectFit\" src=\"\" alt=\"\" class=\"wp-image-4454\" style=\"width:200px\"\/><figcaption class=\"wp-element-caption\">in der Startaufstellung<\/figcaption><\/figure><\/div><\/div>\n                <div class=\"lightbox-image-container\"><div class=\"wp-block-image\">\n<figure class=\"alignright size-large is-resized enlarged-image\"><img decoding=\"async\" data-wp-bind--src=\"selectors.core.image.enlargedImgSrc\" data-wp-style--object-fit=\"selectors.core.image.lightboxObjectFit\" src=\"\" alt=\"\" class=\"wp-image-4454\" style=\"width:200px\"\/><figcaption class=\"wp-element-caption\">in der Startaufstellung<\/figcaption><\/figure><\/div><\/div>\n                <div class=\"scrim\" style=\"background-color: #fff\" aria-hidden=\"true\"><\/div>\n        <\/div><\/figure><\/div>\n\n\n<p>Die knapp 270 Startenden beim 5. 3 T\u00fcrme Weg Trailrun kann das nicht davon abhalten, sich entlang der drei T\u00fcrme auf den Weg \u00fcber die 10 km Strecke zu machen und die 300 H\u00f6henmeter zu bew\u00e4ltigen. <\/p>\n\n\n\n<p>Vom Lauftreff Hagen-Emst haben 15 L\u00e4uferinnen und L\u00e4ufern und 2 Walkerinnen an diesem traditionellen Laufevent teilgenommen. <\/p>\n\n\n\n<p>Nach dem Start erreicht man als erstes den Kaiser-Friedrich-Turm, hinter dem der erste Single-Trail beragab f\u00fchrt. Weiter geht es zum Bismarckturm. Am Eugen-Richter-Turm, dem wohl anspruchsvollsten Abschnitt der Strecke, wurden wir von unserer Fangruppe (es konnten nicht alle Lauftreffler mitlaufen) angefeuert. Danke, dass ihr uns damit f\u00fcr die letzten 2 km des Trails nochmal gepusht habt!<\/p>\n\n\n\n<figure class=\"wp-block-gallery has-nested-images columns-default is-cropped wp-block-gallery-1 is-layout-flex wp-block-gallery-is-layout-flex\">\n<figure class=\"wp-block-image size-large\"><img loading=\"lazy\" decoding=\"async\" width=\"768\" height=\"1024\" data-id=\"4335\" src=\"https:\/\/lauftreffhagen-emst.de\/wp-content\/uploads\/2025\/11\/20251109_092719-768x1024.jpg\" alt=\"\" class=\"wp-image-4335\" srcset=\"https:\/\/lauftreffhagen-emst.de\/wp-content\/uploads\/2025\/11\/20251109_092719-768x1024.jpg 768w, https:\/\/lauftreffhagen-emst.de\/wp-content\/uploads\/2025\/11\/20251109_092719-225x300.jpg 225w, https:\/\/lauftreffhagen-emst.de\/wp-content\/uploads\/2025\/11\/20251109_092719-940x1254.jpg 940w, https:\/\/lauftreffhagen-emst.de\/wp-content\/uploads\/2025\/11\/20251109_092719-rotated.jpg 1117w\" sizes=\"(max-width: 768px) 100vw, 768px\" \/><figcaption class=\"wp-element-caption\">Eugen-Richter-Turm<\/figcaption><\/figure>\n\n\n\n<figure class=\"wp-block-image size-large\"><img loading=\"lazy\" decoding=\"async\" width=\"1004\" height=\"1024\" data-id=\"4336\" src=\"https:\/\/lauftreffhagen-emst.de\/wp-content\/uploads\/2025\/11\/20251109_104059-1004x1024.jpg\" alt=\"\" class=\"wp-image-4336\" srcset=\"https:\/\/lauftreffhagen-emst.de\/wp-content\/uploads\/2025\/11\/20251109_104059-1004x1024.jpg 1004w, https:\/\/lauftreffhagen-emst.de\/wp-content\/uploads\/2025\/11\/20251109_104059-294x300.jpg 294w, https:\/\/lauftreffhagen-emst.de\/wp-content\/uploads\/2025\/11\/20251109_104059-768x783.jpg 768w, https:\/\/lauftreffhagen-emst.de\/wp-content\/uploads\/2025\/11\/20251109_104059-940x958.jpg 940w, https:\/\/lauftreffhagen-emst.de\/wp-content\/uploads\/2025\/11\/20251109_104059.jpg 1126w\" sizes=\"(max-width: 1004px) 100vw, 1004px\" \/><figcaption class=\"wp-element-caption\">Stefan<\/figcaption><\/figure>\n\n\n\n<figure class=\"wp-block-image size-large\"><img loading=\"lazy\" decoding=\"async\" width=\"975\" height=\"1024\" data-id=\"4338\" src=\"https:\/\/lauftreffhagen-emst.de\/wp-content\/uploads\/2025\/11\/20251109_105036-975x1024.jpg\" alt=\"\" class=\"wp-image-4338\" srcset=\"https:\/\/lauftreffhagen-emst.de\/wp-content\/uploads\/2025\/11\/20251109_105036-975x1024.jpg 975w, https:\/\/lauftreffhagen-emst.de\/wp-content\/uploads\/2025\/11\/20251109_105036-286x300.jpg 286w, https:\/\/lauftreffhagen-emst.de\/wp-content\/uploads\/2025\/11\/20251109_105036-768x807.jpg 768w, https:\/\/lauftreffhagen-emst.de\/wp-content\/uploads\/2025\/11\/20251109_105036-940x988.jpg 940w, https:\/\/lauftreffhagen-emst.de\/wp-content\/uploads\/2025\/11\/20251109_105036.jpg 1203w\" sizes=\"(max-width: 975px) 100vw, 975px\" \/><figcaption class=\"wp-element-caption\">Christian<\/figcaption><\/figure>\n\n\n\n<figure class=\"wp-block-image size-large\"><img loading=\"lazy\" decoding=\"async\" width=\"768\" height=\"1024\" data-id=\"4340\" src=\"https:\/\/lauftreffhagen-emst.de\/wp-content\/uploads\/2025\/11\/20251109_105303-768x1024.jpg\" alt=\"\" class=\"wp-image-4340\" srcset=\"https:\/\/lauftreffhagen-emst.de\/wp-content\/uploads\/2025\/11\/20251109_105303-768x1024.jpg 768w, https:\/\/lauftreffhagen-emst.de\/wp-content\/uploads\/2025\/11\/20251109_105303-225x300.jpg 225w, https:\/\/lauftreffhagen-emst.de\/wp-content\/uploads\/2025\/11\/20251109_105303-940x1253.jpg 940w, https:\/\/lauftreffhagen-emst.de\/wp-content\/uploads\/2025\/11\/20251109_105303.jpg 1142w\" sizes=\"(max-width: 768px) 100vw, 768px\" \/><figcaption class=\"wp-element-caption\">Roland K.<\/figcaption><\/figure>\n\n\n\n<figure class=\"wp-block-image size-large\"><img loading=\"lazy\" decoding=\"async\" width=\"667\" height=\"1024\" data-id=\"4341\" src=\"https:\/\/lauftreffhagen-emst.de\/wp-content\/uploads\/2025\/11\/20251109_105650-667x1024.jpg\" alt=\"\" class=\"wp-image-4341\" srcset=\"https:\/\/lauftreffhagen-emst.de\/wp-content\/uploads\/2025\/11\/20251109_105650-667x1024.jpg 667w, https:\/\/lauftreffhagen-emst.de\/wp-content\/uploads\/2025\/11\/20251109_105650-195x300.jpg 195w, https:\/\/lauftreffhagen-emst.de\/wp-content\/uploads\/2025\/11\/20251109_105650-768x1179.jpg 768w, https:\/\/lauftreffhagen-emst.de\/wp-content\/uploads\/2025\/11\/20251109_105650-940x1443.jpg 940w, https:\/\/lauftreffhagen-emst.de\/wp-content\/uploads\/2025\/11\/20251109_105650.jpg 958w\" sizes=\"(max-width: 667px) 100vw, 667px\" \/><figcaption class=\"wp-element-caption\">Melanie<\/figcaption><\/figure>\n\n\n\n<figure class=\"wp-block-image size-large\"><img loading=\"lazy\" decoding=\"async\" width=\"824\" height=\"1024\" data-id=\"4342\" src=\"https:\/\/lauftreffhagen-emst.de\/wp-content\/uploads\/2025\/11\/20251109_105801-824x1024.jpg\" alt=\"\" class=\"wp-image-4342\" srcset=\"https:\/\/lauftreffhagen-emst.de\/wp-content\/uploads\/2025\/11\/20251109_105801-824x1024.jpg 824w, https:\/\/lauftreffhagen-emst.de\/wp-content\/uploads\/2025\/11\/20251109_105801-241x300.jpg 241w, https:\/\/lauftreffhagen-emst.de\/wp-content\/uploads\/2025\/11\/20251109_105801-768x955.jpg 768w, https:\/\/lauftreffhagen-emst.de\/wp-content\/uploads\/2025\/11\/20251109_105801-940x1169.jpg 940w, https:\/\/lauftreffhagen-emst.de\/wp-content\/uploads\/2025\/11\/20251109_105801.jpg 1073w\" sizes=\"(max-width: 824px) 100vw, 824px\" \/><figcaption class=\"wp-element-caption\">Ralf D.<\/figcaption><\/figure>\n\n\n\n<figure class=\"wp-block-image size-large\"><img loading=\"lazy\" decoding=\"async\" width=\"606\" height=\"1024\" data-id=\"4343\" src=\"https:\/\/lauftreffhagen-emst.de\/wp-content\/uploads\/2025\/11\/20251109_110020-606x1024.jpg\" alt=\"\" class=\"wp-image-4343\" srcset=\"https:\/\/lauftreffhagen-emst.de\/wp-content\/uploads\/2025\/11\/20251109_110020-606x1024.jpg 606w, https:\/\/lauftreffhagen-emst.de\/wp-content\/uploads\/2025\/11\/20251109_110020-178x300.jpg 178w, https:\/\/lauftreffhagen-emst.de\/wp-content\/uploads\/2025\/11\/20251109_110020-768x1298.jpg 768w, https:\/\/lauftreffhagen-emst.de\/wp-content\/uploads\/2025\/11\/20251109_110020-909x1536.jpg 909w, https:\/\/lauftreffhagen-emst.de\/wp-content\/uploads\/2025\/11\/20251109_110020.jpg 928w\" sizes=\"(max-width: 606px) 100vw, 606px\" \/><figcaption class=\"wp-element-caption\">Julia<\/figcaption><\/figure>\n\n\n\n<figure class=\"wp-block-image size-large\"><img loading=\"lazy\" decoding=\"async\" width=\"798\" height=\"1024\" data-id=\"4345\" src=\"https:\/\/lauftreffhagen-emst.de\/wp-content\/uploads\/2025\/11\/20251109_110214-798x1024.jpg\" alt=\"\" class=\"wp-image-4345\" srcset=\"https:\/\/lauftreffhagen-emst.de\/wp-content\/uploads\/2025\/11\/20251109_110214-798x1024.jpg 798w, https:\/\/lauftreffhagen-emst.de\/wp-content\/uploads\/2025\/11\/20251109_110214-234x300.jpg 234w, https:\/\/lauftreffhagen-emst.de\/wp-content\/uploads\/2025\/11\/20251109_110214-768x985.jpg 768w, https:\/\/lauftreffhagen-emst.de\/wp-content\/uploads\/2025\/11\/20251109_110214-940x1206.jpg 940w, https:\/\/lauftreffhagen-emst.de\/wp-content\/uploads\/2025\/11\/20251109_110214.jpg 1145w\" sizes=\"(max-width: 798px) 100vw, 798px\" \/><figcaption class=\"wp-element-caption\">Andreas<\/figcaption><\/figure>\n\n\n\n<figure class=\"wp-block-image size-large\"><img loading=\"lazy\" decoding=\"async\" width=\"912\" height=\"1024\" data-id=\"4344\" src=\"https:\/\/lauftreffhagen-emst.de\/wp-content\/uploads\/2025\/11\/20251109_110105-912x1024.jpg\" alt=\"\" class=\"wp-image-4344\" srcset=\"https:\/\/lauftreffhagen-emst.de\/wp-content\/uploads\/2025\/11\/20251109_110105-912x1024.jpg 912w, https:\/\/lauftreffhagen-emst.de\/wp-content\/uploads\/2025\/11\/20251109_110105-267x300.jpg 267w, https:\/\/lauftreffhagen-emst.de\/wp-content\/uploads\/2025\/11\/20251109_110105-768x862.jpg 768w, https:\/\/lauftreffhagen-emst.de\/wp-content\/uploads\/2025\/11\/20251109_110105-940x1055.jpg 940w, https:\/\/lauftreffhagen-emst.de\/wp-content\/uploads\/2025\/11\/20251109_110105.jpg 1239w\" sizes=\"(max-width: 912px) 100vw, 912px\" \/><figcaption class=\"wp-element-caption\">Judith<\/figcaption><\/figure>\n\n\n\n<figure class=\"wp-block-image size-large\"><img loading=\"lazy\" decoding=\"async\" width=\"700\" height=\"1024\" data-id=\"4347\" src=\"https:\/\/lauftreffhagen-emst.de\/wp-content\/uploads\/2025\/11\/20251109_110416-700x1024.jpg\" alt=\"\" class=\"wp-image-4347\" srcset=\"https:\/\/lauftreffhagen-emst.de\/wp-content\/uploads\/2025\/11\/20251109_110416-700x1024.jpg 700w, https:\/\/lauftreffhagen-emst.de\/wp-content\/uploads\/2025\/11\/20251109_110416-205x300.jpg 205w, https:\/\/lauftreffhagen-emst.de\/wp-content\/uploads\/2025\/11\/20251109_110416-768x1123.jpg 768w, https:\/\/lauftreffhagen-emst.de\/wp-content\/uploads\/2025\/11\/20251109_110416-940x1375.jpg 940w, https:\/\/lauftreffhagen-emst.de\/wp-content\/uploads\/2025\/11\/20251109_110416.jpg 954w\" sizes=\"(max-width: 700px) 100vw, 700px\" \/><figcaption class=\"wp-element-caption\">Sandra<\/figcaption><\/figure>\n\n\n\n<figure class=\"wp-block-image size-large\"><img loading=\"lazy\" decoding=\"async\" width=\"798\" height=\"1024\" data-id=\"4348\" src=\"https:\/\/lauftreffhagen-emst.de\/wp-content\/uploads\/2025\/11\/20251109_110607-798x1024.jpg\" alt=\"\" class=\"wp-image-4348\" srcset=\"https:\/\/lauftreffhagen-emst.de\/wp-content\/uploads\/2025\/11\/20251109_110607-798x1024.jpg 798w, https:\/\/lauftreffhagen-emst.de\/wp-content\/uploads\/2025\/11\/20251109_110607-234x300.jpg 234w, https:\/\/lauftreffhagen-emst.de\/wp-content\/uploads\/2025\/11\/20251109_110607-768x985.jpg 768w, https:\/\/lauftreffhagen-emst.de\/wp-content\/uploads\/2025\/11\/20251109_110607-940x1206.jpg 940w, https:\/\/lauftreffhagen-emst.de\/wp-content\/uploads\/2025\/11\/20251109_110607.jpg 1026w\" sizes=\"(max-width: 798px) 100vw, 798px\" \/><figcaption class=\"wp-element-caption\">Ralf S.<\/figcaption><\/figure>\n\n\n\n<figure class=\"wp-block-image size-large\"><img loading=\"lazy\" decoding=\"async\" width=\"1024\" height=\"979\" data-id=\"4349\" src=\"https:\/\/lauftreffhagen-emst.de\/wp-content\/uploads\/2025\/11\/20251109_111445-1024x979.jpg\" alt=\"\" class=\"wp-image-4349\" srcset=\"https:\/\/lauftreffhagen-emst.de\/wp-content\/uploads\/2025\/11\/20251109_111445-1024x979.jpg 1024w, https:\/\/lauftreffhagen-emst.de\/wp-content\/uploads\/2025\/11\/20251109_111445-300x287.jpg 300w, https:\/\/lauftreffhagen-emst.de\/wp-content\/uploads\/2025\/11\/20251109_111445-768x734.jpg 768w, https:\/\/lauftreffhagen-emst.de\/wp-content\/uploads\/2025\/11\/20251109_111445-940x898.jpg 940w, https:\/\/lauftreffhagen-emst.de\/wp-content\/uploads\/2025\/11\/20251109_111445.jpg 1467w\" sizes=\"(max-width: 1024px) 100vw, 1024px\" \/><figcaption class=\"wp-element-caption\">Martina und Heidi<\/figcaption><\/figure>\n<\/figure>\n\n\n\n<p> <br>Action-Bilder am Eugen-Richter-Turm.  Manche(r) war so schnell, dass nicht alle Lauftreffler im Bild festgehalten werden konnten&#8230;<\/p>\n\n\n<div class=\"wp-block-image\">\n<figure data-wp-context=\"{ &quot;core&quot;:\n\t\t\t\t{ &quot;image&quot;:\n\t\t\t\t\t{   &quot;imageLoaded&quot;: false,\n\t\t\t\t\t\t&quot;initialized&quot;: false,\n\t\t\t\t\t\t&quot;lightboxEnabled&quot;: false,\n\t\t\t\t\t\t&quot;hideAnimationEnabled&quot;: false,\n\t\t\t\t\t\t&quot;preloadInitialized&quot;: false,\n\t\t\t\t\t\t&quot;lightboxAnimation&quot;: &quot;zoom&quot;,\n\t\t\t\t\t\t&quot;imageUploadedSrc&quot;: &quot;https:\/\/lauftreffhagen-emst.de\/wp-content\/uploads\/2025\/11\/2025-11-09-3TT5-03.jpg&quot;,\n\t\t\t\t\t\t&quot;imageCurrentSrc&quot;: &quot;&quot;,\n\t\t\t\t\t\t&quot;targetWidth&quot;: &quot;1576&quot;,\n\t\t\t\t\t\t&quot;targetHeight&quot;: &quot;1126&quot;,\n\t\t\t\t\t\t&quot;scaleAttr&quot;: &quot;&quot;,\n\t\t\t\t\t\t&quot;dialogLabel&quot;: &quot;Vergr\u00f6\u00dfertes Bild&quot;\n\t\t\t\t\t}\n\t\t\t\t}\n\t\t\t}\" data-wp-interactive class=\"alignright size-large is-resized wp-lightbox-container\"><img loading=\"lazy\" decoding=\"async\" width=\"1024\" height=\"732\" data-wp-effect--setStylesOnResize=\"effects.core.image.setStylesOnResize\" data-wp-effect=\"effects.core.image.setButtonStyles\" data-wp-init=\"effects.core.image.initOriginImage\" data-wp-on--click=\"actions.core.image.showLightbox\" data-wp-on--load=\"actions.core.image.handleLoad\" src=\"https:\/\/lauftreffhagen-emst.de\/wp-content\/uploads\/2025\/11\/2025-11-09-3TT5-03-1024x732.jpg\" alt=\"\" class=\"wp-image-4455\" style=\"width:280px\" srcset=\"https:\/\/lauftreffhagen-emst.de\/wp-content\/uploads\/2025\/11\/2025-11-09-3TT5-03-1024x732.jpg 1024w, https:\/\/lauftreffhagen-emst.de\/wp-content\/uploads\/2025\/11\/2025-11-09-3TT5-03-300x214.jpg 300w, https:\/\/lauftreffhagen-emst.de\/wp-content\/uploads\/2025\/11\/2025-11-09-3TT5-03-768x549.jpg 768w, https:\/\/lauftreffhagen-emst.de\/wp-content\/uploads\/2025\/11\/2025-11-09-3TT5-03-1536x1097.jpg 1536w, https:\/\/lauftreffhagen-emst.de\/wp-content\/uploads\/2025\/11\/2025-11-09-3TT5-03-940x672.jpg 940w, https:\/\/lauftreffhagen-emst.de\/wp-content\/uploads\/2025\/11\/2025-11-09-3TT5-03.jpg 1576w\" sizes=\"(max-width: 1024px) 100vw, 1024px\" \/><button\n\t\t\tclass=\"lightbox-trigger\"\n\t\t\ttype=\"button\"\n\t\t\taria-haspopup=\"dialog\"\n\t\t\taria-label=\"Bild vergr\u00f6\u00dfern\"\n\t\t\tdata-wp-on--click=\"actions.core.image.showLightbox\"\n\t\t\tdata-wp-style--right=\"context.core.image.imageButtonRight\"\n\t\t\tdata-wp-style--top=\"context.core.image.imageButtonTop\"\n\t\t>\n\t\t\t<svg xmlns=\"http:\/\/www.w3.org\/2000\/svg\" width=\"12\" height=\"12\" fill=\"none\" viewBox=\"0 0 12 12\">\n\t\t\t\t<path fill=\"#fff\" d=\"M2 0a2 2 0 0 0-2 2v2h1.5V2a.5.5 0 0 1 .5-.5h2V0H2Zm2 10.5H2a.5.5 0 0 1-.5-.5V8H0v2a2 2 0 0 0 2 2h2v-1.5ZM8 12v-1.5h2a.5.5 0 0 0 .5-.5V8H12v2a2 2 0 0 1-2 2H8Zm2-12a2 2 0 0 1 2 2v2h-1.5V2a.5.5 0 0 0-.5-.5H8V0h2Z\" \/>\n\t\t\t<\/svg>\n\t\t<\/button><figcaption class=\"wp-element-caption\">im Ziel mit Finisher-Medaille<\/figcaption>        <div data-wp-body=\"\" class=\"wp-lightbox-overlay zoom\"\n            data-wp-bind--role=\"selectors.core.image.roleAttribute\"\n            data-wp-bind--aria-label=\"selectors.core.image.dialogLabel\"\n            data-wp-class--initialized=\"context.core.image.initialized\"\n            data-wp-class--active=\"context.core.image.lightboxEnabled\"\n            data-wp-class--hideAnimationEnabled=\"context.core.image.hideAnimationEnabled\"\n            data-wp-bind--aria-modal=\"selectors.core.image.ariaModal\"\n            data-wp-effect=\"effects.core.image.initLightbox\"\n            data-wp-on--keydown=\"actions.core.image.handleKeydown\"\n            data-wp-on--touchstart=\"actions.core.image.handleTouchStart\"\n            data-wp-on--touchmove=\"actions.core.image.handleTouchMove\"\n            data-wp-on--touchend=\"actions.core.image.handleTouchEnd\"\n            data-wp-on--click=\"actions.core.image.hideLightbox\"\n            tabindex=\"-1\"\n            >\n                <button type=\"button\" aria-label=\"Schlie\u00dfen\" style=\"fill: #000\" class=\"close-button\" data-wp-on--click=\"actions.core.image.hideLightbox\">\n                    <svg xmlns=\"http:\/\/www.w3.org\/2000\/svg\" viewBox=\"0 0 24 24\" width=\"20\" height=\"20\" aria-hidden=\"true\" focusable=\"false\"><path d=\"M13 11.8l6.1-6.3-1-1-6.1 6.2-6.1-6.2-1 1 6.1 6.3-6.5 6.7 1 1 6.5-6.6 6.5 6.6 1-1z\"><\/path><\/svg>\n                <\/button>\n                <div class=\"lightbox-image-container\"><div class=\"wp-block-image\">\n<figure class=\"alignright size-large is-resized responsive-image\"><img decoding=\"async\" data-wp-bind--src=\"context.core.image.imageCurrentSrc\" data-wp-style--object-fit=\"selectors.core.image.lightboxObjectFit\" src=\"\" alt=\"\" class=\"wp-image-4455\" style=\"width:280px\"\/><figcaption class=\"wp-element-caption\">im Ziel mit Finisher-Medaille<\/figcaption><\/figure><\/div><\/div>\n                <div class=\"lightbox-image-container\"><div class=\"wp-block-image\">\n<figure class=\"alignright size-large is-resized enlarged-image\"><img decoding=\"async\" data-wp-bind--src=\"selectors.core.image.enlargedImgSrc\" data-wp-style--object-fit=\"selectors.core.image.lightboxObjectFit\" src=\"\" alt=\"\" class=\"wp-image-4455\" style=\"width:280px\"\/><figcaption class=\"wp-element-caption\">im Ziel mit Finisher-Medaille<\/figcaption><\/figure><\/div><\/div>\n                <div class=\"scrim\" style=\"background-color: #fff\" aria-hidden=\"true\"><\/div>\n        <\/div><\/figure><\/div>\n\n\n<p>Im Ziel gab es Erfrischungen, die &#8222;Kugel&#8220; und die funktionale Finisher-Medaille. Dieses Jahr am petrolfarbigen Band.<\/p>\n\n\n<div class=\"wp-block-image\">\n<figure data-wp-context=\"{ &quot;core&quot;:\n\t\t\t\t{ &quot;image&quot;:\n\t\t\t\t\t{   &quot;imageLoaded&quot;: false,\n\t\t\t\t\t\t&quot;initialized&quot;: false,\n\t\t\t\t\t\t&quot;lightboxEnabled&quot;: false,\n\t\t\t\t\t\t&quot;hideAnimationEnabled&quot;: false,\n\t\t\t\t\t\t&quot;preloadInitialized&quot;: false,\n\t\t\t\t\t\t&quot;lightboxAnimation&quot;: &quot;zoom&quot;,\n\t\t\t\t\t\t&quot;imageUploadedSrc&quot;: &quot;https:\/\/lauftreffhagen-emst.de\/wp-content\/uploads\/2025\/11\/2025-11-09-3TT5-04.jpg&quot;,\n\t\t\t\t\t\t&quot;imageCurrentSrc&quot;: &quot;&quot;,\n\t\t\t\t\t\t&quot;targetWidth&quot;: &quot;1669&quot;,\n\t\t\t\t\t\t&quot;targetHeight&quot;: &quot;1126&quot;,\n\t\t\t\t\t\t&quot;scaleAttr&quot;: &quot;&quot;,\n\t\t\t\t\t\t&quot;dialogLabel&quot;: &quot;Vergr\u00f6\u00dfertes Bild&quot;\n\t\t\t\t\t}\n\t\t\t\t}\n\t\t\t}\" data-wp-interactive class=\"alignleft size-large is-resized wp-lightbox-container\"><img loading=\"lazy\" decoding=\"async\" width=\"1024\" height=\"691\" data-wp-effect--setStylesOnResize=\"effects.core.image.setStylesOnResize\" data-wp-effect=\"effects.core.image.setButtonStyles\" data-wp-init=\"effects.core.image.initOriginImage\" data-wp-on--click=\"actions.core.image.showLightbox\" data-wp-on--load=\"actions.core.image.handleLoad\" src=\"https:\/\/lauftreffhagen-emst.de\/wp-content\/uploads\/2025\/11\/2025-11-09-3TT5-04-1024x691.jpg\" alt=\"\" class=\"wp-image-4456\" style=\"width:280px\" srcset=\"https:\/\/lauftreffhagen-emst.de\/wp-content\/uploads\/2025\/11\/2025-11-09-3TT5-04-1024x691.jpg 1024w, https:\/\/lauftreffhagen-emst.de\/wp-content\/uploads\/2025\/11\/2025-11-09-3TT5-04-300x202.jpg 300w, https:\/\/lauftreffhagen-emst.de\/wp-content\/uploads\/2025\/11\/2025-11-09-3TT5-04-768x518.jpg 768w, https:\/\/lauftreffhagen-emst.de\/wp-content\/uploads\/2025\/11\/2025-11-09-3TT5-04-1536x1036.jpg 1536w, https:\/\/lauftreffhagen-emst.de\/wp-content\/uploads\/2025\/11\/2025-11-09-3TT5-04-940x634.jpg 940w, https:\/\/lauftreffhagen-emst.de\/wp-content\/uploads\/2025\/11\/2025-11-09-3TT5-04.jpg 1669w\" sizes=\"(max-width: 1024px) 100vw, 1024px\" \/><button\n\t\t\tclass=\"lightbox-trigger\"\n\t\t\ttype=\"button\"\n\t\t\taria-haspopup=\"dialog\"\n\t\t\taria-label=\"Bild vergr\u00f6\u00dfern\"\n\t\t\tdata-wp-on--click=\"actions.core.image.showLightbox\"\n\t\t\tdata-wp-style--right=\"context.core.image.imageButtonRight\"\n\t\t\tdata-wp-style--top=\"context.core.image.imageButtonTop\"\n\t\t>\n\t\t\t<svg xmlns=\"http:\/\/www.w3.org\/2000\/svg\" width=\"12\" height=\"12\" fill=\"none\" viewBox=\"0 0 12 12\">\n\t\t\t\t<path fill=\"#fff\" d=\"M2 0a2 2 0 0 0-2 2v2h1.5V2a.5.5 0 0 1 .5-.5h2V0H2Zm2 10.5H2a.5.5 0 0 1-.5-.5V8H0v2a2 2 0 0 0 2 2h2v-1.5ZM8 12v-1.5h2a.5.5 0 0 0 .5-.5V8H12v2a2 2 0 0 1-2 2H8Zm2-12a2 2 0 0 1 2 2v2h-1.5V2a.5.5 0 0 0-.5-.5H8V0h2Z\" \/>\n\t\t\t<\/svg>\n\t\t<\/button><figcaption class=\"wp-element-caption\">uns wurde(n) die Kugel(n) gereicht<\/figcaption>        <div data-wp-body=\"\" class=\"wp-lightbox-overlay zoom\"\n            data-wp-bind--role=\"selectors.core.image.roleAttribute\"\n            data-wp-bind--aria-label=\"selectors.core.image.dialogLabel\"\n            data-wp-class--initialized=\"context.core.image.initialized\"\n            data-wp-class--active=\"context.core.image.lightboxEnabled\"\n            data-wp-class--hideAnimationEnabled=\"context.core.image.hideAnimationEnabled\"\n            data-wp-bind--aria-modal=\"selectors.core.image.ariaModal\"\n            data-wp-effect=\"effects.core.image.initLightbox\"\n            data-wp-on--keydown=\"actions.core.image.handleKeydown\"\n            data-wp-on--touchstart=\"actions.core.image.handleTouchStart\"\n            data-wp-on--touchmove=\"actions.core.image.handleTouchMove\"\n            data-wp-on--touchend=\"actions.core.image.handleTouchEnd\"\n            data-wp-on--click=\"actions.core.image.hideLightbox\"\n            tabindex=\"-1\"\n            >\n                <button type=\"button\" aria-label=\"Schlie\u00dfen\" style=\"fill: #000\" class=\"close-button\" data-wp-on--click=\"actions.core.image.hideLightbox\">\n                    <svg xmlns=\"http:\/\/www.w3.org\/2000\/svg\" viewBox=\"0 0 24 24\" width=\"20\" height=\"20\" aria-hidden=\"true\" focusable=\"false\"><path d=\"M13 11.8l6.1-6.3-1-1-6.1 6.2-6.1-6.2-1 1 6.1 6.3-6.5 6.7 1 1 6.5-6.6 6.5 6.6 1-1z\"><\/path><\/svg>\n                <\/button>\n                <div class=\"lightbox-image-container\"><div class=\"wp-block-image\">\n<figure class=\"alignleft size-large is-resized responsive-image\"><img decoding=\"async\" data-wp-bind--src=\"context.core.image.imageCurrentSrc\" data-wp-style--object-fit=\"selectors.core.image.lightboxObjectFit\" src=\"\" alt=\"\" class=\"wp-image-4456\" style=\"width:280px\"\/><figcaption class=\"wp-element-caption\">uns wurde(n) die Kugel(n) gereicht<\/figcaption><\/figure><\/div><\/div>\n                <div class=\"lightbox-image-container\"><div class=\"wp-block-image\">\n<figure class=\"alignleft size-large is-resized enlarged-image\"><img decoding=\"async\" data-wp-bind--src=\"selectors.core.image.enlargedImgSrc\" data-wp-style--object-fit=\"selectors.core.image.lightboxObjectFit\" src=\"\" alt=\"\" class=\"wp-image-4456\" style=\"width:280px\"\/><figcaption class=\"wp-element-caption\">uns wurde(n) die Kugel(n) gereicht<\/figcaption><\/figure><\/div><\/div>\n                <div class=\"scrim\" style=\"background-color: #fff\" aria-hidden=\"true\"><\/div>\n        <\/div><\/figure><\/div>\n\n\n<p>                                     <br> <br><br> <br> <br> <br> <br> <br> <br> <br> <br>Bei der Afterrun-Party war wieder f\u00fcr reichliche St\u00e4rkung und gute Stimmung gesorgt. <\/p>\n\n\n<div class=\"wp-block-image\">\n<figure data-wp-context=\"{ &quot;core&quot;:\n\t\t\t\t{ &quot;image&quot;:\n\t\t\t\t\t{   &quot;imageLoaded&quot;: false,\n\t\t\t\t\t\t&quot;initialized&quot;: false,\n\t\t\t\t\t\t&quot;lightboxEnabled&quot;: false,\n\t\t\t\t\t\t&quot;hideAnimationEnabled&quot;: false,\n\t\t\t\t\t\t&quot;preloadInitialized&quot;: false,\n\t\t\t\t\t\t&quot;lightboxAnimation&quot;: &quot;zoom&quot;,\n\t\t\t\t\t\t&quot;imageUploadedSrc&quot;: &quot;https:\/\/lauftreffhagen-emst.de\/wp-content\/uploads\/2025\/11\/2025-11-09-3TT5-05.jpg&quot;,\n\t\t\t\t\t\t&quot;imageCurrentSrc&quot;: &quot;&quot;,\n\t\t\t\t\t\t&quot;targetWidth&quot;: &quot;1565&quot;,\n\t\t\t\t\t\t&quot;targetHeight&quot;: &quot;1118&quot;,\n\t\t\t\t\t\t&quot;scaleAttr&quot;: &quot;&quot;,\n\t\t\t\t\t\t&quot;dialogLabel&quot;: &quot;Vergr\u00f6\u00dfertes Bild&quot;\n\t\t\t\t\t}\n\t\t\t\t}\n\t\t\t}\" data-wp-interactive class=\"aligncenter size-large is-resized wp-lightbox-container\"><img loading=\"lazy\" decoding=\"async\" width=\"1024\" height=\"732\" data-wp-effect--setStylesOnResize=\"effects.core.image.setStylesOnResize\" data-wp-effect=\"effects.core.image.setButtonStyles\" data-wp-init=\"effects.core.image.initOriginImage\" data-wp-on--click=\"actions.core.image.showLightbox\" data-wp-on--load=\"actions.core.image.handleLoad\" src=\"https:\/\/lauftreffhagen-emst.de\/wp-content\/uploads\/2025\/11\/2025-11-09-3TT5-05-1024x732.jpg\" alt=\"\" class=\"wp-image-4457\" style=\"width:480px\" srcset=\"https:\/\/lauftreffhagen-emst.de\/wp-content\/uploads\/2025\/11\/2025-11-09-3TT5-05-1024x732.jpg 1024w, https:\/\/lauftreffhagen-emst.de\/wp-content\/uploads\/2025\/11\/2025-11-09-3TT5-05-300x214.jpg 300w, https:\/\/lauftreffhagen-emst.de\/wp-content\/uploads\/2025\/11\/2025-11-09-3TT5-05-768x549.jpg 768w, https:\/\/lauftreffhagen-emst.de\/wp-content\/uploads\/2025\/11\/2025-11-09-3TT5-05-1536x1097.jpg 1536w, https:\/\/lauftreffhagen-emst.de\/wp-content\/uploads\/2025\/11\/2025-11-09-3TT5-05-940x672.jpg 940w, https:\/\/lauftreffhagen-emst.de\/wp-content\/uploads\/2025\/11\/2025-11-09-3TT5-05.jpg 1565w\" sizes=\"(max-width: 1024px) 100vw, 1024px\" \/><button\n\t\t\tclass=\"lightbox-trigger\"\n\t\t\ttype=\"button\"\n\t\t\taria-haspopup=\"dialog\"\n\t\t\taria-label=\"Bild vergr\u00f6\u00dfern\"\n\t\t\tdata-wp-on--click=\"actions.core.image.showLightbox\"\n\t\t\tdata-wp-style--right=\"context.core.image.imageButtonRight\"\n\t\t\tdata-wp-style--top=\"context.core.image.imageButtonTop\"\n\t\t>\n\t\t\t<svg xmlns=\"http:\/\/www.w3.org\/2000\/svg\" width=\"12\" height=\"12\" fill=\"none\" viewBox=\"0 0 12 12\">\n\t\t\t\t<path fill=\"#fff\" d=\"M2 0a2 2 0 0 0-2 2v2h1.5V2a.5.5 0 0 1 .5-.5h2V0H2Zm2 10.5H2a.5.5 0 0 1-.5-.5V8H0v2a2 2 0 0 0 2 2h2v-1.5ZM8 12v-1.5h2a.5.5 0 0 0 .5-.5V8H12v2a2 2 0 0 1-2 2H8Zm2-12a2 2 0 0 1 2 2v2h-1.5V2a.5.5 0 0 0-.5-.5H8V0h2Z\" \/>\n\t\t\t<\/svg>\n\t\t<\/button><figcaption class=\"wp-element-caption\">in bester Stimmung bei der Afterrun-Party<\/figcaption>        <div data-wp-body=\"\" class=\"wp-lightbox-overlay zoom\"\n            data-wp-bind--role=\"selectors.core.image.roleAttribute\"\n            data-wp-bind--aria-label=\"selectors.core.image.dialogLabel\"\n            data-wp-class--initialized=\"context.core.image.initialized\"\n            data-wp-class--active=\"context.core.image.lightboxEnabled\"\n            data-wp-class--hideAnimationEnabled=\"context.core.image.hideAnimationEnabled\"\n            data-wp-bind--aria-modal=\"selectors.core.image.ariaModal\"\n            data-wp-effect=\"effects.core.image.initLightbox\"\n            data-wp-on--keydown=\"actions.core.image.handleKeydown\"\n            data-wp-on--touchstart=\"actions.core.image.handleTouchStart\"\n            data-wp-on--touchmove=\"actions.core.image.handleTouchMove\"\n            data-wp-on--touchend=\"actions.core.image.handleTouchEnd\"\n            data-wp-on--click=\"actions.core.image.hideLightbox\"\n            tabindex=\"-1\"\n            >\n                <button type=\"button\" aria-label=\"Schlie\u00dfen\" style=\"fill: #000\" class=\"close-button\" data-wp-on--click=\"actions.core.image.hideLightbox\">\n                    <svg xmlns=\"http:\/\/www.w3.org\/2000\/svg\" viewBox=\"0 0 24 24\" width=\"20\" height=\"20\" aria-hidden=\"true\" focusable=\"false\"><path d=\"M13 11.8l6.1-6.3-1-1-6.1 6.2-6.1-6.2-1 1 6.1 6.3-6.5 6.7 1 1 6.5-6.6 6.5 6.6 1-1z\"><\/path><\/svg>\n                <\/button>\n                <div class=\"lightbox-image-container\"><div class=\"wp-block-image\">\n<figure class=\"aligncenter size-large is-resized responsive-image\"><img decoding=\"async\" data-wp-bind--src=\"context.core.image.imageCurrentSrc\" data-wp-style--object-fit=\"selectors.core.image.lightboxObjectFit\" src=\"\" alt=\"\" class=\"wp-image-4457\" style=\"width:480px\"\/><figcaption class=\"wp-element-caption\">in bester Stimmung bei der Afterrun-Party<\/figcaption><\/figure><\/div><\/div>\n                <div class=\"lightbox-image-container\"><div class=\"wp-block-image\">\n<figure class=\"aligncenter size-large is-resized enlarged-image\"><img decoding=\"async\" data-wp-bind--src=\"selectors.core.image.enlargedImgSrc\" data-wp-style--object-fit=\"selectors.core.image.lightboxObjectFit\" src=\"\" alt=\"\" class=\"wp-image-4457\" style=\"width:480px\"\/><figcaption class=\"wp-element-caption\">in bester Stimmung bei der Afterrun-Party<\/figcaption><\/figure><\/div><\/div>\n                <div class=\"scrim\" style=\"background-color: #fff\" aria-hidden=\"true\"><\/div>\n        <\/div><\/figure><\/div>\n\n\n<p>Noch mehr Bilder mit Impressionen vom Lauf gibt&#8217;s auf der Webseite vom <a href=\"https:\/\/3tuermetrail.de\/\" data-type=\"link\" data-id=\"https:\/\/3tuermetrail.de\/\" target=\"_blank\" rel=\"noreferrer noopener\">3TT<\/a>.<\/p>\n","protected":false},"excerpt":{"rendered":"<p>Sonntagmorgen, 09. November 2025. Nebel h\u00e4ngt in den Baumwipfeln entlang des 3-T\u00fcrme-Wegs im Hagener Stadtwald. M\u00fchsam und nicht besonders erfolgreich k\u00e4mpft die Sonne dagegen an. Die knapp 270 Startenden beim 5. 3 T\u00fcrme Weg Trailrun kann das nicht davon abhalten, &#8230; <a class=\"more-link\" href=\"https:\/\/lauftreffhagen-emst.de\/?p=4398\">Read More &raquo;<\/a><\/p>\n","protected":false},"author":7,"featured_media":4431,"comment_status":"closed","ping_status":"open","sticky":false,"template":"","format":"standard","meta":{"footnotes":""},"categories":[22,18,4],"tags":[101,99,10],"_links":{"self":[{"href":"https:\/\/lauftreffhagen-emst.de\/index.php?rest_route=\/wp\/v2\/posts\/4398"}],"collection":[{"href":"https:\/\/lauftreffhagen-emst.de\/index.php?rest_route=\/wp\/v2\/posts"}],"about":[{"href":"https:\/\/lauftreffhagen-emst.de\/index.php?rest_route=\/wp\/v2\/types\/post"}],"author":[{"embeddable":true,"href":"https:\/\/lauftreffhagen-emst.de\/index.php?rest_route=\/wp\/v2\/users\/7"}],"replies":[{"embeddable":true,"href":"https:\/\/lauftreffhagen-emst.de\/index.php?rest_route=%2Fwp%2Fv2%2Fcomments&post=4398"}],"version-history":[{"count":25,"href":"https:\/\/lauftreffhagen-emst.de\/index.php?rest_route=\/wp\/v2\/posts\/4398\/revisions"}],"predecessor-version":[{"id":4475,"href":"https:\/\/lauftreffhagen-emst.de\/index.php?rest_route=\/wp\/v2\/posts\/4398\/revisions\/4475"}],"wp:featuredmedia":[{"embeddable":true,"href":"https:\/\/lauftreffhagen-emst.de\/index.php?rest_route=\/wp\/v2\/media\/4431"}],"wp:attachment":[{"href":"https:\/\/lauftreffhagen-emst.de\/index.php?rest_route=%2Fwp%2Fv2%2Fmedia&parent=4398"}],"wp:term":[{"taxonomy":"category","embeddable":true,"href":"https:\/\/lauftreffhagen-emst.de\/index.php?rest_route=%2Fwp%2Fv2%2Fcategories&post=4398"},{"taxonomy":"post_tag","embeddable":true,"href":"https:\/\/lauftreffhagen-emst.de\/index.php?rest_route=%2Fwp%2Fv2%2Ftags&post=4398"}],"curies":[{"name":"wp","href":"https:\/\/api.w.org\/{rel}","templated":true}]}}