{"id":434,"date":"2015-09-16T11:18:30","date_gmt":"2015-09-16T11:18:30","guid":{"rendered":"http:\/\/lauftreffhagen-emst.de\/?p=434"},"modified":"2015-09-22T17:46:14","modified_gmt":"2015-09-22T17:46:14","slug":"start-in-die-winterzeit","status":"publish","type":"post","link":"https:\/\/lauftreffhagen-emst.de\/?p=434","title":{"rendered":"Start in die Winterzeit"},"content":{"rendered":"<p>Ab Dienstag, dem 22.09.2015 beginnt die Winterzeit beim Lauftreff Emst und die L\u00e4ufer und L\u00e4uferinnen treffen sich an der Bezirkssportanlage an der Ha\u00dfleyer Stra\u00dfe.<br \/>\nDie Termine f\u00fcr die Walker findet ihr <a href=\"https:\/\/lauftreffhagen-emst.de\/?page_id=25\" title=\"Treffpunkte und Zeiten f\u00fcrs Walken\" target=\"_blank\">>hier<<\/a>.<\/p>\n<p>Bitte denkt in der dunklen Jahreszeit an eure Reflektorwesten und bringt Licht, am besten eine kleine Taschenlampe mit.<\/p>\n","protected":false},"excerpt":{"rendered":"<p>Ab Dienstag, dem 22.09.2015 beginnt die Winterzeit beim Lauftreff Emst und die L\u00e4ufer und L\u00e4uferinnen treffen sich an der Bezirkssportanlage an der Ha\u00dfleyer Stra\u00dfe. Die Termine f\u00fcr die Walker findet ihr >hier<\/p>\n","protected":false},"author":1,"featured_media":0,"comment_status":"open","ping_status":"open","sticky":false,"template":"","format":"standard","meta":{"footnotes":""},"categories":[3],"tags":[],"_links":{"self":[{"href":"https:\/\/lauftreffhagen-emst.de\/index.php?rest_route=\/wp\/v2\/posts\/434"}],"collection":[{"href":"https:\/\/lauftreffhagen-emst.de\/index.php?rest_route=\/wp\/v2\/posts"}],"about":[{"href":"https:\/\/lauftreffhagen-emst.de\/index.php?rest_route=\/wp\/v2\/types\/post"}],"author":[{"embeddable":true,"href":"https:\/\/lauftreffhagen-emst.de\/index.php?rest_route=\/wp\/v2\/users\/1"}],"replies":[{"embeddable":true,"href":"https:\/\/lauftreffhagen-emst.de\/index.php?rest_route=%2Fwp%2Fv2%2Fcomments&post=434"}],"version-history":[{"count":4,"href":"https:\/\/lauftreffhagen-emst.de\/index.php?rest_route=\/wp\/v2\/posts\/434\/revisions"}],"predecessor-version":[{"id":442,"href":"https:\/\/lauftreffhagen-emst.de\/index.php?rest_route=\/wp\/v2\/posts\/434\/revisions\/442"}],"wp:attachment":[{"href":"https:\/\/lauftreffhagen-emst.de\/index.php?rest_route=%2Fwp%2Fv2%2Fmedia&parent=434"}],"wp:term":[{"taxonomy":"category","embeddable":true,"href":"https:\/\/lauftreffhagen-emst.de\/index.php?rest_route=%2Fwp%2Fv2%2Fcategories&post=434"},{"taxonomy":"post_tag","embeddable":true,"href":"https:\/\/lauftreffhagen-emst.de\/index.php?rest_route=%2Fwp%2Fv2%2Ftags&post=434"}],"curies":[{"name":"wp","href":"https:\/\/api.w.org\/{rel}","templated":true}]}}