{"id":4060,"date":"2025-06-24T16:50:00","date_gmt":"2025-06-24T14:50:00","guid":{"rendered":"https:\/\/lauftreffhagen-emst.de\/?p=4060"},"modified":"2025-06-28T14:31:25","modified_gmt":"2025-06-28T12:31:25","slug":"2-hohenlimburger-lennelauf","status":"publish","type":"post","link":"https:\/\/lauftreffhagen-emst.de\/?p=4060","title":{"rendered":"2. Hohenlimburger Lennelauf"},"content":{"rendered":"\n<p>P\u00fcnktlich zum kalendarischen Sommeranfang knackte das Thermometer die 30 Grad Marke. Bis zum Nachmittag kletterte die Quecksilbers\u00e4ule noch ein weiteres Grad in die H\u00f6he, so dass der Hohenlimburger Lennelauf am 21. Juni 2025 zu einer Hitzeschlacht wurde. Respekt und Anerkennung allen Startenden, die diese Strapazen auf sich genommen haben.<\/p>\n\n\n\n<figure data-wp-context=\"{ &quot;core&quot;:\n\t\t\t\t{ &quot;image&quot;:\n\t\t\t\t\t{   &quot;imageLoaded&quot;: false,\n\t\t\t\t\t\t&quot;initialized&quot;: false,\n\t\t\t\t\t\t&quot;lightboxEnabled&quot;: false,\n\t\t\t\t\t\t&quot;hideAnimationEnabled&quot;: false,\n\t\t\t\t\t\t&quot;preloadInitialized&quot;: false,\n\t\t\t\t\t\t&quot;lightboxAnimation&quot;: &quot;zoom&quot;,\n\t\t\t\t\t\t&quot;imageUploadedSrc&quot;: &quot;https:\/\/lauftreffhagen-emst.de\/wp-content\/uploads\/2025\/06\/2025-06-21-Lennelauf-2.jpg&quot;,\n\t\t\t\t\t\t&quot;imageCurrentSrc&quot;: &quot;&quot;,\n\t\t\t\t\t\t&quot;targetWidth&quot;: &quot;971&quot;,\n\t\t\t\t\t\t&quot;targetHeight&quot;: &quot;728&quot;,\n\t\t\t\t\t\t&quot;scaleAttr&quot;: &quot;&quot;,\n\t\t\t\t\t\t&quot;dialogLabel&quot;: &quot;Vergr\u00f6\u00dfertes Bild&quot;\n\t\t\t\t\t}\n\t\t\t\t}\n\t\t\t}\" data-wp-interactive class=\"wp-block-image size-full wp-lightbox-container\"><img loading=\"lazy\" decoding=\"async\" width=\"971\" height=\"728\" data-wp-effect--setStylesOnResize=\"effects.core.image.setStylesOnResize\" data-wp-effect=\"effects.core.image.setButtonStyles\" data-wp-init=\"effects.core.image.initOriginImage\" data-wp-on--click=\"actions.core.image.showLightbox\" data-wp-on--load=\"actions.core.image.handleLoad\" src=\"https:\/\/lauftreffhagen-emst.de\/wp-content\/uploads\/2025\/06\/2025-06-21-Lennelauf-2.jpg\" alt=\"\" class=\"wp-image-4089\" srcset=\"https:\/\/lauftreffhagen-emst.de\/wp-content\/uploads\/2025\/06\/2025-06-21-Lennelauf-2.jpg 971w, https:\/\/lauftreffhagen-emst.de\/wp-content\/uploads\/2025\/06\/2025-06-21-Lennelauf-2-300x225.jpg 300w, https:\/\/lauftreffhagen-emst.de\/wp-content\/uploads\/2025\/06\/2025-06-21-Lennelauf-2-768x576.jpg 768w, https:\/\/lauftreffhagen-emst.de\/wp-content\/uploads\/2025\/06\/2025-06-21-Lennelauf-2-940x705.jpg 940w\" sizes=\"(max-width: 971px) 100vw, 971px\" \/><button\n\t\t\tclass=\"lightbox-trigger\"\n\t\t\ttype=\"button\"\n\t\t\taria-haspopup=\"dialog\"\n\t\t\taria-label=\"Bild vergr\u00f6\u00dfern\"\n\t\t\tdata-wp-on--click=\"actions.core.image.showLightbox\"\n\t\t\tdata-wp-style--right=\"context.core.image.imageButtonRight\"\n\t\t\tdata-wp-style--top=\"context.core.image.imageButtonTop\"\n\t\t>\n\t\t\t<svg xmlns=\"http:\/\/www.w3.org\/2000\/svg\" width=\"12\" height=\"12\" fill=\"none\" viewBox=\"0 0 12 12\">\n\t\t\t\t<path fill=\"#fff\" d=\"M2 0a2 2 0 0 0-2 2v2h1.5V2a.5.5 0 0 1 .5-.5h2V0H2Zm2 10.5H2a.5.5 0 0 1-.5-.5V8H0v2a2 2 0 0 0 2 2h2v-1.5ZM8 12v-1.5h2a.5.5 0 0 0 .5-.5V8H12v2a2 2 0 0 1-2 2H8Zm2-12a2 2 0 0 1 2 2v2h-1.5V2a.5.5 0 0 0-.5-.5H8V0h2Z\" \/>\n\t\t\t<\/svg>\n\t\t<\/button><figcaption class=\"wp-element-caption\">Christian, Friederike und Stefan (v. l. n. r.) beim Hohenlimburger Lennelauf<\/figcaption>        <div data-wp-body=\"\" class=\"wp-lightbox-overlay zoom\"\n            data-wp-bind--role=\"selectors.core.image.roleAttribute\"\n            data-wp-bind--aria-label=\"selectors.core.image.dialogLabel\"\n            data-wp-class--initialized=\"context.core.image.initialized\"\n            data-wp-class--active=\"context.core.image.lightboxEnabled\"\n            data-wp-class--hideAnimationEnabled=\"context.core.image.hideAnimationEnabled\"\n            data-wp-bind--aria-modal=\"selectors.core.image.ariaModal\"\n            data-wp-effect=\"effects.core.image.initLightbox\"\n            data-wp-on--keydown=\"actions.core.image.handleKeydown\"\n            data-wp-on--touchstart=\"actions.core.image.handleTouchStart\"\n            data-wp-on--touchmove=\"actions.core.image.handleTouchMove\"\n            data-wp-on--touchend=\"actions.core.image.handleTouchEnd\"\n            data-wp-on--click=\"actions.core.image.hideLightbox\"\n            tabindex=\"-1\"\n            >\n                <button type=\"button\" aria-label=\"Schlie\u00dfen\" style=\"fill: #000\" class=\"close-button\" data-wp-on--click=\"actions.core.image.hideLightbox\">\n                    <svg xmlns=\"http:\/\/www.w3.org\/2000\/svg\" viewBox=\"0 0 24 24\" width=\"20\" height=\"20\" aria-hidden=\"true\" focusable=\"false\"><path d=\"M13 11.8l6.1-6.3-1-1-6.1 6.2-6.1-6.2-1 1 6.1 6.3-6.5 6.7 1 1 6.5-6.6 6.5 6.6 1-1z\"><\/path><\/svg>\n                <\/button>\n                <div class=\"lightbox-image-container\">\n<figure class=\"wp-block-image size-full responsive-image\"><img decoding=\"async\" data-wp-bind--src=\"context.core.image.imageCurrentSrc\" data-wp-style--object-fit=\"selectors.core.image.lightboxObjectFit\" src=\"\" alt=\"\" class=\"wp-image-4089\"\/><figcaption class=\"wp-element-caption\">Christian, Friederike und Stefan (v. l. n. r.) beim Hohenlimburger Lennelauf<\/figcaption><\/figure>\n<\/div>\n                <div class=\"lightbox-image-container\">\n<figure class=\"wp-block-image size-full enlarged-image\"><img decoding=\"async\" data-wp-bind--src=\"selectors.core.image.enlargedImgSrc\" data-wp-style--object-fit=\"selectors.core.image.lightboxObjectFit\" src=\"\" alt=\"\" class=\"wp-image-4089\"\/><figcaption class=\"wp-element-caption\">Christian, Friederike und Stefan (v. l. n. r.) beim Hohenlimburger Lennelauf<\/figcaption><\/figure>\n<\/div>\n                <div class=\"scrim\" style=\"background-color: #fff\" aria-hidden=\"true\"><\/div>\n        <\/div><\/figure>\n\n\n\n<p>Sie wurden belohnt mit einer tollen Stimmung entlang der Laufstrecke. Im Bereich vor und hinter der Kettenbr\u00fccke war es unter den B\u00e4umen bei einem leichten Luftzug sogar noch verh\u00e4ltnism\u00e4\u00dfig k\u00fchl. Kurz vor dem Verpflegungspunkt sorgte die Feuerwehr ebenfalls f\u00fcr eine willkommene Abk\u00fchlung, indem ein Wasserbogen gespr\u00fcht wurde.<\/p>\n\n\n\n<p>Beim 10,8 km Lauf waren im Feld der 58 Teilnehmenden Friederike, Stephan und Christian vom Lauftreff Hagen-Emst vertreten. In ihren Altersklassen erzielten sie die folgenden Platzierungen: Stefan 3. AK M40 (47:15 Min.), Friederike 1. AK W50 (57:10 Min.), Christian 2. AK M55 (57:35 Min.). Herzlichen Gl\u00fcckwunsch!<\/p>\n\n\n<div class=\"wp-block-image\">\n<figure data-wp-context=\"{ &quot;core&quot;:\n\t\t\t\t{ &quot;image&quot;:\n\t\t\t\t\t{   &quot;imageLoaded&quot;: false,\n\t\t\t\t\t\t&quot;initialized&quot;: false,\n\t\t\t\t\t\t&quot;lightboxEnabled&quot;: false,\n\t\t\t\t\t\t&quot;hideAnimationEnabled&quot;: false,\n\t\t\t\t\t\t&quot;preloadInitialized&quot;: false,\n\t\t\t\t\t\t&quot;lightboxAnimation&quot;: &quot;zoom&quot;,\n\t\t\t\t\t\t&quot;imageUploadedSrc&quot;: &quot;https:\/\/lauftreffhagen-emst.de\/wp-content\/uploads\/2025\/06\/2025-06-21-Lennelauf-3.jpg&quot;,\n\t\t\t\t\t\t&quot;imageCurrentSrc&quot;: &quot;&quot;,\n\t\t\t\t\t\t&quot;targetWidth&quot;: &quot;1346&quot;,\n\t\t\t\t\t\t&quot;targetHeight&quot;: &quot;757&quot;,\n\t\t\t\t\t\t&quot;scaleAttr&quot;: &quot;&quot;,\n\t\t\t\t\t\t&quot;dialogLabel&quot;: &quot;Vergr\u00f6\u00dfertes Bild&quot;\n\t\t\t\t\t}\n\t\t\t\t}\n\t\t\t}\" data-wp-interactive class=\"aligncenter size-large is-resized wp-lightbox-container\"><img loading=\"lazy\" decoding=\"async\" width=\"1024\" height=\"576\" data-wp-effect--setStylesOnResize=\"effects.core.image.setStylesOnResize\" data-wp-effect=\"effects.core.image.setButtonStyles\" data-wp-init=\"effects.core.image.initOriginImage\" data-wp-on--click=\"actions.core.image.showLightbox\" data-wp-on--load=\"actions.core.image.handleLoad\" src=\"https:\/\/lauftreffhagen-emst.de\/wp-content\/uploads\/2025\/06\/2025-06-21-Lennelauf-3-1024x576.jpg\" alt=\"\" class=\"wp-image-4090\" style=\"width:554px;height:auto\" srcset=\"https:\/\/lauftreffhagen-emst.de\/wp-content\/uploads\/2025\/06\/2025-06-21-Lennelauf-3-1024x576.jpg 1024w, https:\/\/lauftreffhagen-emst.de\/wp-content\/uploads\/2025\/06\/2025-06-21-Lennelauf-3-300x169.jpg 300w, https:\/\/lauftreffhagen-emst.de\/wp-content\/uploads\/2025\/06\/2025-06-21-Lennelauf-3-768x432.jpg 768w, https:\/\/lauftreffhagen-emst.de\/wp-content\/uploads\/2025\/06\/2025-06-21-Lennelauf-3-940x529.jpg 940w, https:\/\/lauftreffhagen-emst.de\/wp-content\/uploads\/2025\/06\/2025-06-21-Lennelauf-3.jpg 1346w\" sizes=\"(max-width: 1024px) 100vw, 1024px\" \/><button\n\t\t\tclass=\"lightbox-trigger\"\n\t\t\ttype=\"button\"\n\t\t\taria-haspopup=\"dialog\"\n\t\t\taria-label=\"Bild vergr\u00f6\u00dfern\"\n\t\t\tdata-wp-on--click=\"actions.core.image.showLightbox\"\n\t\t\tdata-wp-style--right=\"context.core.image.imageButtonRight\"\n\t\t\tdata-wp-style--top=\"context.core.image.imageButtonTop\"\n\t\t>\n\t\t\t<svg xmlns=\"http:\/\/www.w3.org\/2000\/svg\" width=\"12\" height=\"12\" fill=\"none\" viewBox=\"0 0 12 12\">\n\t\t\t\t<path fill=\"#fff\" d=\"M2 0a2 2 0 0 0-2 2v2h1.5V2a.5.5 0 0 1 .5-.5h2V0H2Zm2 10.5H2a.5.5 0 0 1-.5-.5V8H0v2a2 2 0 0 0 2 2h2v-1.5ZM8 12v-1.5h2a.5.5 0 0 0 .5-.5V8H12v2a2 2 0 0 1-2 2H8Zm2-12a2 2 0 0 1 2 2v2h-1.5V2a.5.5 0 0 0-.5-.5H8V0h2Z\" \/>\n\t\t\t<\/svg>\n\t\t<\/button><figcaption class=\"wp-element-caption\">Nachschlag: Nach dem Lauf nochmal schnell abk\u00fchlen unter dem Wasserbogen.<\/figcaption>        <div data-wp-body=\"\" class=\"wp-lightbox-overlay zoom\"\n            data-wp-bind--role=\"selectors.core.image.roleAttribute\"\n            data-wp-bind--aria-label=\"selectors.core.image.dialogLabel\"\n            data-wp-class--initialized=\"context.core.image.initialized\"\n            data-wp-class--active=\"context.core.image.lightboxEnabled\"\n            data-wp-class--hideAnimationEnabled=\"context.core.image.hideAnimationEnabled\"\n            data-wp-bind--aria-modal=\"selectors.core.image.ariaModal\"\n            data-wp-effect=\"effects.core.image.initLightbox\"\n            data-wp-on--keydown=\"actions.core.image.handleKeydown\"\n            data-wp-on--touchstart=\"actions.core.image.handleTouchStart\"\n            data-wp-on--touchmove=\"actions.core.image.handleTouchMove\"\n            data-wp-on--touchend=\"actions.core.image.handleTouchEnd\"\n            data-wp-on--click=\"actions.core.image.hideLightbox\"\n            tabindex=\"-1\"\n            >\n                <button type=\"button\" aria-label=\"Schlie\u00dfen\" style=\"fill: #000\" class=\"close-button\" data-wp-on--click=\"actions.core.image.hideLightbox\">\n                    <svg xmlns=\"http:\/\/www.w3.org\/2000\/svg\" viewBox=\"0 0 24 24\" width=\"20\" height=\"20\" aria-hidden=\"true\" focusable=\"false\"><path d=\"M13 11.8l6.1-6.3-1-1-6.1 6.2-6.1-6.2-1 1 6.1 6.3-6.5 6.7 1 1 6.5-6.6 6.5 6.6 1-1z\"><\/path><\/svg>\n                <\/button>\n                <div class=\"lightbox-image-container\"><div class=\"wp-block-image\">\n<figure class=\"aligncenter size-large is-resized responsive-image\"><img decoding=\"async\" data-wp-bind--src=\"context.core.image.imageCurrentSrc\" data-wp-style--object-fit=\"selectors.core.image.lightboxObjectFit\" src=\"\" alt=\"\" class=\"wp-image-4090\" style=\"width:554px;height:auto\"\/><figcaption class=\"wp-element-caption\">Nachschlag: Nach dem Lauf nochmal schnell abk\u00fchlen unter dem Wasserbogen.<\/figcaption><\/figure><\/div><\/div>\n                <div class=\"lightbox-image-container\"><div class=\"wp-block-image\">\n<figure class=\"aligncenter size-large is-resized enlarged-image\"><img decoding=\"async\" data-wp-bind--src=\"selectors.core.image.enlargedImgSrc\" data-wp-style--object-fit=\"selectors.core.image.lightboxObjectFit\" src=\"\" alt=\"\" class=\"wp-image-4090\" style=\"width:554px;height:auto\"\/><figcaption class=\"wp-element-caption\">Nachschlag: Nach dem Lauf nochmal schnell abk\u00fchlen unter dem Wasserbogen.<\/figcaption><\/figure><\/div><\/div>\n                <div class=\"scrim\" style=\"background-color: #fff\" aria-hidden=\"true\"><\/div>\n        <\/div><\/figure><\/div>","protected":false},"excerpt":{"rendered":"<p>P\u00fcnktlich zum kalendarischen Sommeranfang knackte das Thermometer die 30 Grad Marke. Bis zum Nachmittag kletterte die Quecksilbers\u00e4ule noch ein weiteres Grad in die H\u00f6he, so dass der Hohenlimburger Lennelauf am 21. Juni 2025 zu einer Hitzeschlacht wurde. Respekt und Anerkennung &#8230; <a class=\"more-link\" href=\"https:\/\/lauftreffhagen-emst.de\/?p=4060\">Read More &raquo;<\/a><\/p>\n","protected":false},"author":7,"featured_media":4091,"comment_status":"closed","ping_status":"open","sticky":false,"template":"","format":"standard","meta":{"footnotes":""},"categories":[22,18,4],"tags":[100,10],"_links":{"self":[{"href":"https:\/\/lauftreffhagen-emst.de\/index.php?rest_route=\/wp\/v2\/posts\/4060"}],"collection":[{"href":"https:\/\/lauftreffhagen-emst.de\/index.php?rest_route=\/wp\/v2\/posts"}],"about":[{"href":"https:\/\/lauftreffhagen-emst.de\/index.php?rest_route=\/wp\/v2\/types\/post"}],"author":[{"embeddable":true,"href":"https:\/\/lauftreffhagen-emst.de\/index.php?rest_route=\/wp\/v2\/users\/7"}],"replies":[{"embeddable":true,"href":"https:\/\/lauftreffhagen-emst.de\/index.php?rest_route=%2Fwp%2Fv2%2Fcomments&post=4060"}],"version-history":[{"count":3,"href":"https:\/\/lauftreffhagen-emst.de\/index.php?rest_route=\/wp\/v2\/posts\/4060\/revisions"}],"predecessor-version":[{"id":4093,"href":"https:\/\/lauftreffhagen-emst.de\/index.php?rest_route=\/wp\/v2\/posts\/4060\/revisions\/4093"}],"wp:featuredmedia":[{"embeddable":true,"href":"https:\/\/lauftreffhagen-emst.de\/index.php?rest_route=\/wp\/v2\/media\/4091"}],"wp:attachment":[{"href":"https:\/\/lauftreffhagen-emst.de\/index.php?rest_route=%2Fwp%2Fv2%2Fmedia&parent=4060"}],"wp:term":[{"taxonomy":"category","embeddable":true,"href":"https:\/\/lauftreffhagen-emst.de\/index.php?rest_route=%2Fwp%2Fv2%2Fcategories&post=4060"},{"taxonomy":"post_tag","embeddable":true,"href":"https:\/\/lauftreffhagen-emst.de\/index.php?rest_route=%2Fwp%2Fv2%2Ftags&post=4060"}],"curies":[{"name":"wp","href":"https:\/\/api.w.org\/{rel}","templated":true}]}}