{"id":381,"date":"2015-05-25T19:12:59","date_gmt":"2015-05-25T19:12:59","guid":{"rendered":"http:\/\/lauftreffhagen-emst.de\/?p=381"},"modified":"2015-05-28T20:24:58","modified_gmt":"2015-05-28T20:24:58","slug":"lauftreffler-erfolgreich-beim-emster-volkslauf","status":"publish","type":"post","link":"https:\/\/lauftreffhagen-emst.de\/?p=381","title":{"rendered":"Lauftreffler erfolgreich beim Emster Volkslauf"},"content":{"rendered":"<figure id=\"attachment_383\" aria-describedby=\"caption-attachment-383\" style=\"width: 300px\" class=\"wp-caption alignnone\"><a href=\"https:\/\/lauftreffhagen-emst.de\/wp-content\/uploads\/2015\/05\/IMG_5097k.jpg\"><img loading=\"lazy\" decoding=\"async\" class=\"wp-image-383 size-medium\" src=\"https:\/\/lauftreffhagen-emst.de\/wp-content\/uploads\/2015\/05\/IMG_5097k-300x200.jpg\" alt=\"IMG_5097k\" width=\"300\" height=\"200\" srcset=\"https:\/\/lauftreffhagen-emst.de\/wp-content\/uploads\/2015\/05\/IMG_5097k-300x200.jpg 300w, https:\/\/lauftreffhagen-emst.de\/wp-content\/uploads\/2015\/05\/IMG_5097k.jpg 1024w, https:\/\/lauftreffhagen-emst.de\/wp-content\/uploads\/2015\/05\/IMG_5097k-600x400.jpg 600w\" sizes=\"(max-width: 300px) 100vw, 300px\" \/><\/a><figcaption id=\"caption-attachment-383\" class=\"wp-caption-text\">Das Emster Lauf-Team mit seinen Betreuern<\/figcaption><\/figure>\n<p>&nbsp;<\/p>\n<p>Beim diesj\u00e4hrigen Volkslauf des SC Concordia Hagen auf Emst nahmen auch erfolgreich L\u00e4ufer und L\u00e4uferinnen des Lauftreffs Emst teil.<\/p>\n<figure id=\"attachment_384\" aria-describedby=\"caption-attachment-384\" style=\"width: 105px\" class=\"wp-caption aligncenter\"><a href=\"https:\/\/lauftreffhagen-emst.de\/wp-content\/uploads\/2015\/05\/IMG_5099k.jpg\"><img loading=\"lazy\" decoding=\"async\" class=\"wp-image-384 size-medium\" src=\"https:\/\/lauftreffhagen-emst.de\/wp-content\/uploads\/2015\/05\/IMG_5099k-105x300.jpg\" alt=\"IMG_5099k\" width=\"105\" height=\"300\" srcset=\"https:\/\/lauftreffhagen-emst.de\/wp-content\/uploads\/2015\/05\/IMG_5099k-105x300.jpg 105w, https:\/\/lauftreffhagen-emst.de\/wp-content\/uploads\/2015\/05\/IMG_5099k.jpg 265w\" sizes=\"(max-width: 105px) 100vw, 105px\" \/><\/a><figcaption id=\"caption-attachment-384\" class=\"wp-caption-text\">Klaus kam auf den ersten Platz in seiner AK<\/figcaption><\/figure>\n<p>&nbsp;<\/p>\n<p>Wir gratulieren unserem Lauftreffleiter Klaus M\u00fcntefering, der beim 10 km-Lauf in der Altersklasse M65 den ersten Platz mit einer Zeit von 52,19 gewonnen hat, sowie Heidi Nordmeier, die sich \u00fcber den dritten Platz in der Altersklasse W50 freut.<\/p>\n","protected":false},"excerpt":{"rendered":"<p>&nbsp; Beim diesj\u00e4hrigen Volkslauf des SC Concordia Hagen auf Emst nahmen auch erfolgreich L\u00e4ufer und L\u00e4uferinnen des Lauftreffs Emst teil. &nbsp; Wir gratulieren unserem Lauftreffleiter Klaus M\u00fcntefering, der beim 10 km-Lauf in der Altersklasse M65 den ersten Platz mit einer &#8230; <a class=\"more-link\" href=\"https:\/\/lauftreffhagen-emst.de\/?p=381\">Read More &raquo;<\/a><\/p>\n","protected":false},"author":1,"featured_media":383,"comment_status":"open","ping_status":"open","sticky":false,"template":"","format":"standard","meta":{"footnotes":""},"categories":[4],"tags":[],"_links":{"self":[{"href":"https:\/\/lauftreffhagen-emst.de\/index.php?rest_route=\/wp\/v2\/posts\/381"}],"collection":[{"href":"https:\/\/lauftreffhagen-emst.de\/index.php?rest_route=\/wp\/v2\/posts"}],"about":[{"href":"https:\/\/lauftreffhagen-emst.de\/index.php?rest_route=\/wp\/v2\/types\/post"}],"author":[{"embeddable":true,"href":"https:\/\/lauftreffhagen-emst.de\/index.php?rest_route=\/wp\/v2\/users\/1"}],"replies":[{"embeddable":true,"href":"https:\/\/lauftreffhagen-emst.de\/index.php?rest_route=%2Fwp%2Fv2%2Fcomments&post=381"}],"version-history":[{"count":9,"href":"https:\/\/lauftreffhagen-emst.de\/index.php?rest_route=\/wp\/v2\/posts\/381\/revisions"}],"predecessor-version":[{"id":389,"href":"https:\/\/lauftreffhagen-emst.de\/index.php?rest_route=\/wp\/v2\/posts\/381\/revisions\/389"}],"wp:featuredmedia":[{"embeddable":true,"href":"https:\/\/lauftreffhagen-emst.de\/index.php?rest_route=\/wp\/v2\/media\/383"}],"wp:attachment":[{"href":"https:\/\/lauftreffhagen-emst.de\/index.php?rest_route=%2Fwp%2Fv2%2Fmedia&parent=381"}],"wp:term":[{"taxonomy":"category","embeddable":true,"href":"https:\/\/lauftreffhagen-emst.de\/index.php?rest_route=%2Fwp%2Fv2%2Fcategories&post=381"},{"taxonomy":"post_tag","embeddable":true,"href":"https:\/\/lauftreffhagen-emst.de\/index.php?rest_route=%2Fwp%2Fv2%2Ftags&post=381"}],"curies":[{"name":"wp","href":"https:\/\/api.w.org\/{rel}","templated":true}]}}