{"id":3387,"date":"2024-09-16T17:00:00","date_gmt":"2024-09-16T15:00:00","guid":{"rendered":"https:\/\/lauftreffhagen-emst.de\/?p=3387"},"modified":"2024-10-27T23:17:55","modified_gmt":"2024-10-27T22:17:55","slug":"10-schwelmer-citylauf","status":"publish","type":"post","link":"https:\/\/lauftreffhagen-emst.de\/?p=3387","title":{"rendered":"10. Schwelmer Citylauf"},"content":{"rendered":"\n<p>Der Schwelmer Citylauf am 14.09.2024 stand dieses Jahr ganz im Zeichen des 10. Jubil\u00e4ums. Beim Jubil\u00e4umslauf \u00fcber 10 km sind Friederike, Stefan, Michael T. und Christian f\u00fcr den Lauftreff Hagen-Emst gestartet. <\/p>\n\n\n\n<figure class=\"wp-block-image size-full\"><img loading=\"lazy\" decoding=\"async\" width=\"877\" height=\"656\" src=\"https:\/\/lauftreffhagen-emst.de\/wp-content\/uploads\/2024\/10\/2024-09-14-Schwelmer-Citylauf-1.jpg\" alt=\"\" class=\"wp-image-3549\" srcset=\"https:\/\/lauftreffhagen-emst.de\/wp-content\/uploads\/2024\/10\/2024-09-14-Schwelmer-Citylauf-1.jpg 877w, https:\/\/lauftreffhagen-emst.de\/wp-content\/uploads\/2024\/10\/2024-09-14-Schwelmer-Citylauf-1-300x224.jpg 300w, https:\/\/lauftreffhagen-emst.de\/wp-content\/uploads\/2024\/10\/2024-09-14-Schwelmer-Citylauf-1-768x574.jpg 768w\" sizes=\"(max-width: 877px) 100vw, 877px\" \/><figcaption class=\"wp-element-caption\">Startende beim 10. Schwelmer Citylauf (v. l. n. r.): Michael T., Friederike, Stefan, Christian<\/figcaption><\/figure>\n\n\n\n<p>Sechsmal musste der schnelle Rundkurs in der Schwelmer Innenstadt durchlaufen werden. <br>Im Minutentakt erreichten die Lauftreffler das Ziel und neben vorderen Platzierungen auch neue pers\u00f6nliche Bestzeiten: Stefan (neue PB 44:06, 2. M40), Michael T. (45:12, 3. M40), Friederike (46:32, 1. W45) Christian (neue PB 47:46, 4. M50). <br>Addiert mal unsere Platzierungen in den Altersklassen&#8230;<br>Auf diesen Wege nochmal herzlichen Gl\u00fcckwunsch an die TG Rote Erde zum 10. Jubil\u00e4um!<\/p>\n\n\n<div class=\"wp-block-image\">\n<figure data-wp-context=\"{ &quot;core&quot;:\n\t\t\t\t{ &quot;image&quot;:\n\t\t\t\t\t{   &quot;imageLoaded&quot;: false,\n\t\t\t\t\t\t&quot;initialized&quot;: false,\n\t\t\t\t\t\t&quot;lightboxEnabled&quot;: false,\n\t\t\t\t\t\t&quot;hideAnimationEnabled&quot;: false,\n\t\t\t\t\t\t&quot;preloadInitialized&quot;: false,\n\t\t\t\t\t\t&quot;lightboxAnimation&quot;: &quot;zoom&quot;,\n\t\t\t\t\t\t&quot;imageUploadedSrc&quot;: &quot;https:\/\/lauftreffhagen-emst.de\/wp-content\/uploads\/2024\/10\/2024-09-14-Schwelmer-Citylauf-5.jpg&quot;,\n\t\t\t\t\t\t&quot;imageCurrentSrc&quot;: &quot;&quot;,\n\t\t\t\t\t\t&quot;targetWidth&quot;: &quot;1080&quot;,\n\t\t\t\t\t\t&quot;targetHeight&quot;: &quot;1586&quot;,\n\t\t\t\t\t\t&quot;scaleAttr&quot;: &quot;&quot;,\n\t\t\t\t\t\t&quot;dialogLabel&quot;: &quot;Vergr\u00f6\u00dfertes Bild&quot;\n\t\t\t\t\t}\n\t\t\t\t}\n\t\t\t}\" data-wp-interactive class=\"aligncenter size-large is-resized wp-lightbox-container\"><img loading=\"lazy\" decoding=\"async\" width=\"697\" height=\"1024\" data-wp-effect--setStylesOnResize=\"effects.core.image.setStylesOnResize\" data-wp-effect=\"effects.core.image.setButtonStyles\" data-wp-init=\"effects.core.image.initOriginImage\" data-wp-on--click=\"actions.core.image.showLightbox\" data-wp-on--load=\"actions.core.image.handleLoad\" src=\"https:\/\/lauftreffhagen-emst.de\/wp-content\/uploads\/2024\/10\/2024-09-14-Schwelmer-Citylauf-5-697x1024.jpg\" alt=\"\" class=\"wp-image-3565\" style=\"width:430px;height:auto\" srcset=\"https:\/\/lauftreffhagen-emst.de\/wp-content\/uploads\/2024\/10\/2024-09-14-Schwelmer-Citylauf-5-697x1024.jpg 697w, https:\/\/lauftreffhagen-emst.de\/wp-content\/uploads\/2024\/10\/2024-09-14-Schwelmer-Citylauf-5-204x300.jpg 204w, https:\/\/lauftreffhagen-emst.de\/wp-content\/uploads\/2024\/10\/2024-09-14-Schwelmer-Citylauf-5-768x1128.jpg 768w, https:\/\/lauftreffhagen-emst.de\/wp-content\/uploads\/2024\/10\/2024-09-14-Schwelmer-Citylauf-5-1046x1536.jpg 1046w, https:\/\/lauftreffhagen-emst.de\/wp-content\/uploads\/2024\/10\/2024-09-14-Schwelmer-Citylauf-5-940x1380.jpg 940w, https:\/\/lauftreffhagen-emst.de\/wp-content\/uploads\/2024\/10\/2024-09-14-Schwelmer-Citylauf-5.jpg 1080w\" sizes=\"(max-width: 697px) 100vw, 697px\" \/><button\n\t\t\tclass=\"lightbox-trigger\"\n\t\t\ttype=\"button\"\n\t\t\taria-haspopup=\"dialog\"\n\t\t\taria-label=\"Bild vergr\u00f6\u00dfern\"\n\t\t\tdata-wp-on--click=\"actions.core.image.showLightbox\"\n\t\t\tdata-wp-style--right=\"context.core.image.imageButtonRight\"\n\t\t\tdata-wp-style--top=\"context.core.image.imageButtonTop\"\n\t\t>\n\t\t\t<svg xmlns=\"http:\/\/www.w3.org\/2000\/svg\" width=\"12\" height=\"12\" fill=\"none\" viewBox=\"0 0 12 12\">\n\t\t\t\t<path fill=\"#fff\" d=\"M2 0a2 2 0 0 0-2 2v2h1.5V2a.5.5 0 0 1 .5-.5h2V0H2Zm2 10.5H2a.5.5 0 0 1-.5-.5V8H0v2a2 2 0 0 0 2 2h2v-1.5ZM8 12v-1.5h2a.5.5 0 0 0 .5-.5V8H12v2a2 2 0 0 1-2 2H8Zm2-12a2 2 0 0 1 2 2v2h-1.5V2a.5.5 0 0 0-.5-.5H8V0h2Z\" \/>\n\t\t\t<\/svg>\n\t\t<\/button><figcaption class=\"wp-element-caption\">Foto: Dominik Adels <br>Gut versorgt in bester Stimmung im Ziel.<\/figcaption>        <div data-wp-body=\"\" class=\"wp-lightbox-overlay zoom\"\n            data-wp-bind--role=\"selectors.core.image.roleAttribute\"\n            data-wp-bind--aria-label=\"selectors.core.image.dialogLabel\"\n            data-wp-class--initialized=\"context.core.image.initialized\"\n            data-wp-class--active=\"context.core.image.lightboxEnabled\"\n            data-wp-class--hideAnimationEnabled=\"context.core.image.hideAnimationEnabled\"\n            data-wp-bind--aria-modal=\"selectors.core.image.ariaModal\"\n            data-wp-effect=\"effects.core.image.initLightbox\"\n            data-wp-on--keydown=\"actions.core.image.handleKeydown\"\n            data-wp-on--touchstart=\"actions.core.image.handleTouchStart\"\n            data-wp-on--touchmove=\"actions.core.image.handleTouchMove\"\n            data-wp-on--touchend=\"actions.core.image.handleTouchEnd\"\n            data-wp-on--click=\"actions.core.image.hideLightbox\"\n            tabindex=\"-1\"\n            >\n                <button type=\"button\" aria-label=\"Schlie\u00dfen\" style=\"fill: #000\" class=\"close-button\" data-wp-on--click=\"actions.core.image.hideLightbox\">\n                    <svg xmlns=\"http:\/\/www.w3.org\/2000\/svg\" viewBox=\"0 0 24 24\" width=\"20\" height=\"20\" aria-hidden=\"true\" focusable=\"false\"><path d=\"M13 11.8l6.1-6.3-1-1-6.1 6.2-6.1-6.2-1 1 6.1 6.3-6.5 6.7 1 1 6.5-6.6 6.5 6.6 1-1z\"><\/path><\/svg>\n                <\/button>\n                <div class=\"lightbox-image-container\"><div class=\"wp-block-image\">\n<figure class=\"aligncenter size-large is-resized responsive-image\"><img decoding=\"async\" data-wp-bind--src=\"context.core.image.imageCurrentSrc\" data-wp-style--object-fit=\"selectors.core.image.lightboxObjectFit\" src=\"\" alt=\"\" class=\"wp-image-3565\" style=\"width:430px;height:auto\"\/><figcaption class=\"wp-element-caption\">Foto: Dominik Adels <br>Gut versorgt in bester Stimmung im Ziel.<\/figcaption><\/figure><\/div><\/div>\n                <div class=\"lightbox-image-container\"><div class=\"wp-block-image\">\n<figure class=\"aligncenter size-large is-resized enlarged-image\"><img decoding=\"async\" data-wp-bind--src=\"selectors.core.image.enlargedImgSrc\" data-wp-style--object-fit=\"selectors.core.image.lightboxObjectFit\" src=\"\" alt=\"\" class=\"wp-image-3565\" style=\"width:430px;height:auto\"\/><figcaption class=\"wp-element-caption\">Foto: Dominik Adels <br>Gut versorgt in bester Stimmung im Ziel.<\/figcaption><\/figure><\/div><\/div>\n                <div class=\"scrim\" style=\"background-color: #fff\" aria-hidden=\"true\"><\/div>\n        <\/div><\/figure><\/div>\n\n\n<p>Friederike hat in Ihrer Altersklasse den 1. Platz erreicht und wurde bei der Siegerehrung mit einem Pokal und dem Glas des Sponsors geehrt. <br>Herzlichen Gl\u00fcckwunsch!<\/p>\n\n\n\n<figure class=\"wp-block-gallery has-nested-images columns-default is-cropped wp-block-gallery-1 is-layout-flex wp-block-gallery-is-layout-flex\">\n<figure class=\"wp-block-image size-full\"><img loading=\"lazy\" decoding=\"async\" width=\"767\" height=\"1377\" data-id=\"3550\" src=\"https:\/\/lauftreffhagen-emst.de\/wp-content\/uploads\/2024\/10\/2024-09-14-Schwelmer-Citylauf-2.jpg\" alt=\"\" class=\"wp-image-3550\" srcset=\"https:\/\/lauftreffhagen-emst.de\/wp-content\/uploads\/2024\/10\/2024-09-14-Schwelmer-Citylauf-2.jpg 767w, https:\/\/lauftreffhagen-emst.de\/wp-content\/uploads\/2024\/10\/2024-09-14-Schwelmer-Citylauf-2-167x300.jpg 167w, https:\/\/lauftreffhagen-emst.de\/wp-content\/uploads\/2024\/10\/2024-09-14-Schwelmer-Citylauf-2-570x1024.jpg 570w\" sizes=\"(max-width: 767px) 100vw, 767px\" \/><figcaption class=\"wp-element-caption\">1. W45: Friederike<\/figcaption><\/figure>\n\n\n\n<figure class=\"wp-block-image size-full\"><img loading=\"lazy\" decoding=\"async\" width=\"1134\" height=\"2016\" data-id=\"3556\" src=\"https:\/\/lauftreffhagen-emst.de\/wp-content\/uploads\/2024\/10\/2024-09-14-Schwelmer-Citylauf-4.jpg\" alt=\"\" class=\"wp-image-3556\" srcset=\"https:\/\/lauftreffhagen-emst.de\/wp-content\/uploads\/2024\/10\/2024-09-14-Schwelmer-Citylauf-4.jpg 1134w, https:\/\/lauftreffhagen-emst.de\/wp-content\/uploads\/2024\/10\/2024-09-14-Schwelmer-Citylauf-4-169x300.jpg 169w, https:\/\/lauftreffhagen-emst.de\/wp-content\/uploads\/2024\/10\/2024-09-14-Schwelmer-Citylauf-4-576x1024.jpg 576w, https:\/\/lauftreffhagen-emst.de\/wp-content\/uploads\/2024\/10\/2024-09-14-Schwelmer-Citylauf-4-768x1365.jpg 768w, https:\/\/lauftreffhagen-emst.de\/wp-content\/uploads\/2024\/10\/2024-09-14-Schwelmer-Citylauf-4-864x1536.jpg 864w, https:\/\/lauftreffhagen-emst.de\/wp-content\/uploads\/2024\/10\/2024-09-14-Schwelmer-Citylauf-4-940x1671.jpg 940w\" sizes=\"(max-width: 1134px) 100vw, 1134px\" \/><\/figure>\n<\/figure>\n","protected":false},"excerpt":{"rendered":"<p>Der Schwelmer Citylauf am 14.09.2024 stand dieses Jahr ganz im Zeichen des 10. Jubil\u00e4ums. Beim Jubil\u00e4umslauf \u00fcber 10 km sind Friederike, Stefan, Michael T. und Christian f\u00fcr den Lauftreff Hagen-Emst gestartet. Sechsmal musste der schnelle Rundkurs in der Schwelmer Innenstadt &#8230; <a class=\"more-link\" href=\"https:\/\/lauftreffhagen-emst.de\/?p=3387\">Read More &raquo;<\/a><\/p>\n","protected":false},"author":7,"featured_media":3549,"comment_status":"closed","ping_status":"open","sticky":false,"template":"","format":"standard","meta":{"footnotes":""},"categories":[22,18,4],"tags":[58,102,10],"_links":{"self":[{"href":"https:\/\/lauftreffhagen-emst.de\/index.php?rest_route=\/wp\/v2\/posts\/3387"}],"collection":[{"href":"https:\/\/lauftreffhagen-emst.de\/index.php?rest_route=\/wp\/v2\/posts"}],"about":[{"href":"https:\/\/lauftreffhagen-emst.de\/index.php?rest_route=\/wp\/v2\/types\/post"}],"author":[{"embeddable":true,"href":"https:\/\/lauftreffhagen-emst.de\/index.php?rest_route=\/wp\/v2\/users\/7"}],"replies":[{"embeddable":true,"href":"https:\/\/lauftreffhagen-emst.de\/index.php?rest_route=%2Fwp%2Fv2%2Fcomments&post=3387"}],"version-history":[{"count":16,"href":"https:\/\/lauftreffhagen-emst.de\/index.php?rest_route=\/wp\/v2\/posts\/3387\/revisions"}],"predecessor-version":[{"id":3573,"href":"https:\/\/lauftreffhagen-emst.de\/index.php?rest_route=\/wp\/v2\/posts\/3387\/revisions\/3573"}],"wp:featuredmedia":[{"embeddable":true,"href":"https:\/\/lauftreffhagen-emst.de\/index.php?rest_route=\/wp\/v2\/media\/3549"}],"wp:attachment":[{"href":"https:\/\/lauftreffhagen-emst.de\/index.php?rest_route=%2Fwp%2Fv2%2Fmedia&parent=3387"}],"wp:term":[{"taxonomy":"category","embeddable":true,"href":"https:\/\/lauftreffhagen-emst.de\/index.php?rest_route=%2Fwp%2Fv2%2Fcategories&post=3387"},{"taxonomy":"post_tag","embeddable":true,"href":"https:\/\/lauftreffhagen-emst.de\/index.php?rest_route=%2Fwp%2Fv2%2Ftags&post=3387"}],"curies":[{"name":"wp","href":"https:\/\/api.w.org\/{rel}","templated":true}]}}