{"id":317,"date":"2015-03-28T19:33:27","date_gmt":"2015-03-28T19:33:27","guid":{"rendered":"http:\/\/lauftreffhagen-emst.de\/?p=317"},"modified":"2015-03-28T19:46:41","modified_gmt":"2015-03-28T19:46:41","slug":"sommerzeit-beim-lauftreff-emst","status":"publish","type":"post","link":"https:\/\/lauftreffhagen-emst.de\/?p=317","title":{"rendered":"Sommerzeit beim Lauftreff Emst"},"content":{"rendered":"<p>Am 07.04.2015 beginnt beim Lauftreff Hagen-Emst die Sommerzeit. F\u00fcr die L\u00e4ufer ist der Treffpunkt am Emster W\u00e4ldchen. Die Walker treffen sich je nach Gruppe (<a href=\"https:\/\/lauftreffhagen-emst.de\/?page_id=25#Sommerzeit\" title=\"Treffpunkte und Zeiten f\u00fcrs Walken\">hier klicken<\/a>).<\/p>\n","protected":false},"excerpt":{"rendered":"<p>Am 07.04.2015 beginnt beim Lauftreff Hagen-Emst die Sommerzeit. F\u00fcr die L\u00e4ufer ist der Treffpunkt am Emster W\u00e4ldchen. Die Walker treffen sich je nach Gruppe (hier klicken).<\/p>\n","protected":false},"author":1,"featured_media":0,"comment_status":"open","ping_status":"open","sticky":false,"template":"","format":"link","meta":{"footnotes":""},"categories":[3],"tags":[],"_links":{"self":[{"href":"https:\/\/lauftreffhagen-emst.de\/index.php?rest_route=\/wp\/v2\/posts\/317"}],"collection":[{"href":"https:\/\/lauftreffhagen-emst.de\/index.php?rest_route=\/wp\/v2\/posts"}],"about":[{"href":"https:\/\/lauftreffhagen-emst.de\/index.php?rest_route=\/wp\/v2\/types\/post"}],"author":[{"embeddable":true,"href":"https:\/\/lauftreffhagen-emst.de\/index.php?rest_route=\/wp\/v2\/users\/1"}],"replies":[{"embeddable":true,"href":"https:\/\/lauftreffhagen-emst.de\/index.php?rest_route=%2Fwp%2Fv2%2Fcomments&post=317"}],"version-history":[{"count":2,"href":"https:\/\/lauftreffhagen-emst.de\/index.php?rest_route=\/wp\/v2\/posts\/317\/revisions"}],"predecessor-version":[{"id":321,"href":"https:\/\/lauftreffhagen-emst.de\/index.php?rest_route=\/wp\/v2\/posts\/317\/revisions\/321"}],"wp:attachment":[{"href":"https:\/\/lauftreffhagen-emst.de\/index.php?rest_route=%2Fwp%2Fv2%2Fmedia&parent=317"}],"wp:term":[{"taxonomy":"category","embeddable":true,"href":"https:\/\/lauftreffhagen-emst.de\/index.php?rest_route=%2Fwp%2Fv2%2Fcategories&post=317"},{"taxonomy":"post_tag","embeddable":true,"href":"https:\/\/lauftreffhagen-emst.de\/index.php?rest_route=%2Fwp%2Fv2%2Ftags&post=317"}],"curies":[{"name":"wp","href":"https:\/\/api.w.org\/{rel}","templated":true}]}}