{"id":3083,"date":"2024-05-10T12:00:00","date_gmt":"2024-05-10T10:00:00","guid":{"rendered":"https:\/\/lauftreffhagen-emst.de\/?p=3083"},"modified":"2024-08-16T00:40:04","modified_gmt":"2024-08-15T22:40:04","slug":"54-hagener-volkslauf","status":"publish","type":"post","link":"https:\/\/lauftreffhagen-emst.de\/?p=3083","title":{"rendered":"54. Hagener Volkslauf"},"content":{"rendered":"\n<figure data-wp-context=\"{ &quot;core&quot;:\n\t\t\t\t{ &quot;image&quot;:\n\t\t\t\t\t{   &quot;imageLoaded&quot;: false,\n\t\t\t\t\t\t&quot;initialized&quot;: false,\n\t\t\t\t\t\t&quot;lightboxEnabled&quot;: false,\n\t\t\t\t\t\t&quot;hideAnimationEnabled&quot;: false,\n\t\t\t\t\t\t&quot;preloadInitialized&quot;: false,\n\t\t\t\t\t\t&quot;lightboxAnimation&quot;: &quot;zoom&quot;,\n\t\t\t\t\t\t&quot;imageUploadedSrc&quot;: &quot;https:\/\/lauftreffhagen-emst.de\/wp-content\/uploads\/2024\/05\/2024-05-09-Volkslauf-2.jpg&quot;,\n\t\t\t\t\t\t&quot;imageCurrentSrc&quot;: &quot;&quot;,\n\t\t\t\t\t\t&quot;targetWidth&quot;: &quot;1211&quot;,\n\t\t\t\t\t\t&quot;targetHeight&quot;: &quot;679&quot;,\n\t\t\t\t\t\t&quot;scaleAttr&quot;: &quot;&quot;,\n\t\t\t\t\t\t&quot;dialogLabel&quot;: &quot;Vergr\u00f6\u00dfertes Bild&quot;\n\t\t\t\t\t}\n\t\t\t\t}\n\t\t\t}\" data-wp-interactive class=\"wp-block-image size-large wp-lightbox-container\"><img loading=\"lazy\" decoding=\"async\" width=\"1024\" height=\"574\" data-wp-effect--setStylesOnResize=\"effects.core.image.setStylesOnResize\" data-wp-effect=\"effects.core.image.setButtonStyles\" data-wp-init=\"effects.core.image.initOriginImage\" data-wp-on--click=\"actions.core.image.showLightbox\" data-wp-on--load=\"actions.core.image.handleLoad\" src=\"https:\/\/lauftreffhagen-emst.de\/wp-content\/uploads\/2024\/05\/2024-05-09-Volkslauf-2-1024x574.jpg\" alt=\"\" class=\"wp-image-3129\" srcset=\"https:\/\/lauftreffhagen-emst.de\/wp-content\/uploads\/2024\/05\/2024-05-09-Volkslauf-2-1024x574.jpg 1024w, https:\/\/lauftreffhagen-emst.de\/wp-content\/uploads\/2024\/05\/2024-05-09-Volkslauf-2-300x168.jpg 300w, https:\/\/lauftreffhagen-emst.de\/wp-content\/uploads\/2024\/05\/2024-05-09-Volkslauf-2-768x431.jpg 768w, https:\/\/lauftreffhagen-emst.de\/wp-content\/uploads\/2024\/05\/2024-05-09-Volkslauf-2-940x527.jpg 940w, https:\/\/lauftreffhagen-emst.de\/wp-content\/uploads\/2024\/05\/2024-05-09-Volkslauf-2.jpg 1211w\" sizes=\"(max-width: 1024px) 100vw, 1024px\" \/><button\n\t\t\tclass=\"lightbox-trigger\"\n\t\t\ttype=\"button\"\n\t\t\taria-haspopup=\"dialog\"\n\t\t\taria-label=\"Bild vergr\u00f6\u00dfern\"\n\t\t\tdata-wp-on--click=\"actions.core.image.showLightbox\"\n\t\t\tdata-wp-style--right=\"context.core.image.imageButtonRight\"\n\t\t\tdata-wp-style--top=\"context.core.image.imageButtonTop\"\n\t\t>\n\t\t\t<svg xmlns=\"http:\/\/www.w3.org\/2000\/svg\" width=\"12\" height=\"12\" fill=\"none\" viewBox=\"0 0 12 12\">\n\t\t\t\t<path fill=\"#fff\" d=\"M2 0a2 2 0 0 0-2 2v2h1.5V2a.5.5 0 0 1 .5-.5h2V0H2Zm2 10.5H2a.5.5 0 0 1-.5-.5V8H0v2a2 2 0 0 0 2 2h2v-1.5ZM8 12v-1.5h2a.5.5 0 0 0 .5-.5V8H12v2a2 2 0 0 1-2 2H8Zm2-12a2 2 0 0 1 2 2v2h-1.5V2a.5.5 0 0 0-.5-.5H8V0h2Z\" \/>\n\t\t\t<\/svg>\n\t\t<\/button><figcaption class=\"wp-element-caption\">Teilnehmende vom Lauftreff Hagen-Emst beim 54. Hagener Volkslauf<\/figcaption>        <div data-wp-body=\"\" class=\"wp-lightbox-overlay zoom\"\n            data-wp-bind--role=\"selectors.core.image.roleAttribute\"\n            data-wp-bind--aria-label=\"selectors.core.image.dialogLabel\"\n            data-wp-class--initialized=\"context.core.image.initialized\"\n            data-wp-class--active=\"context.core.image.lightboxEnabled\"\n            data-wp-class--hideAnimationEnabled=\"context.core.image.hideAnimationEnabled\"\n            data-wp-bind--aria-modal=\"selectors.core.image.ariaModal\"\n            data-wp-effect=\"effects.core.image.initLightbox\"\n            data-wp-on--keydown=\"actions.core.image.handleKeydown\"\n            data-wp-on--touchstart=\"actions.core.image.handleTouchStart\"\n            data-wp-on--touchmove=\"actions.core.image.handleTouchMove\"\n            data-wp-on--touchend=\"actions.core.image.handleTouchEnd\"\n            data-wp-on--click=\"actions.core.image.hideLightbox\"\n            tabindex=\"-1\"\n            >\n                <button type=\"button\" aria-label=\"Schlie\u00dfen\" style=\"fill: #000\" class=\"close-button\" data-wp-on--click=\"actions.core.image.hideLightbox\">\n                    <svg xmlns=\"http:\/\/www.w3.org\/2000\/svg\" viewBox=\"0 0 24 24\" width=\"20\" height=\"20\" aria-hidden=\"true\" focusable=\"false\"><path d=\"M13 11.8l6.1-6.3-1-1-6.1 6.2-6.1-6.2-1 1 6.1 6.3-6.5 6.7 1 1 6.5-6.6 6.5 6.6 1-1z\"><\/path><\/svg>\n                <\/button>\n                <div class=\"lightbox-image-container\">\n<figure class=\"wp-block-image size-large responsive-image\"><img decoding=\"async\" data-wp-bind--src=\"context.core.image.imageCurrentSrc\" data-wp-style--object-fit=\"selectors.core.image.lightboxObjectFit\" src=\"\" alt=\"\" class=\"wp-image-3129\"\/><figcaption class=\"wp-element-caption\">Teilnehmende vom Lauftreff Hagen-Emst beim 54. Hagener Volkslauf<\/figcaption><\/figure>\n<\/div>\n                <div class=\"lightbox-image-container\">\n<figure class=\"wp-block-image size-large enlarged-image\"><img decoding=\"async\" data-wp-bind--src=\"selectors.core.image.enlargedImgSrc\" data-wp-style--object-fit=\"selectors.core.image.lightboxObjectFit\" src=\"\" alt=\"\" class=\"wp-image-3129\"\/><figcaption class=\"wp-element-caption\">Teilnehmende vom Lauftreff Hagen-Emst beim 54. Hagener Volkslauf<\/figcaption><\/figure>\n<\/div>\n                <div class=\"scrim\" style=\"background-color: #fff\" aria-hidden=\"true\"><\/div>\n        <\/div><\/figure>\n\n\n\n<p>09.05.2024, Himmelfahrt, der Hagener Volkslauf von Concordia Hagen startet auf Emst. <br>Der Wetterbericht k\u00fcndigt Sonnenschein an. Nichts ist mehr zu sehen von den teils starken Regenf\u00e4llen der letzten Tage. An der ein oder anderen Stelle werden wir beim Trail artigen Streckenzustand allerdings noch daran erinnert werden.<\/p>\n\n\n\n<figure data-wp-context=\"{ &quot;core&quot;:\n\t\t\t\t{ &quot;image&quot;:\n\t\t\t\t\t{   &quot;imageLoaded&quot;: false,\n\t\t\t\t\t\t&quot;initialized&quot;: false,\n\t\t\t\t\t\t&quot;lightboxEnabled&quot;: false,\n\t\t\t\t\t\t&quot;hideAnimationEnabled&quot;: false,\n\t\t\t\t\t\t&quot;preloadInitialized&quot;: false,\n\t\t\t\t\t\t&quot;lightboxAnimation&quot;: &quot;zoom&quot;,\n\t\t\t\t\t\t&quot;imageUploadedSrc&quot;: &quot;https:\/\/lauftreffhagen-emst.de\/wp-content\/uploads\/2024\/05\/2024-05-09-Volkslauf-3.jpg&quot;,\n\t\t\t\t\t\t&quot;imageCurrentSrc&quot;: &quot;&quot;,\n\t\t\t\t\t\t&quot;targetWidth&quot;: &quot;1567&quot;,\n\t\t\t\t\t\t&quot;targetHeight&quot;: &quot;1041&quot;,\n\t\t\t\t\t\t&quot;scaleAttr&quot;: &quot;&quot;,\n\t\t\t\t\t\t&quot;dialogLabel&quot;: &quot;Vergr\u00f6\u00dfertes Bild&quot;\n\t\t\t\t\t}\n\t\t\t\t}\n\t\t\t}\" data-wp-interactive class=\"wp-block-image size-large wp-lightbox-container\"><img loading=\"lazy\" decoding=\"async\" width=\"1024\" height=\"680\" data-wp-effect--setStylesOnResize=\"effects.core.image.setStylesOnResize\" data-wp-effect=\"effects.core.image.setButtonStyles\" data-wp-init=\"effects.core.image.initOriginImage\" data-wp-on--click=\"actions.core.image.showLightbox\" data-wp-on--load=\"actions.core.image.handleLoad\" src=\"https:\/\/lauftreffhagen-emst.de\/wp-content\/uploads\/2024\/05\/2024-05-09-Volkslauf-3-1024x680.jpg\" alt=\"\" class=\"wp-image-3130\" srcset=\"https:\/\/lauftreffhagen-emst.de\/wp-content\/uploads\/2024\/05\/2024-05-09-Volkslauf-3-1024x680.jpg 1024w, https:\/\/lauftreffhagen-emst.de\/wp-content\/uploads\/2024\/05\/2024-05-09-Volkslauf-3-300x199.jpg 300w, https:\/\/lauftreffhagen-emst.de\/wp-content\/uploads\/2024\/05\/2024-05-09-Volkslauf-3-768x510.jpg 768w, https:\/\/lauftreffhagen-emst.de\/wp-content\/uploads\/2024\/05\/2024-05-09-Volkslauf-3-1536x1020.jpg 1536w, https:\/\/lauftreffhagen-emst.de\/wp-content\/uploads\/2024\/05\/2024-05-09-Volkslauf-3-940x624.jpg 940w, https:\/\/lauftreffhagen-emst.de\/wp-content\/uploads\/2024\/05\/2024-05-09-Volkslauf-3.jpg 1567w\" sizes=\"(max-width: 1024px) 100vw, 1024px\" \/><button\n\t\t\tclass=\"lightbox-trigger\"\n\t\t\ttype=\"button\"\n\t\t\taria-haspopup=\"dialog\"\n\t\t\taria-label=\"Bild vergr\u00f6\u00dfern\"\n\t\t\tdata-wp-on--click=\"actions.core.image.showLightbox\"\n\t\t\tdata-wp-style--right=\"context.core.image.imageButtonRight\"\n\t\t\tdata-wp-style--top=\"context.core.image.imageButtonTop\"\n\t\t>\n\t\t\t<svg xmlns=\"http:\/\/www.w3.org\/2000\/svg\" width=\"12\" height=\"12\" fill=\"none\" viewBox=\"0 0 12 12\">\n\t\t\t\t<path fill=\"#fff\" d=\"M2 0a2 2 0 0 0-2 2v2h1.5V2a.5.5 0 0 1 .5-.5h2V0H2Zm2 10.5H2a.5.5 0 0 1-.5-.5V8H0v2a2 2 0 0 0 2 2h2v-1.5ZM8 12v-1.5h2a.5.5 0 0 0 .5-.5V8H12v2a2 2 0 0 1-2 2H8Zm2-12a2 2 0 0 1 2 2v2h-1.5V2a.5.5 0 0 0-.5-.5H8V0h2Z\" \/>\n\t\t\t<\/svg>\n\t\t<\/button><figcaption class=\"wp-element-caption\">Lauter gelbe Shirts warten auf den Start.<\/figcaption>        <div data-wp-body=\"\" class=\"wp-lightbox-overlay zoom\"\n            data-wp-bind--role=\"selectors.core.image.roleAttribute\"\n            data-wp-bind--aria-label=\"selectors.core.image.dialogLabel\"\n            data-wp-class--initialized=\"context.core.image.initialized\"\n            data-wp-class--active=\"context.core.image.lightboxEnabled\"\n            data-wp-class--hideAnimationEnabled=\"context.core.image.hideAnimationEnabled\"\n            data-wp-bind--aria-modal=\"selectors.core.image.ariaModal\"\n            data-wp-effect=\"effects.core.image.initLightbox\"\n            data-wp-on--keydown=\"actions.core.image.handleKeydown\"\n            data-wp-on--touchstart=\"actions.core.image.handleTouchStart\"\n            data-wp-on--touchmove=\"actions.core.image.handleTouchMove\"\n            data-wp-on--touchend=\"actions.core.image.handleTouchEnd\"\n            data-wp-on--click=\"actions.core.image.hideLightbox\"\n            tabindex=\"-1\"\n            >\n                <button type=\"button\" aria-label=\"Schlie\u00dfen\" style=\"fill: #000\" class=\"close-button\" data-wp-on--click=\"actions.core.image.hideLightbox\">\n                    <svg xmlns=\"http:\/\/www.w3.org\/2000\/svg\" viewBox=\"0 0 24 24\" width=\"20\" height=\"20\" aria-hidden=\"true\" focusable=\"false\"><path d=\"M13 11.8l6.1-6.3-1-1-6.1 6.2-6.1-6.2-1 1 6.1 6.3-6.5 6.7 1 1 6.5-6.6 6.5 6.6 1-1z\"><\/path><\/svg>\n                <\/button>\n                <div class=\"lightbox-image-container\">\n<figure class=\"wp-block-image size-large responsive-image\"><img decoding=\"async\" data-wp-bind--src=\"context.core.image.imageCurrentSrc\" data-wp-style--object-fit=\"selectors.core.image.lightboxObjectFit\" src=\"\" alt=\"\" class=\"wp-image-3130\"\/><figcaption class=\"wp-element-caption\">Lauter gelbe Shirts warten auf den Start.<\/figcaption><\/figure>\n<\/div>\n                <div class=\"lightbox-image-container\">\n<figure class=\"wp-block-image size-large enlarged-image\"><img decoding=\"async\" data-wp-bind--src=\"selectors.core.image.enlargedImgSrc\" data-wp-style--object-fit=\"selectors.core.image.lightboxObjectFit\" src=\"\" alt=\"\" class=\"wp-image-3130\"\/><figcaption class=\"wp-element-caption\">Lauter gelbe Shirts warten auf den Start.<\/figcaption><\/figure>\n<\/div>\n                <div class=\"scrim\" style=\"background-color: #fff\" aria-hidden=\"true\"><\/div>\n        <\/div><\/figure>\n\n\n\n<p>Bei k\u00fchlen 14 \u00b0C beginnen die Vorbereitungen f\u00fcr den Lauf und so herrschen um 10:00 Uhr f\u00fcr den Start \u00fcber die 10 km Strecke und den Halbmarathon ideale Laufbedingungen. Insbesondere, wenn man an das H\u00f6henprofil der vor uns liegenden Strecken denkt.<br>Der Jedermannlauf \u00fcber 6 km startete mittags um 13:00 Uhr. Andreas hat hier nach Verletzungspause seinen Wiedereinstieg beim Walking gefeiert.<\/p>\n\n\n\n<p>Von den alten Hasen bis hin zu den Deb\u00fctanten \u00fcber die traditionellen Volkslauf-Strecken waren wir breit aufgestellt und es wurden reichlich Platzierungen in den Wertungen der Altersklassen erzielt.<br>1. Pl\u00e4tze f\u00fcr Fred (10 km, M80), Christiane (10 km, W55), Heidi (HM, W60), Claudia R. (HM, W55)<br>2. Pl\u00e4tze f\u00fcr Klaus (10 km, M70), Judith (HM, W45)<br>3. Pl\u00e4tze f\u00fcr Martina (10 km, W60), Claudia K. (10 km, W55), Daria (10 km, Frauen), Peter (HM, M65)<\/p>\n\n\n\n<p>Alle Ergebnisse vom 54. Hagener Volkslauf gibt es bei <a href=\"https:\/\/time-and-voice.com\/de\/running\/hagen-2024\/ergebnisse\" data-type=\"link\" data-id=\"https:\/\/time-and-voice.com\/de\/running\/hagen-2024\/ergebnisse\" target=\"_blank\" rel=\"noreferrer noopener\">Time &amp; Voice<\/a>.<\/p>\n\n\n\n<figure data-wp-context=\"{ &quot;core&quot;:\n\t\t\t\t{ &quot;image&quot;:\n\t\t\t\t\t{   &quot;imageLoaded&quot;: false,\n\t\t\t\t\t\t&quot;initialized&quot;: false,\n\t\t\t\t\t\t&quot;lightboxEnabled&quot;: false,\n\t\t\t\t\t\t&quot;hideAnimationEnabled&quot;: false,\n\t\t\t\t\t\t&quot;preloadInitialized&quot;: false,\n\t\t\t\t\t\t&quot;lightboxAnimation&quot;: &quot;zoom&quot;,\n\t\t\t\t\t\t&quot;imageUploadedSrc&quot;: &quot;https:\/\/lauftreffhagen-emst.de\/wp-content\/uploads\/2024\/05\/2024-05-09-Volkslauf-Pokal-Gruppe.jpg&quot;,\n\t\t\t\t\t\t&quot;imageCurrentSrc&quot;: &quot;&quot;,\n\t\t\t\t\t\t&quot;targetWidth&quot;: &quot;1280&quot;,\n\t\t\t\t\t\t&quot;targetHeight&quot;: &quot;1273&quot;,\n\t\t\t\t\t\t&quot;scaleAttr&quot;: &quot;&quot;,\n\t\t\t\t\t\t&quot;dialogLabel&quot;: &quot;Vergr\u00f6\u00dfertes Bild&quot;\n\t\t\t\t\t}\n\t\t\t\t}\n\t\t\t}\" data-wp-interactive class=\"wp-block-image size-large is-resized wp-lightbox-container\"><img loading=\"lazy\" decoding=\"async\" width=\"1024\" height=\"1018\" data-wp-effect--setStylesOnResize=\"effects.core.image.setStylesOnResize\" data-wp-effect=\"effects.core.image.setButtonStyles\" data-wp-init=\"effects.core.image.initOriginImage\" data-wp-on--click=\"actions.core.image.showLightbox\" data-wp-on--load=\"actions.core.image.handleLoad\" src=\"https:\/\/lauftreffhagen-emst.de\/wp-content\/uploads\/2024\/05\/2024-05-09-Volkslauf-Pokal-Gruppe-1024x1018.jpg\" alt=\"\" class=\"wp-image-3092\" style=\"width:640px;height:auto\" srcset=\"https:\/\/lauftreffhagen-emst.de\/wp-content\/uploads\/2024\/05\/2024-05-09-Volkslauf-Pokal-Gruppe-1024x1018.jpg 1024w, https:\/\/lauftreffhagen-emst.de\/wp-content\/uploads\/2024\/05\/2024-05-09-Volkslauf-Pokal-Gruppe-300x298.jpg 300w, https:\/\/lauftreffhagen-emst.de\/wp-content\/uploads\/2024\/05\/2024-05-09-Volkslauf-Pokal-Gruppe-150x150.jpg 150w, https:\/\/lauftreffhagen-emst.de\/wp-content\/uploads\/2024\/05\/2024-05-09-Volkslauf-Pokal-Gruppe-768x764.jpg 768w, https:\/\/lauftreffhagen-emst.de\/wp-content\/uploads\/2024\/05\/2024-05-09-Volkslauf-Pokal-Gruppe-940x935.jpg 940w, https:\/\/lauftreffhagen-emst.de\/wp-content\/uploads\/2024\/05\/2024-05-09-Volkslauf-Pokal-Gruppe.jpg 1280w\" sizes=\"(max-width: 1024px) 100vw, 1024px\" \/><button\n\t\t\tclass=\"lightbox-trigger\"\n\t\t\ttype=\"button\"\n\t\t\taria-haspopup=\"dialog\"\n\t\t\taria-label=\"Bild vergr\u00f6\u00dfern\"\n\t\t\tdata-wp-on--click=\"actions.core.image.showLightbox\"\n\t\t\tdata-wp-style--right=\"context.core.image.imageButtonRight\"\n\t\t\tdata-wp-style--top=\"context.core.image.imageButtonTop\"\n\t\t>\n\t\t\t<svg xmlns=\"http:\/\/www.w3.org\/2000\/svg\" width=\"12\" height=\"12\" fill=\"none\" viewBox=\"0 0 12 12\">\n\t\t\t\t<path fill=\"#fff\" d=\"M2 0a2 2 0 0 0-2 2v2h1.5V2a.5.5 0 0 1 .5-.5h2V0H2Zm2 10.5H2a.5.5 0 0 1-.5-.5V8H0v2a2 2 0 0 0 2 2h2v-1.5ZM8 12v-1.5h2a.5.5 0 0 0 .5-.5V8H12v2a2 2 0 0 1-2 2H8Zm2-12a2 2 0 0 1 2 2v2h-1.5V2a.5.5 0 0 0-.5-.5H8V0h2Z\" \/>\n\t\t\t<\/svg>\n\t\t<\/button><figcaption class=\"wp-element-caption\">Der Pokal f\u00fcr die gr\u00f6\u00dfte Gruppe ging an den LT Hagen-Emst.<\/figcaption>        <div data-wp-body=\"\" class=\"wp-lightbox-overlay zoom\"\n            data-wp-bind--role=\"selectors.core.image.roleAttribute\"\n            data-wp-bind--aria-label=\"selectors.core.image.dialogLabel\"\n            data-wp-class--initialized=\"context.core.image.initialized\"\n            data-wp-class--active=\"context.core.image.lightboxEnabled\"\n            data-wp-class--hideAnimationEnabled=\"context.core.image.hideAnimationEnabled\"\n            data-wp-bind--aria-modal=\"selectors.core.image.ariaModal\"\n            data-wp-effect=\"effects.core.image.initLightbox\"\n            data-wp-on--keydown=\"actions.core.image.handleKeydown\"\n            data-wp-on--touchstart=\"actions.core.image.handleTouchStart\"\n            data-wp-on--touchmove=\"actions.core.image.handleTouchMove\"\n            data-wp-on--touchend=\"actions.core.image.handleTouchEnd\"\n            data-wp-on--click=\"actions.core.image.hideLightbox\"\n            tabindex=\"-1\"\n            >\n                <button type=\"button\" aria-label=\"Schlie\u00dfen\" style=\"fill: #000\" class=\"close-button\" data-wp-on--click=\"actions.core.image.hideLightbox\">\n                    <svg xmlns=\"http:\/\/www.w3.org\/2000\/svg\" viewBox=\"0 0 24 24\" width=\"20\" height=\"20\" aria-hidden=\"true\" focusable=\"false\"><path d=\"M13 11.8l6.1-6.3-1-1-6.1 6.2-6.1-6.2-1 1 6.1 6.3-6.5 6.7 1 1 6.5-6.6 6.5 6.6 1-1z\"><\/path><\/svg>\n                <\/button>\n                <div class=\"lightbox-image-container\">\n<figure class=\"wp-block-image size-large is-resized responsive-image\"><img decoding=\"async\" data-wp-bind--src=\"context.core.image.imageCurrentSrc\" data-wp-style--object-fit=\"selectors.core.image.lightboxObjectFit\" src=\"\" alt=\"\" class=\"wp-image-3092\" style=\"width:640px;height:auto\"\/><figcaption class=\"wp-element-caption\">Der Pokal f\u00fcr die gr\u00f6\u00dfte Gruppe ging an den LT Hagen-Emst.<\/figcaption><\/figure>\n<\/div>\n                <div class=\"lightbox-image-container\">\n<figure class=\"wp-block-image size-large is-resized enlarged-image\"><img decoding=\"async\" data-wp-bind--src=\"selectors.core.image.enlargedImgSrc\" data-wp-style--object-fit=\"selectors.core.image.lightboxObjectFit\" src=\"\" alt=\"\" class=\"wp-image-3092\" style=\"width:640px;height:auto\"\/><figcaption class=\"wp-element-caption\">Der Pokal f\u00fcr die gr\u00f6\u00dfte Gruppe ging an den LT Hagen-Emst.<\/figcaption><\/figure>\n<\/div>\n                <div class=\"scrim\" style=\"background-color: #fff\" aria-hidden=\"true\"><\/div>\n        <\/div><\/figure>\n\n\n\n<p>Einen der Pokale haben alle Lauftreffler gemeinsam bekommen. Mit insgesamt 24 Teilnehmenden in den Disziplinen 10 km, Halbmarathon und Walking 6 km wurde dem Lauftreff Hagen-Emst die Auszeichnung f\u00fcr die gr\u00f6\u00dfte Gruppe verliehen. <br>Darauf sind wir stolz und der Dank gilt neben den Startenden auch den vielen Unterst\u00fctzenden aus der Lauftreff-Familie!<\/p>\n\n\n\n<figure data-wp-context=\"{ &quot;core&quot;:\n\t\t\t\t{ &quot;image&quot;:\n\t\t\t\t\t{   &quot;imageLoaded&quot;: false,\n\t\t\t\t\t\t&quot;initialized&quot;: false,\n\t\t\t\t\t\t&quot;lightboxEnabled&quot;: false,\n\t\t\t\t\t\t&quot;hideAnimationEnabled&quot;: false,\n\t\t\t\t\t\t&quot;preloadInitialized&quot;: false,\n\t\t\t\t\t\t&quot;lightboxAnimation&quot;: &quot;zoom&quot;,\n\t\t\t\t\t\t&quot;imageUploadedSrc&quot;: &quot;https:\/\/lauftreffhagen-emst.de\/wp-content\/uploads\/2024\/05\/2024-05-09-Volkslauf-4.jpg&quot;,\n\t\t\t\t\t\t&quot;imageCurrentSrc&quot;: &quot;&quot;,\n\t\t\t\t\t\t&quot;targetWidth&quot;: &quot;1745&quot;,\n\t\t\t\t\t\t&quot;targetHeight&quot;: &quot;1402&quot;,\n\t\t\t\t\t\t&quot;scaleAttr&quot;: &quot;&quot;,\n\t\t\t\t\t\t&quot;dialogLabel&quot;: &quot;Vergr\u00f6\u00dfertes Bild&quot;\n\t\t\t\t\t}\n\t\t\t\t}\n\t\t\t}\" data-wp-interactive class=\"wp-block-image size-large wp-lightbox-container\"><img loading=\"lazy\" decoding=\"async\" width=\"1024\" height=\"823\" data-wp-effect--setStylesOnResize=\"effects.core.image.setStylesOnResize\" data-wp-effect=\"effects.core.image.setButtonStyles\" data-wp-init=\"effects.core.image.initOriginImage\" data-wp-on--click=\"actions.core.image.showLightbox\" data-wp-on--load=\"actions.core.image.handleLoad\" src=\"https:\/\/lauftreffhagen-emst.de\/wp-content\/uploads\/2024\/05\/2024-05-09-Volkslauf-4-1024x823.jpg\" alt=\"\" class=\"wp-image-3131\" srcset=\"https:\/\/lauftreffhagen-emst.de\/wp-content\/uploads\/2024\/05\/2024-05-09-Volkslauf-4-1024x823.jpg 1024w, https:\/\/lauftreffhagen-emst.de\/wp-content\/uploads\/2024\/05\/2024-05-09-Volkslauf-4-300x241.jpg 300w, https:\/\/lauftreffhagen-emst.de\/wp-content\/uploads\/2024\/05\/2024-05-09-Volkslauf-4-768x617.jpg 768w, https:\/\/lauftreffhagen-emst.de\/wp-content\/uploads\/2024\/05\/2024-05-09-Volkslauf-4-1536x1234.jpg 1536w, https:\/\/lauftreffhagen-emst.de\/wp-content\/uploads\/2024\/05\/2024-05-09-Volkslauf-4-940x755.jpg 940w, https:\/\/lauftreffhagen-emst.de\/wp-content\/uploads\/2024\/05\/2024-05-09-Volkslauf-4.jpg 1745w\" sizes=\"(max-width: 1024px) 100vw, 1024px\" \/><button\n\t\t\tclass=\"lightbox-trigger\"\n\t\t\ttype=\"button\"\n\t\t\taria-haspopup=\"dialog\"\n\t\t\taria-label=\"Bild vergr\u00f6\u00dfern\"\n\t\t\tdata-wp-on--click=\"actions.core.image.showLightbox\"\n\t\t\tdata-wp-style--right=\"context.core.image.imageButtonRight\"\n\t\t\tdata-wp-style--top=\"context.core.image.imageButtonTop\"\n\t\t>\n\t\t\t<svg xmlns=\"http:\/\/www.w3.org\/2000\/svg\" width=\"12\" height=\"12\" fill=\"none\" viewBox=\"0 0 12 12\">\n\t\t\t\t<path fill=\"#fff\" d=\"M2 0a2 2 0 0 0-2 2v2h1.5V2a.5.5 0 0 1 .5-.5h2V0H2Zm2 10.5H2a.5.5 0 0 1-.5-.5V8H0v2a2 2 0 0 0 2 2h2v-1.5ZM8 12v-1.5h2a.5.5 0 0 0 .5-.5V8H12v2a2 2 0 0 1-2 2H8Zm2-12a2 2 0 0 1 2 2v2h-1.5V2a.5.5 0 0 0-.5-.5H8V0h2Z\" \/>\n\t\t\t<\/svg>\n\t\t<\/button><figcaption class=\"wp-element-caption\">Verleihung des Pokals f\u00fcr die gr\u00f6\u00dfte Teilnehmergruppe.<\/figcaption>        <div data-wp-body=\"\" class=\"wp-lightbox-overlay zoom\"\n            data-wp-bind--role=\"selectors.core.image.roleAttribute\"\n            data-wp-bind--aria-label=\"selectors.core.image.dialogLabel\"\n            data-wp-class--initialized=\"context.core.image.initialized\"\n            data-wp-class--active=\"context.core.image.lightboxEnabled\"\n            data-wp-class--hideAnimationEnabled=\"context.core.image.hideAnimationEnabled\"\n            data-wp-bind--aria-modal=\"selectors.core.image.ariaModal\"\n            data-wp-effect=\"effects.core.image.initLightbox\"\n            data-wp-on--keydown=\"actions.core.image.handleKeydown\"\n            data-wp-on--touchstart=\"actions.core.image.handleTouchStart\"\n            data-wp-on--touchmove=\"actions.core.image.handleTouchMove\"\n            data-wp-on--touchend=\"actions.core.image.handleTouchEnd\"\n            data-wp-on--click=\"actions.core.image.hideLightbox\"\n            tabindex=\"-1\"\n            >\n                <button type=\"button\" aria-label=\"Schlie\u00dfen\" style=\"fill: #000\" class=\"close-button\" data-wp-on--click=\"actions.core.image.hideLightbox\">\n                    <svg xmlns=\"http:\/\/www.w3.org\/2000\/svg\" viewBox=\"0 0 24 24\" width=\"20\" height=\"20\" aria-hidden=\"true\" focusable=\"false\"><path d=\"M13 11.8l6.1-6.3-1-1-6.1 6.2-6.1-6.2-1 1 6.1 6.3-6.5 6.7 1 1 6.5-6.6 6.5 6.6 1-1z\"><\/path><\/svg>\n                <\/button>\n                <div class=\"lightbox-image-container\">\n<figure class=\"wp-block-image size-large responsive-image\"><img decoding=\"async\" data-wp-bind--src=\"context.core.image.imageCurrentSrc\" data-wp-style--object-fit=\"selectors.core.image.lightboxObjectFit\" src=\"\" alt=\"\" class=\"wp-image-3131\"\/><figcaption class=\"wp-element-caption\">Verleihung des Pokals f\u00fcr die gr\u00f6\u00dfte Teilnehmergruppe.<\/figcaption><\/figure>\n<\/div>\n                <div class=\"lightbox-image-container\">\n<figure class=\"wp-block-image size-large enlarged-image\"><img decoding=\"async\" data-wp-bind--src=\"selectors.core.image.enlargedImgSrc\" data-wp-style--object-fit=\"selectors.core.image.lightboxObjectFit\" src=\"\" alt=\"\" class=\"wp-image-3131\"\/><figcaption class=\"wp-element-caption\">Verleihung des Pokals f\u00fcr die gr\u00f6\u00dfte Teilnehmergruppe.<\/figcaption><\/figure>\n<\/div>\n                <div class=\"scrim\" style=\"background-color: #fff\" aria-hidden=\"true\"><\/div>\n        <\/div><\/figure>\n\n\n\n<figure class=\"wp-block-image size-large\"><img loading=\"lazy\" decoding=\"async\" width=\"1024\" height=\"578\" src=\"https:\/\/lauftreffhagen-emst.de\/wp-content\/uploads\/2024\/05\/2024-05-09-Volkslauf-5-1024x578.jpg\" alt=\"\" class=\"wp-image-3136\" srcset=\"https:\/\/lauftreffhagen-emst.de\/wp-content\/uploads\/2024\/05\/2024-05-09-Volkslauf-5-1024x578.jpg 1024w, https:\/\/lauftreffhagen-emst.de\/wp-content\/uploads\/2024\/05\/2024-05-09-Volkslauf-5-300x169.jpg 300w, https:\/\/lauftreffhagen-emst.de\/wp-content\/uploads\/2024\/05\/2024-05-09-Volkslauf-5-768x434.jpg 768w, https:\/\/lauftreffhagen-emst.de\/wp-content\/uploads\/2024\/05\/2024-05-09-Volkslauf-5-1536x868.jpg 1536w, https:\/\/lauftreffhagen-emst.de\/wp-content\/uploads\/2024\/05\/2024-05-09-Volkslauf-5-940x531.jpg 940w, https:\/\/lauftreffhagen-emst.de\/wp-content\/uploads\/2024\/05\/2024-05-09-Volkslauf-5.jpg 1818w\" sizes=\"(max-width: 1024px) 100vw, 1024px\" \/><\/figure>\n","protected":false},"excerpt":{"rendered":"<p>09.05.2024, Himmelfahrt, der Hagener Volkslauf von Concordia Hagen startet auf Emst. Der Wetterbericht k\u00fcndigt Sonnenschein an. Nichts ist mehr zu sehen von den teils starken Regenf\u00e4llen der letzten Tage. An der ein oder anderen Stelle werden wir beim Trail artigen &#8230; <a class=\"more-link\" href=\"https:\/\/lauftreffhagen-emst.de\/?p=3083\">Read More &raquo;<\/a><\/p>\n","protected":false},"author":7,"featured_media":3098,"comment_status":"closed","ping_status":"open","sticky":false,"template":"","format":"standard","meta":{"footnotes":""},"categories":[22,18,4],"tags":[17,95,16,10],"_links":{"self":[{"href":"https:\/\/lauftreffhagen-emst.de\/index.php?rest_route=\/wp\/v2\/posts\/3083"}],"collection":[{"href":"https:\/\/lauftreffhagen-emst.de\/index.php?rest_route=\/wp\/v2\/posts"}],"about":[{"href":"https:\/\/lauftreffhagen-emst.de\/index.php?rest_route=\/wp\/v2\/types\/post"}],"author":[{"embeddable":true,"href":"https:\/\/lauftreffhagen-emst.de\/index.php?rest_route=\/wp\/v2\/users\/7"}],"replies":[{"embeddable":true,"href":"https:\/\/lauftreffhagen-emst.de\/index.php?rest_route=%2Fwp%2Fv2%2Fcomments&post=3083"}],"version-history":[{"count":17,"href":"https:\/\/lauftreffhagen-emst.de\/index.php?rest_route=\/wp\/v2\/posts\/3083\/revisions"}],"predecessor-version":[{"id":3340,"href":"https:\/\/lauftreffhagen-emst.de\/index.php?rest_route=\/wp\/v2\/posts\/3083\/revisions\/3340"}],"wp:featuredmedia":[{"embeddable":true,"href":"https:\/\/lauftreffhagen-emst.de\/index.php?rest_route=\/wp\/v2\/media\/3098"}],"wp:attachment":[{"href":"https:\/\/lauftreffhagen-emst.de\/index.php?rest_route=%2Fwp%2Fv2%2Fmedia&parent=3083"}],"wp:term":[{"taxonomy":"category","embeddable":true,"href":"https:\/\/lauftreffhagen-emst.de\/index.php?rest_route=%2Fwp%2Fv2%2Fcategories&post=3083"},{"taxonomy":"post_tag","embeddable":true,"href":"https:\/\/lauftreffhagen-emst.de\/index.php?rest_route=%2Fwp%2Fv2%2Ftags&post=3083"}],"curies":[{"name":"wp","href":"https:\/\/api.w.org\/{rel}","templated":true}]}}