{"id":2822,"date":"2024-03-10T15:22:33","date_gmt":"2024-03-10T14:22:33","guid":{"rendered":"https:\/\/lauftreffhagen-emst.de\/?p=2822"},"modified":"2024-03-20T13:45:42","modified_gmt":"2024-03-20T12:45:42","slug":"wandern-fuer-die-andern-2","status":"publish","type":"post","link":"https:\/\/lauftreffhagen-emst.de\/?p=2822","title":{"rendered":"Wandern f\u00fcr die Andern"},"content":{"rendered":"\n<figure class=\"wp-block-image size-large\"><img loading=\"lazy\" decoding=\"async\" width=\"1024\" height=\"770\" src=\"https:\/\/lauftreffhagen-emst.de\/wp-content\/uploads\/2024\/03\/2024-03-09-Wandern-fuer-die-Andern-1-1024x770.jpg\" alt=\"\" class=\"wp-image-2873\" srcset=\"https:\/\/lauftreffhagen-emst.de\/wp-content\/uploads\/2024\/03\/2024-03-09-Wandern-fuer-die-Andern-1-1024x770.jpg 1024w, https:\/\/lauftreffhagen-emst.de\/wp-content\/uploads\/2024\/03\/2024-03-09-Wandern-fuer-die-Andern-1-300x226.jpg 300w, https:\/\/lauftreffhagen-emst.de\/wp-content\/uploads\/2024\/03\/2024-03-09-Wandern-fuer-die-Andern-1-768x577.jpg 768w, https:\/\/lauftreffhagen-emst.de\/wp-content\/uploads\/2024\/03\/2024-03-09-Wandern-fuer-die-Andern-1-940x707.jpg 940w, https:\/\/lauftreffhagen-emst.de\/wp-content\/uploads\/2024\/03\/2024-03-09-Wandern-fuer-die-Andern-1.jpg 1309w\" sizes=\"(max-width: 1024px) 100vw, 1024px\" \/><figcaption class=\"wp-element-caption\">Bei bestem Fr\u00fchlingswetter freuen sich die Lauftreffler auf den Start.<\/figcaption><\/figure>\n\n\n<p>F\u00fcr den guten Zweck wurden in Breckerfeld die Wanderschuhe geschn\u00fcrt. Am 09.03.2024 fand die 32. Auflage der \u00f6kumenischen Initiative &#8222;Wandern f\u00fcr die Andern&#8220; statt.<\/p>\n<p>Vom Lauftreff Hagen-Emst sind wir auf der 10 km und 15 km Strecke gewandert. Bei bestem Fr\u00fchlingswetter und in angenehmer Wanderatmosph\u00e4re ging es gut gelaunt \u00fcber die neu eingerichteten Wanderrouten rund um Breckerfeld.<\/p>\n<p>Ein paar Impressionen von der Wanderung zeigen: Es muss nicht immer schnell sein.<\/p>\n\n<div class=\"wp-block-image\">\n<figure class=\"aligncenter size-large is-resized\"><img loading=\"lazy\" decoding=\"async\" src=\"https:\/\/lauftreffhagen-emst.de\/wp-content\/uploads\/2024\/03\/2024-03-09-Wandern-fuer-die-Andern-2-1024x712.jpg\" alt=\"\" class=\"wp-image-2874\" width=\"512\" height=\"356\" srcset=\"https:\/\/lauftreffhagen-emst.de\/wp-content\/uploads\/2024\/03\/2024-03-09-Wandern-fuer-die-Andern-2-1024x712.jpg 1024w, https:\/\/lauftreffhagen-emst.de\/wp-content\/uploads\/2024\/03\/2024-03-09-Wandern-fuer-die-Andern-2-300x209.jpg 300w, https:\/\/lauftreffhagen-emst.de\/wp-content\/uploads\/2024\/03\/2024-03-09-Wandern-fuer-die-Andern-2-768x534.jpg 768w, https:\/\/lauftreffhagen-emst.de\/wp-content\/uploads\/2024\/03\/2024-03-09-Wandern-fuer-die-Andern-2-1536x1068.jpg 1536w, https:\/\/lauftreffhagen-emst.de\/wp-content\/uploads\/2024\/03\/2024-03-09-Wandern-fuer-die-Andern-2-940x653.jpg 940w, https:\/\/lauftreffhagen-emst.de\/wp-content\/uploads\/2024\/03\/2024-03-09-Wandern-fuer-die-Andern-2.jpg 1600w\" sizes=\"(max-width: 512px) 100vw, 512px\" \/><figcaption class=\"wp-element-caption\">Pausen geh\u00f6ren dazu.<\/figcaption><\/figure><\/div>\n\n<div class=\"wp-block-image\">\n<figure class=\"aligncenter size-large is-resized\"><img loading=\"lazy\" decoding=\"async\" src=\"https:\/\/lauftreffhagen-emst.de\/wp-content\/uploads\/2024\/03\/2024-03-09-Wandern-fuer-die-Andern-3-1024x767.jpg\" alt=\"\" class=\"wp-image-2875\" width=\"512\" height=\"384\" srcset=\"https:\/\/lauftreffhagen-emst.de\/wp-content\/uploads\/2024\/03\/2024-03-09-Wandern-fuer-die-Andern-3-1024x767.jpg 1024w, https:\/\/lauftreffhagen-emst.de\/wp-content\/uploads\/2024\/03\/2024-03-09-Wandern-fuer-die-Andern-3-300x225.jpg 300w, https:\/\/lauftreffhagen-emst.de\/wp-content\/uploads\/2024\/03\/2024-03-09-Wandern-fuer-die-Andern-3-768x575.jpg 768w, https:\/\/lauftreffhagen-emst.de\/wp-content\/uploads\/2024\/03\/2024-03-09-Wandern-fuer-die-Andern-3-940x704.jpg 940w, https:\/\/lauftreffhagen-emst.de\/wp-content\/uploads\/2024\/03\/2024-03-09-Wandern-fuer-die-Andern-3.jpg 1200w\" sizes=\"(max-width: 512px) 100vw, 512px\" \/><figcaption class=\"wp-element-caption\">Gruppenbild von der 10 km Strecke.<\/figcaption><\/figure><\/div>\n\n<div class=\"wp-block-image\">\n<figure class=\"aligncenter size-large is-resized\"><img loading=\"lazy\" decoding=\"async\" src=\"https:\/\/lauftreffhagen-emst.de\/wp-content\/uploads\/2024\/03\/2024-03-09-Wandern-fuer-die-Andern-4-762x1024.jpg\" alt=\"\" class=\"wp-image-2876\" width=\"381\" height=\"512\" srcset=\"https:\/\/lauftreffhagen-emst.de\/wp-content\/uploads\/2024\/03\/2024-03-09-Wandern-fuer-die-Andern-4-762x1024.jpg 762w, https:\/\/lauftreffhagen-emst.de\/wp-content\/uploads\/2024\/03\/2024-03-09-Wandern-fuer-die-Andern-4-223x300.jpg 223w, https:\/\/lauftreffhagen-emst.de\/wp-content\/uploads\/2024\/03\/2024-03-09-Wandern-fuer-die-Andern-4-768x1032.jpg 768w, https:\/\/lauftreffhagen-emst.de\/wp-content\/uploads\/2024\/03\/2024-03-09-Wandern-fuer-die-Andern-4-940x1263.jpg 940w, https:\/\/lauftreffhagen-emst.de\/wp-content\/uploads\/2024\/03\/2024-03-09-Wandern-fuer-die-Andern-4.jpg 971w\" sizes=\"(max-width: 381px) 100vw, 381px\" \/><figcaption class=\"wp-element-caption\">Ein &#8222;Sessel&#8220; zum Verweilen.<\/figcaption><\/figure><\/div>","protected":false},"excerpt":{"rendered":"<p>F\u00fcr den guten Zweck wurden in Breckerfeld die Wanderschuhe geschn\u00fcrt. Am 09.03.2024 fand die 32. Auflage der \u00f6kumenischen Initiative &#8222;Wandern f\u00fcr die Andern&#8220; statt. Vom Lauftreff Hagen-Emst sind wir auf der 10 km und 15 km Strecke gewandert. Bei bestem &#8230; <a class=\"more-link\" href=\"https:\/\/lauftreffhagen-emst.de\/?p=2822\">Read More &raquo;<\/a><\/p>\n","protected":false},"author":7,"featured_media":2873,"comment_status":"closed","ping_status":"open","sticky":false,"template":"","format":"standard","meta":{"footnotes":""},"categories":[39],"tags":[],"_links":{"self":[{"href":"https:\/\/lauftreffhagen-emst.de\/index.php?rest_route=\/wp\/v2\/posts\/2822"}],"collection":[{"href":"https:\/\/lauftreffhagen-emst.de\/index.php?rest_route=\/wp\/v2\/posts"}],"about":[{"href":"https:\/\/lauftreffhagen-emst.de\/index.php?rest_route=\/wp\/v2\/types\/post"}],"author":[{"embeddable":true,"href":"https:\/\/lauftreffhagen-emst.de\/index.php?rest_route=\/wp\/v2\/users\/7"}],"replies":[{"embeddable":true,"href":"https:\/\/lauftreffhagen-emst.de\/index.php?rest_route=%2Fwp%2Fv2%2Fcomments&post=2822"}],"version-history":[{"count":5,"href":"https:\/\/lauftreffhagen-emst.de\/index.php?rest_route=\/wp\/v2\/posts\/2822\/revisions"}],"predecessor-version":[{"id":2893,"href":"https:\/\/lauftreffhagen-emst.de\/index.php?rest_route=\/wp\/v2\/posts\/2822\/revisions\/2893"}],"wp:featuredmedia":[{"embeddable":true,"href":"https:\/\/lauftreffhagen-emst.de\/index.php?rest_route=\/wp\/v2\/media\/2873"}],"wp:attachment":[{"href":"https:\/\/lauftreffhagen-emst.de\/index.php?rest_route=%2Fwp%2Fv2%2Fmedia&parent=2822"}],"wp:term":[{"taxonomy":"category","embeddable":true,"href":"https:\/\/lauftreffhagen-emst.de\/index.php?rest_route=%2Fwp%2Fv2%2Fcategories&post=2822"},{"taxonomy":"post_tag","embeddable":true,"href":"https:\/\/lauftreffhagen-emst.de\/index.php?rest_route=%2Fwp%2Fv2%2Ftags&post=2822"}],"curies":[{"name":"wp","href":"https:\/\/api.w.org\/{rel}","templated":true}]}}