{"id":280,"date":"2015-01-26T19:44:53","date_gmt":"2015-01-26T19:44:53","guid":{"rendered":"http:\/\/lauftreffhagen-emst.de\/?p=280"},"modified":"2023-10-30T20:33:45","modified_gmt":"2023-10-30T20:33:45","slug":"silvesterlauf-werl-soest","status":"publish","type":"post","link":"https:\/\/lauftreffhagen-emst.de\/?p=280","title":{"rendered":"Silvesterlauf Werl-Soest"},"content":{"rendered":"<figure id=\"attachment_282\" aria-describedby=\"caption-attachment-282\" style=\"width: 300px\" class=\"wp-caption alignnone\"><a href=\"https:\/\/lauftreffhagen-emst.de\/wp-content\/uploads\/2015\/01\/S1070010k.jpg\"><img loading=\"lazy\" decoding=\"async\" class=\"size-medium wp-image-282\" src=\"https:\/\/lauftreffhagen-emst.de\/wp-content\/uploads\/2015\/01\/S1070010k-300x266.jpg\" alt=\"Heidi und Roland\" width=\"300\" height=\"266\" srcset=\"https:\/\/lauftreffhagen-emst.de\/wp-content\/uploads\/2015\/01\/S1070010k-300x266.jpg 300w, https:\/\/lauftreffhagen-emst.de\/wp-content\/uploads\/2015\/01\/S1070010k-600x533.jpg 600w, https:\/\/lauftreffhagen-emst.de\/wp-content\/uploads\/2015\/01\/S1070010k.jpg 973w\" sizes=\"(max-width: 300px) 100vw, 300px\" \/><\/a><figcaption id=\"caption-attachment-282\" class=\"wp-caption-text\">Heidi und Roland<\/figcaption><\/figure>\n<p>Heidi und Roland vom LT Emst haben am gr\u00f6\u00dften deutschen Silvesterlauf von Werl nach Soest teilgenommen und hatten m\u00e4chtig Spa\u00df an dem Tag. &#8222;Unglaublich wie die Menschen am Stra\u00dfenrand so drauf sind, und auch die \u00fcber 6000 L\u00e4ufer einen so mitziehen. Das war der absolute Wahnsinn.&#8220;<\/p>\n<p>Das waren ihre Zeiten:<br \/>\nRoland AK 45 Startnummer 2721 Zeit Netto 01:29:42<br \/>\nHeidi AK 50 Startnummer 3407 Zeit Netto 01:29:01<\/p>\n<p>Wir gratulieren den beiden zum Lauf und dem guten Ergebnis.<\/p>\n","protected":false},"excerpt":{"rendered":"<p>Heidi und Roland vom LT Emst haben am gr\u00f6\u00dften deutschen Silvesterlauf von Werl nach Soest teilgenommen und hatten m\u00e4chtig Spa\u00df an dem Tag. &#8222;Unglaublich wie die Menschen am Stra\u00dfenrand so drauf sind, und auch die \u00fcber 6000 L\u00e4ufer einen so &#8230; <a class=\"more-link\" href=\"https:\/\/lauftreffhagen-emst.de\/?p=280\">Read More &raquo;<\/a><\/p>\n","protected":false},"author":1,"featured_media":282,"comment_status":"open","ping_status":"open","sticky":false,"template":"","format":"standard","meta":{"footnotes":""},"categories":[22,18,4],"tags":[49,14,13,10],"_links":{"self":[{"href":"https:\/\/lauftreffhagen-emst.de\/index.php?rest_route=\/wp\/v2\/posts\/280"}],"collection":[{"href":"https:\/\/lauftreffhagen-emst.de\/index.php?rest_route=\/wp\/v2\/posts"}],"about":[{"href":"https:\/\/lauftreffhagen-emst.de\/index.php?rest_route=\/wp\/v2\/types\/post"}],"author":[{"embeddable":true,"href":"https:\/\/lauftreffhagen-emst.de\/index.php?rest_route=\/wp\/v2\/users\/1"}],"replies":[{"embeddable":true,"href":"https:\/\/lauftreffhagen-emst.de\/index.php?rest_route=%2Fwp%2Fv2%2Fcomments&post=280"}],"version-history":[{"count":3,"href":"https:\/\/lauftreffhagen-emst.de\/index.php?rest_route=\/wp\/v2\/posts\/280\/revisions"}],"predecessor-version":[{"id":2452,"href":"https:\/\/lauftreffhagen-emst.de\/index.php?rest_route=\/wp\/v2\/posts\/280\/revisions\/2452"}],"wp:featuredmedia":[{"embeddable":true,"href":"https:\/\/lauftreffhagen-emst.de\/index.php?rest_route=\/wp\/v2\/media\/282"}],"wp:attachment":[{"href":"https:\/\/lauftreffhagen-emst.de\/index.php?rest_route=%2Fwp%2Fv2%2Fmedia&parent=280"}],"wp:term":[{"taxonomy":"category","embeddable":true,"href":"https:\/\/lauftreffhagen-emst.de\/index.php?rest_route=%2Fwp%2Fv2%2Fcategories&post=280"},{"taxonomy":"post_tag","embeddable":true,"href":"https:\/\/lauftreffhagen-emst.de\/index.php?rest_route=%2Fwp%2Fv2%2Ftags&post=280"}],"curies":[{"name":"wp","href":"https:\/\/api.w.org\/{rel}","templated":true}]}}