{"id":2726,"date":"2024-02-09T16:30:00","date_gmt":"2024-02-09T15:30:00","guid":{"rendered":"https:\/\/lauftreffhagen-emst.de\/?p=2726"},"modified":"2024-02-18T16:51:59","modified_gmt":"2024-02-18T15:51:59","slug":"do-it-fast-winter-edition","status":"publish","type":"post","link":"https:\/\/lauftreffhagen-emst.de\/?p=2726","title":{"rendered":"DO IT FAST &#8211; Winter Edition"},"content":{"rendered":"\n<figure class=\"wp-block-image size-large\"><img loading=\"lazy\" decoding=\"async\" width=\"1024\" height=\"768\" src=\"https:\/\/lauftreffhagen-emst.de\/wp-content\/uploads\/2024\/02\/2024-02-04-DO-IT-FAST-Winter-1-1024x768.jpg\" alt=\"\" class=\"wp-image-2729\" srcset=\"https:\/\/lauftreffhagen-emst.de\/wp-content\/uploads\/2024\/02\/2024-02-04-DO-IT-FAST-Winter-1-1024x768.jpg 1024w, https:\/\/lauftreffhagen-emst.de\/wp-content\/uploads\/2024\/02\/2024-02-04-DO-IT-FAST-Winter-1-300x225.jpg 300w, https:\/\/lauftreffhagen-emst.de\/wp-content\/uploads\/2024\/02\/2024-02-04-DO-IT-FAST-Winter-1-768x576.jpg 768w, https:\/\/lauftreffhagen-emst.de\/wp-content\/uploads\/2024\/02\/2024-02-04-DO-IT-FAST-Winter-1-1536x1152.jpg 1536w, https:\/\/lauftreffhagen-emst.de\/wp-content\/uploads\/2024\/02\/2024-02-04-DO-IT-FAST-Winter-1-940x705.jpg 940w, https:\/\/lauftreffhagen-emst.de\/wp-content\/uploads\/2024\/02\/2024-02-04-DO-IT-FAST-Winter-1.jpg 2048w\" sizes=\"(max-width: 1024px) 100vw, 1024px\" \/><figcaption class=\"wp-element-caption\">Startklar f\u00fcr die Winter Edition (v. l. n. r.): Heidi, Friederike, Christian B.<\/figcaption><\/figure>\n\n\n<div class=\"wp-block-image\">\n<figure class=\"alignright size-large is-resized\"><img loading=\"lazy\" decoding=\"async\" src=\"https:\/\/lauftreffhagen-emst.de\/wp-content\/uploads\/2024\/02\/2024-02-04-DO-IT-FAST-Winter-2-576x1024.jpg\" alt=\"\" class=\"wp-image-2730\" width=\"134\" height=\"238\" srcset=\"https:\/\/lauftreffhagen-emst.de\/wp-content\/uploads\/2024\/02\/2024-02-04-DO-IT-FAST-Winter-2-576x1024.jpg 576w, https:\/\/lauftreffhagen-emst.de\/wp-content\/uploads\/2024\/02\/2024-02-04-DO-IT-FAST-Winter-2-169x300.jpg 169w, https:\/\/lauftreffhagen-emst.de\/wp-content\/uploads\/2024\/02\/2024-02-04-DO-IT-FAST-Winter-2-768x1365.jpg 768w, https:\/\/lauftreffhagen-emst.de\/wp-content\/uploads\/2024\/02\/2024-02-04-DO-IT-FAST-Winter-2-864x1536.jpg 864w, https:\/\/lauftreffhagen-emst.de\/wp-content\/uploads\/2024\/02\/2024-02-04-DO-IT-FAST-Winter-2-940x1671.jpg 940w, https:\/\/lauftreffhagen-emst.de\/wp-content\/uploads\/2024\/02\/2024-02-04-DO-IT-FAST-Winter-2.jpg 1134w\" sizes=\"(max-width: 134px) 100vw, 134px\" \/><figcaption class=\"wp-element-caption\">Laufbanner vor dem Industriedenkmal<\/figcaption><\/figure><\/div>\n\n\n<p>Beinahe hatten wir beim DO IT FAST &#8211; Winter Edition am 4. Februar 2024 ein D\u00e9j\u00e0-vu das Wetter betreffend. Der Nieselregen, f\u00fcr den Phoenix-West im Februar bekannt zu sein scheint, h\u00f6rte jedoch auf, kurz nachdem wir auf dem Parkplatz angekommen waren. So konnten wir uns bei bester Stimmung (hier stimmt der Vergleich zum <a rel=\"noreferrer noopener\" href=\"https:\/\/lauftreffhagen-emst.de\/?p=1788\" target=\"_blank\">Vorjahr<\/a>) auf den Lauf vorbereiten.<\/p>\n\n\n\n<p>Auch beim Lauf blieb es bei fr\u00fchlingshaften 10 \u00b0C trocken. Es war windig, was auf der Zielgeraden stellenweise f\u00fcr leichten R\u00fcckenwind sorgte. Auf einem St\u00fcck gab es st\u00e4rkeren Seitenwind. Dort, wo bei dem Rundkurs unvermeidbar der Gegenwind kommen m\u00fcsste, war es erfreulicherweise windgesch\u00fctzt.<\/p>\n\n\n\n<p>Viermal musste der flache Rundkurs durchlaufen werden. Christian B. erzielte mit 49:06 eine neue pers\u00f6nliche Bestzeit (9. M50), Friederike durchlief den Zielbogen gemeinsam mit Anne von den Running Girls in 56:24 (6. W45) und Heidi kam mit 1:00:45 auf Platz 2 in der AK W60. Alle Ergebnisse gibt es bei <a rel=\"noreferrer noopener\" href=\"https:\/\/my.raceresult.com\/266778\/\" target=\"_blank\">RaceResult<\/a>.<\/p>\n\n\n\n<figure class=\"wp-block-image size-large\"><img loading=\"lazy\" decoding=\"async\" width=\"771\" height=\"1024\" src=\"https:\/\/lauftreffhagen-emst.de\/wp-content\/uploads\/2024\/02\/2024-02-04-DO-IT-FAST-Winter-3-771x1024.jpg\" alt=\"\" class=\"wp-image-2731\" srcset=\"https:\/\/lauftreffhagen-emst.de\/wp-content\/uploads\/2024\/02\/2024-02-04-DO-IT-FAST-Winter-3-771x1024.jpg 771w, https:\/\/lauftreffhagen-emst.de\/wp-content\/uploads\/2024\/02\/2024-02-04-DO-IT-FAST-Winter-3-226x300.jpg 226w, https:\/\/lauftreffhagen-emst.de\/wp-content\/uploads\/2024\/02\/2024-02-04-DO-IT-FAST-Winter-3-768x1020.jpg 768w, https:\/\/lauftreffhagen-emst.de\/wp-content\/uploads\/2024\/02\/2024-02-04-DO-IT-FAST-Winter-3-1157x1536.jpg 1157w, https:\/\/lauftreffhagen-emst.de\/wp-content\/uploads\/2024\/02\/2024-02-04-DO-IT-FAST-Winter-3-940x1248.jpg 940w, https:\/\/lauftreffhagen-emst.de\/wp-content\/uploads\/2024\/02\/2024-02-04-DO-IT-FAST-Winter-3.jpg 1536w\" sizes=\"(max-width: 771px) 100vw, 771px\" \/><figcaption class=\"wp-element-caption\">Gute Stimmung nach dem Lauf. Das Bild zeigt (v. l. n. r.) Friederike, Heidi, Anne (von den Running Girls), Christian B. und Rolli. <br>(Zwar nicht mit allen F\u00fc\u00dfen, daf\u00fcr nochmal mit ganz viel Industriekultur im Hintergrund!)<\/figcaption><\/figure>\n\n\n\n<p>Vielen Dank an Rolli f\u00fcr seine Unterst\u00fctzung vor und nach dem Lauf. Man glaubt gar nicht, was alles in so einen Rucksack reinpasst\u2026<\/p>\n","protected":false},"excerpt":{"rendered":"<p>Beinahe hatten wir beim DO IT FAST &#8211; Winter Edition am 4. Februar 2024 ein D\u00e9j\u00e0-vu das Wetter betreffend. Der Nieselregen, f\u00fcr den Phoenix-West im Februar bekannt zu sein scheint, h\u00f6rte jedoch auf, kurz nachdem wir auf dem Parkplatz angekommen &#8230; <a class=\"more-link\" href=\"https:\/\/lauftreffhagen-emst.de\/?p=2726\">Read More &raquo;<\/a><\/p>\n","protected":false},"author":7,"featured_media":2729,"comment_status":"closed","ping_status":"open","sticky":false,"template":"","format":"standard","meta":{"footnotes":""},"categories":[22,18,4],"tags":[43,10],"_links":{"self":[{"href":"https:\/\/lauftreffhagen-emst.de\/index.php?rest_route=\/wp\/v2\/posts\/2726"}],"collection":[{"href":"https:\/\/lauftreffhagen-emst.de\/index.php?rest_route=\/wp\/v2\/posts"}],"about":[{"href":"https:\/\/lauftreffhagen-emst.de\/index.php?rest_route=\/wp\/v2\/types\/post"}],"author":[{"embeddable":true,"href":"https:\/\/lauftreffhagen-emst.de\/index.php?rest_route=\/wp\/v2\/users\/7"}],"replies":[{"embeddable":true,"href":"https:\/\/lauftreffhagen-emst.de\/index.php?rest_route=%2Fwp%2Fv2%2Fcomments&post=2726"}],"version-history":[{"count":19,"href":"https:\/\/lauftreffhagen-emst.de\/index.php?rest_route=\/wp\/v2\/posts\/2726\/revisions"}],"predecessor-version":[{"id":2786,"href":"https:\/\/lauftreffhagen-emst.de\/index.php?rest_route=\/wp\/v2\/posts\/2726\/revisions\/2786"}],"wp:featuredmedia":[{"embeddable":true,"href":"https:\/\/lauftreffhagen-emst.de\/index.php?rest_route=\/wp\/v2\/media\/2729"}],"wp:attachment":[{"href":"https:\/\/lauftreffhagen-emst.de\/index.php?rest_route=%2Fwp%2Fv2%2Fmedia&parent=2726"}],"wp:term":[{"taxonomy":"category","embeddable":true,"href":"https:\/\/lauftreffhagen-emst.de\/index.php?rest_route=%2Fwp%2Fv2%2Fcategories&post=2726"},{"taxonomy":"post_tag","embeddable":true,"href":"https:\/\/lauftreffhagen-emst.de\/index.php?rest_route=%2Fwp%2Fv2%2Ftags&post=2726"}],"curies":[{"name":"wp","href":"https:\/\/api.w.org\/{rel}","templated":true}]}}