{"id":2584,"date":"2024-01-03T21:00:00","date_gmt":"2024-01-03T20:00:00","guid":{"rendered":"https:\/\/lauftreffhagen-emst.de\/?p=2584"},"modified":"2024-01-10T16:16:32","modified_gmt":"2024-01-10T15:16:32","slug":"silvesterlaeufe-2023","status":"publish","type":"post","link":"https:\/\/lauftreffhagen-emst.de\/?p=2584","title":{"rendered":"Silvesterl\u00e4ufe 2023"},"content":{"rendered":"\n<p>Zum Jahresabschluss waren wir auch vom Lauftreff Hagen-Emst bei den Silvesterl\u00e4ufen in der Region am Start. <\/p>\n\n\n\n<p><strong>42. Silvesterlauf von Werl nach Soest<\/strong> <\/p>\n\n\n<div class=\"wp-block-image\">\n<figure class=\"alignright size-large is-resized\"><img loading=\"lazy\" decoding=\"async\" src=\"https:\/\/lauftreffhagen-emst.de\/wp-content\/uploads\/2024\/01\/202312-31-Silvesterlauf-Werl-Soest-2-489x1024.jpg\" alt=\"\" class=\"wp-image-2662\" width=\"95\" height=\"199\" srcset=\"https:\/\/lauftreffhagen-emst.de\/wp-content\/uploads\/2024\/01\/202312-31-Silvesterlauf-Werl-Soest-2-489x1024.jpg 489w, https:\/\/lauftreffhagen-emst.de\/wp-content\/uploads\/2024\/01\/202312-31-Silvesterlauf-Werl-Soest-2-143x300.jpg 143w, https:\/\/lauftreffhagen-emst.de\/wp-content\/uploads\/2024\/01\/202312-31-Silvesterlauf-Werl-Soest-2-768x1609.jpg 768w, https:\/\/lauftreffhagen-emst.de\/wp-content\/uploads\/2024\/01\/202312-31-Silvesterlauf-Werl-Soest-2-733x1536.jpg 733w, https:\/\/lauftreffhagen-emst.de\/wp-content\/uploads\/2024\/01\/202312-31-Silvesterlauf-Werl-Soest-2.jpg 905w\" sizes=\"(max-width: 95px) 100vw, 95px\" \/><figcaption class=\"wp-element-caption\">Nach 15 km in Soest im Ziel<\/figcaption><\/figure><\/div>\n\n<div class=\"wp-block-image\">\n<figure class=\"alignleft size-large is-resized\"><img loading=\"lazy\" decoding=\"async\" src=\"https:\/\/lauftreffhagen-emst.de\/wp-content\/uploads\/2024\/01\/202312-31-Silvesterlauf-Werl-Soest-1-576x1024.jpg\" alt=\"\" class=\"wp-image-2661\" width=\"107\" height=\"191\" srcset=\"https:\/\/lauftreffhagen-emst.de\/wp-content\/uploads\/2024\/01\/202312-31-Silvesterlauf-Werl-Soest-1-576x1024.jpg 576w, https:\/\/lauftreffhagen-emst.de\/wp-content\/uploads\/2024\/01\/202312-31-Silvesterlauf-Werl-Soest-1-169x300.jpg 169w, https:\/\/lauftreffhagen-emst.de\/wp-content\/uploads\/2024\/01\/202312-31-Silvesterlauf-Werl-Soest-1-768x1365.jpg 768w, https:\/\/lauftreffhagen-emst.de\/wp-content\/uploads\/2024\/01\/202312-31-Silvesterlauf-Werl-Soest-1-864x1536.jpg 864w, https:\/\/lauftreffhagen-emst.de\/wp-content\/uploads\/2024\/01\/202312-31-Silvesterlauf-Werl-Soest-1-940x1671.jpg 940w, https:\/\/lauftreffhagen-emst.de\/wp-content\/uploads\/2024\/01\/202312-31-Silvesterlauf-Werl-Soest-1.jpg 1116w\" sizes=\"(max-width: 107px) 100vw, 107px\" \/><figcaption class=\"wp-element-caption\">Christian B.<br>vor dem Start<br>in Werl<\/figcaption><\/figure><\/div>\n\n\n<p>Bei Deutschlands gr\u00f6\u00dftem Silvesterlauf von Werl nach Soest reihte sich Christian B. in das Feld der ca. 4000 Startenden ein. Nach 1:17:22 h und 15 km \u00fcber die alte Bundesstra\u00dfe 1 war das Ziel auf dem Marktplatz in Soest erreicht.<\/p>\n\n\n\n<p>Bei Temperaturen um die 10 \u00b0C gab es, ungew\u00f6hnlich f\u00fcr den Dezember 2023, au\u00dfer bei der Startaufstellung keinen Regen!<\/p>\n\n\n\n<p>Link zu den Ergebnissen bei <a rel=\"noreferrer noopener\" href=\"https:\/\/my.raceresult.com\/239588\/results\" target=\"_blank\">RaceResult<\/a>.<br> <br> <br> <br> <\/p>\n\n\n\n<p><strong>40. Silvesterlauf &#8222;Rund um den Danzturm&#8220;<\/strong> <\/p>\n\n\n<div class=\"wp-block-image\">\n<figure class=\"alignleft size-full is-resized\"><img loading=\"lazy\" decoding=\"async\" src=\"https:\/\/lauftreffhagen-emst.de\/wp-content\/uploads\/2024\/01\/202312-31-Silvesterlauf-Iserlohn-1.jpg\" alt=\"\" class=\"wp-image-2663\" width=\"210\" height=\"320\" srcset=\"https:\/\/lauftreffhagen-emst.de\/wp-content\/uploads\/2024\/01\/202312-31-Silvesterlauf-Iserlohn-1.jpg 670w, https:\/\/lauftreffhagen-emst.de\/wp-content\/uploads\/2024\/01\/202312-31-Silvesterlauf-Iserlohn-1-196x300.jpg 196w\" sizes=\"(max-width: 210px) 100vw, 210px\" \/><figcaption class=\"wp-element-caption\">Vor dem Start (von rechts vorne nach links hinten): Ute, Heidi, Peter, Sandra <br>mit Angelika (vom LT Hohenlimburg)<\/figcaption><\/figure><\/div>\n\n\n<p>Nach pandemiebedingter Pause fand auch wieder der Silvesterlauf in Iserlohn statt. <br>Peter, Heidi und Sandra sind auf der 10,3 km Strecke &#8222;Rund um den Danzturm&#8220; an den Start gegangen und liefen nach 1:09:51 h gemeinsam ins Ziel. <br>Ute trat beim Jedermann-Lauf \u00fcber 5 km an und \u00fcberquerte die Ziellinie nach 46:08 Minuten.<\/p>\n\n\n<div class=\"wp-block-image\">\n<figure class=\"alignright size-large is-resized\"><img loading=\"lazy\" decoding=\"async\" src=\"https:\/\/lauftreffhagen-emst.de\/wp-content\/uploads\/2024\/01\/202312-31-Silvesterlauf-Iserlohn-2-1024x1024.jpg\" alt=\"\" class=\"wp-image-2664\" width=\"147\" height=\"147\" srcset=\"https:\/\/lauftreffhagen-emst.de\/wp-content\/uploads\/2024\/01\/202312-31-Silvesterlauf-Iserlohn-2-1024x1024.jpg 1024w, https:\/\/lauftreffhagen-emst.de\/wp-content\/uploads\/2024\/01\/202312-31-Silvesterlauf-Iserlohn-2-300x300.jpg 300w, https:\/\/lauftreffhagen-emst.de\/wp-content\/uploads\/2024\/01\/202312-31-Silvesterlauf-Iserlohn-2-150x150.jpg 150w, https:\/\/lauftreffhagen-emst.de\/wp-content\/uploads\/2024\/01\/202312-31-Silvesterlauf-Iserlohn-2-768x768.jpg 768w, https:\/\/lauftreffhagen-emst.de\/wp-content\/uploads\/2024\/01\/202312-31-Silvesterlauf-Iserlohn-2-1536x1536.jpg 1536w, https:\/\/lauftreffhagen-emst.de\/wp-content\/uploads\/2024\/01\/202312-31-Silvesterlauf-Iserlohn-2-940x940.jpg 940w, https:\/\/lauftreffhagen-emst.de\/wp-content\/uploads\/2024\/01\/202312-31-Silvesterlauf-Iserlohn-2.jpg 1600w\" sizes=\"(max-width: 147px) 100vw, 147px\" \/><figcaption class=\"wp-element-caption\">Ute nach dem Lauf<\/figcaption><\/figure><\/div>\n\n\n<p>Insgesamt sind ca. 300 Startende am letzten Tag des Jahres in Iserlohn gelaufen.<\/p>\n\n\n\n<p>Link zu den Ergebnissen bei <a rel=\"noreferrer noopener\" href=\"https:\/\/my.raceresult.com\/268655\/results\" target=\"_blank\">RaceResult<\/a>.<\/p>\n","protected":false},"excerpt":{"rendered":"<p>Zum Jahresabschluss waren wir auch vom Lauftreff Hagen-Emst bei den Silvesterl\u00e4ufen in der Region am Start. 42. Silvesterlauf von Werl nach Soest Bei Deutschlands gr\u00f6\u00dftem Silvesterlauf von Werl nach Soest reihte sich Christian B. in das Feld der ca. 4000 &#8230; <a class=\"more-link\" href=\"https:\/\/lauftreffhagen-emst.de\/?p=2584\">Read More &raquo;<\/a><\/p>\n","protected":false},"author":7,"featured_media":2660,"comment_status":"closed","ping_status":"open","sticky":false,"template":"","format":"standard","meta":{"footnotes":""},"categories":[22,18,4],"tags":[48,49,69,10],"_links":{"self":[{"href":"https:\/\/lauftreffhagen-emst.de\/index.php?rest_route=\/wp\/v2\/posts\/2584"}],"collection":[{"href":"https:\/\/lauftreffhagen-emst.de\/index.php?rest_route=\/wp\/v2\/posts"}],"about":[{"href":"https:\/\/lauftreffhagen-emst.de\/index.php?rest_route=\/wp\/v2\/types\/post"}],"author":[{"embeddable":true,"href":"https:\/\/lauftreffhagen-emst.de\/index.php?rest_route=\/wp\/v2\/users\/7"}],"replies":[{"embeddable":true,"href":"https:\/\/lauftreffhagen-emst.de\/index.php?rest_route=%2Fwp%2Fv2%2Fcomments&post=2584"}],"version-history":[{"count":20,"href":"https:\/\/lauftreffhagen-emst.de\/index.php?rest_route=\/wp\/v2\/posts\/2584\/revisions"}],"predecessor-version":[{"id":2672,"href":"https:\/\/lauftreffhagen-emst.de\/index.php?rest_route=\/wp\/v2\/posts\/2584\/revisions\/2672"}],"wp:featuredmedia":[{"embeddable":true,"href":"https:\/\/lauftreffhagen-emst.de\/index.php?rest_route=\/wp\/v2\/media\/2660"}],"wp:attachment":[{"href":"https:\/\/lauftreffhagen-emst.de\/index.php?rest_route=%2Fwp%2Fv2%2Fmedia&parent=2584"}],"wp:term":[{"taxonomy":"category","embeddable":true,"href":"https:\/\/lauftreffhagen-emst.de\/index.php?rest_route=%2Fwp%2Fv2%2Fcategories&post=2584"},{"taxonomy":"post_tag","embeddable":true,"href":"https:\/\/lauftreffhagen-emst.de\/index.php?rest_route=%2Fwp%2Fv2%2Ftags&post=2584"}],"curies":[{"name":"wp","href":"https:\/\/api.w.org\/{rel}","templated":true}]}}