{"id":2487,"date":"2023-11-15T13:18:26","date_gmt":"2023-11-15T13:18:26","guid":{"rendered":"https:\/\/lauftreffhagen-emst.de\/?p=2487"},"modified":"2024-01-10T23:19:36","modified_gmt":"2024-01-10T22:19:36","slug":"sponsor-fuer-die-neuen-laufshirts","status":"publish","type":"post","link":"https:\/\/lauftreffhagen-emst.de\/?p=2487","title":{"rendered":"Sponsoring f\u00fcr die neuen Laufshirts"},"content":{"rendered":"\n<h2 class=\"has-text-align-left wp-block-heading\"><strong>DANKE!<\/strong><\/h2>\n\n\n<div class=\"wp-block-image\">\n<figure class=\"alignright size-large is-resized\"><img loading=\"lazy\" decoding=\"async\" src=\"https:\/\/lauftreffhagen-emst.de\/wp-content\/uploads\/2023\/11\/2023-11-06-Danke-Kramer-Autos-745x1024.jpeg\" alt=\"\" class=\"wp-image-2491\" width=\"373\" height=\"512\" srcset=\"https:\/\/lauftreffhagen-emst.de\/wp-content\/uploads\/2023\/11\/2023-11-06-Danke-Kramer-Autos-745x1024.jpeg 745w, https:\/\/lauftreffhagen-emst.de\/wp-content\/uploads\/2023\/11\/2023-11-06-Danke-Kramer-Autos-218x300.jpeg 218w, https:\/\/lauftreffhagen-emst.de\/wp-content\/uploads\/2023\/11\/2023-11-06-Danke-Kramer-Autos-768x1055.jpeg 768w, https:\/\/lauftreffhagen-emst.de\/wp-content\/uploads\/2023\/11\/2023-11-06-Danke-Kramer-Autos-940x1292.jpeg 940w, https:\/\/lauftreffhagen-emst.de\/wp-content\/uploads\/2023\/11\/2023-11-06-Danke-Kramer-Autos.jpeg 1026w\" sizes=\"(max-width: 373px) 100vw, 373px\" \/><figcaption class=\"wp-element-caption\">Simon Kramer, Gesch\u00e4ftsf\u00fchrer kramer.autos (rechts) und Andreas Kurz, Lauftreffleiter (links)<\/figcaption><\/figure><\/div>\n\n\n<p>Unser herzliches Dankesch\u00f6n sagen wir der Firma <a href=\"https:\/\/kramer.autos\/\" target=\"_blank\" rel=\"noopener\">kramer.autos<\/a> aus Hagen, die mit einen Beitrag zu jedem unserer neuen Laufshirts deren Beschaffung gesponsort hat. Anfang November \u00fcberreichte Lauftreffleiter Andreas Kurz in den Gesch\u00e4ftsr\u00e4umen von kramer.autos eine Fotocollage zum Dank f\u00fcr die Unterst\u00fctzung an den Gesch\u00e4ftsf\u00fchrer Simon Kramer.<br><\/p>\n\n\n\n<p>Lange waren sie in Gebrauch, unsere bunten Laufshirts vom Lauftreff Hagen-Emst. Doch irgendwann kommt die Zeit f\u00fcr was Neues. Nicht zuletzt, weil wir in den letzten Jahren (trotz Corona) immer wieder Zuwachs beim Lauftreff verzeichnen konnten und es daher gar nicht jedem m\u00f6glich war, mit einem Shirt im Design des Lauftreffs aufzutreten.<\/p>\n\n\n\n<p>Das Projekt &#8222;neue Laufshirts&#8220; ist einige Monate gereift, bevor eine L\u00f6sung ausgew\u00e4hlt wurde, mit der nicht nur ein funktionales Shirt, sondern auch die M\u00f6glichkeit zur Gestaltung eines modernen Lauftreff-Designs bis hin zum indidividuellen Eindruck des eigenen Names gegeben war.<\/p>\n\n\n\n<p>Seit Oktober sind wir nicht nur bei Wettk\u00e4mpfen im neuen Design pr\u00e4sent und stellen fest, dass wir mit den gelben Laufshirts einen hohen Wiedererkennungswert geschaffen haben und den Teamgeist f\u00f6rdern.<\/p>\n\n\n<div class=\"wp-block-image\">\n<figure class=\"aligncenter size-large is-resized\"><img loading=\"lazy\" decoding=\"async\" src=\"https:\/\/lauftreffhagen-emst.de\/wp-content\/uploads\/2023\/11\/2023-10-24-Gruppenbild-LT-dienstags-1024x768.jpeg\" alt=\"\" class=\"wp-image-2492\" width=\"512\" height=\"384\" srcset=\"https:\/\/lauftreffhagen-emst.de\/wp-content\/uploads\/2023\/11\/2023-10-24-Gruppenbild-LT-dienstags-1024x768.jpeg 1024w, https:\/\/lauftreffhagen-emst.de\/wp-content\/uploads\/2023\/11\/2023-10-24-Gruppenbild-LT-dienstags-300x225.jpeg 300w, https:\/\/lauftreffhagen-emst.de\/wp-content\/uploads\/2023\/11\/2023-10-24-Gruppenbild-LT-dienstags-768x576.jpeg 768w, https:\/\/lauftreffhagen-emst.de\/wp-content\/uploads\/2023\/11\/2023-10-24-Gruppenbild-LT-dienstags-1536x1152.jpeg 1536w, https:\/\/lauftreffhagen-emst.de\/wp-content\/uploads\/2023\/11\/2023-10-24-Gruppenbild-LT-dienstags-940x705.jpeg 940w, https:\/\/lauftreffhagen-emst.de\/wp-content\/uploads\/2023\/11\/2023-10-24-Gruppenbild-LT-dienstags.jpeg 1600w\" sizes=\"(max-width: 512px) 100vw, 512px\" \/><figcaption class=\"wp-element-caption\">Gruppenbild Lauftreff an einem Dienstag, stellvertretend f\u00fcr alle aktiven L\u00e4uferinnen und L\u00e4ufer<\/figcaption><\/figure><\/div>","protected":false},"excerpt":{"rendered":"<p>DANKE! Unser herzliches Dankesch\u00f6n sagen wir der Firma kramer.autos aus Hagen, die mit einen Beitrag zu jedem unserer neuen Laufshirts deren Beschaffung gesponsort hat. Anfang November \u00fcberreichte Lauftreffleiter Andreas Kurz in den Gesch\u00e4ftsr\u00e4umen von kramer.autos eine Fotocollage zum Dank f\u00fcr &#8230; <a class=\"more-link\" href=\"https:\/\/lauftreffhagen-emst.de\/?p=2487\">Read More &raquo;<\/a><\/p>\n","protected":false},"author":7,"featured_media":2491,"comment_status":"closed","ping_status":"open","sticky":false,"template":"","format":"standard","meta":{"footnotes":""},"categories":[91],"tags":[],"_links":{"self":[{"href":"https:\/\/lauftreffhagen-emst.de\/index.php?rest_route=\/wp\/v2\/posts\/2487"}],"collection":[{"href":"https:\/\/lauftreffhagen-emst.de\/index.php?rest_route=\/wp\/v2\/posts"}],"about":[{"href":"https:\/\/lauftreffhagen-emst.de\/index.php?rest_route=\/wp\/v2\/types\/post"}],"author":[{"embeddable":true,"href":"https:\/\/lauftreffhagen-emst.de\/index.php?rest_route=\/wp\/v2\/users\/7"}],"replies":[{"embeddable":true,"href":"https:\/\/lauftreffhagen-emst.de\/index.php?rest_route=%2Fwp%2Fv2%2Fcomments&post=2487"}],"version-history":[{"count":18,"href":"https:\/\/lauftreffhagen-emst.de\/index.php?rest_route=\/wp\/v2\/posts\/2487\/revisions"}],"predecessor-version":[{"id":2684,"href":"https:\/\/lauftreffhagen-emst.de\/index.php?rest_route=\/wp\/v2\/posts\/2487\/revisions\/2684"}],"wp:featuredmedia":[{"embeddable":true,"href":"https:\/\/lauftreffhagen-emst.de\/index.php?rest_route=\/wp\/v2\/media\/2491"}],"wp:attachment":[{"href":"https:\/\/lauftreffhagen-emst.de\/index.php?rest_route=%2Fwp%2Fv2%2Fmedia&parent=2487"}],"wp:term":[{"taxonomy":"category","embeddable":true,"href":"https:\/\/lauftreffhagen-emst.de\/index.php?rest_route=%2Fwp%2Fv2%2Fcategories&post=2487"},{"taxonomy":"post_tag","embeddable":true,"href":"https:\/\/lauftreffhagen-emst.de\/index.php?rest_route=%2Fwp%2Fv2%2Ftags&post=2487"}],"curies":[{"name":"wp","href":"https:\/\/api.w.org\/{rel}","templated":true}]}}