{"id":2255,"date":"2023-09-18T07:59:08","date_gmt":"2023-09-18T07:59:08","guid":{"rendered":"https:\/\/lauftreffhagen-emst.de\/?p=2255"},"modified":"2024-10-27T21:21:09","modified_gmt":"2024-10-27T20:21:09","slug":"9-schwelmer-citylauf","status":"publish","type":"post","link":"https:\/\/lauftreffhagen-emst.de\/?p=2255","title":{"rendered":"9. Schwelmer Citylauf"},"content":{"rendered":"\n<p>Am Nachmittag des 16.09.2023 fiel beim 9. Schwelmer Citylauf der Startschuss zum 10 km Lauf, der unter dem Motto &#8222;Lauf f\u00fcrs Klima&#8220; stand. Vom Lauftreff Hagen-Emst sind zwei L\u00e4ufer auf dem Rundkurs durch die Schwelmer Innenstadt gestartet. Sechs Runden waren bei sp\u00e4tsommerlichem Wetter zu absolvieren.<\/p>\n\n\n\n<figure class=\"wp-block-image size-large\"><img loading=\"lazy\" decoding=\"async\" width=\"1024\" height=\"819\" src=\"https:\/\/lauftreffhagen-emst.de\/wp-content\/uploads\/2023\/09\/2023-09-16-Schwelmer-Citylauf-1024x819.jpg\" alt=\"\" class=\"wp-image-2260\" srcset=\"https:\/\/lauftreffhagen-emst.de\/wp-content\/uploads\/2023\/09\/2023-09-16-Schwelmer-Citylauf-1024x819.jpg 1024w, https:\/\/lauftreffhagen-emst.de\/wp-content\/uploads\/2023\/09\/2023-09-16-Schwelmer-Citylauf-300x240.jpg 300w, https:\/\/lauftreffhagen-emst.de\/wp-content\/uploads\/2023\/09\/2023-09-16-Schwelmer-Citylauf-768x615.jpg 768w, https:\/\/lauftreffhagen-emst.de\/wp-content\/uploads\/2023\/09\/2023-09-16-Schwelmer-Citylauf-940x752.jpg 940w, https:\/\/lauftreffhagen-emst.de\/wp-content\/uploads\/2023\/09\/2023-09-16-Schwelmer-Citylauf.jpg 1512w\" sizes=\"(max-width: 1024px) 100vw, 1024px\" \/><figcaption class=\"wp-element-caption\">Michael und Christian (v.l.) nach dem Lauf<\/figcaption><\/figure>\n\n\n\n<p>Mit seinen Schleifen war der Parcours nicht frei von leichten Steigungen, bot daf\u00fcr jedoch die M\u00f6glichkeit, in den Kehren das L\u00e4uferfeld im Blick zu haben. F\u00fcr Michael und Christian eher Motivation. Beide haben die 10 km mit einer neuen pers\u00f6nlichen Bestleitung abgeschlossen (Nettozeiten: Michael 42:48 Min., Christian 51:02 Min.). Michael hat damit zudem in seiner Altersklasse den zweiten Platz belegt. <\/p>\n\n\n\n<p>Herzlichen Gl\u00fcckwunsch!<\/p>\n","protected":false},"excerpt":{"rendered":"<p>Am Nachmittag des 16.09.2023 fiel beim 9. Schwelmer Citylauf der Startschuss zum 10 km Lauf, der unter dem Motto &#8222;Lauf f\u00fcrs Klima&#8220; stand. Vom Lauftreff Hagen-Emst sind zwei L\u00e4ufer auf dem Rundkurs durch die Schwelmer Innenstadt gestartet. Sechs Runden waren &#8230; <a class=\"more-link\" href=\"https:\/\/lauftreffhagen-emst.de\/?p=2255\">Read More &raquo;<\/a><\/p>\n","protected":false},"author":7,"featured_media":2260,"comment_status":"closed","ping_status":"open","sticky":false,"template":"","format":"standard","meta":{"footnotes":""},"categories":[22,18,4],"tags":[58,102,10],"_links":{"self":[{"href":"https:\/\/lauftreffhagen-emst.de\/index.php?rest_route=\/wp\/v2\/posts\/2255"}],"collection":[{"href":"https:\/\/lauftreffhagen-emst.de\/index.php?rest_route=\/wp\/v2\/posts"}],"about":[{"href":"https:\/\/lauftreffhagen-emst.de\/index.php?rest_route=\/wp\/v2\/types\/post"}],"author":[{"embeddable":true,"href":"https:\/\/lauftreffhagen-emst.de\/index.php?rest_route=\/wp\/v2\/users\/7"}],"replies":[{"embeddable":true,"href":"https:\/\/lauftreffhagen-emst.de\/index.php?rest_route=%2Fwp%2Fv2%2Fcomments&post=2255"}],"version-history":[{"count":5,"href":"https:\/\/lauftreffhagen-emst.de\/index.php?rest_route=\/wp\/v2\/posts\/2255\/revisions"}],"predecessor-version":[{"id":2263,"href":"https:\/\/lauftreffhagen-emst.de\/index.php?rest_route=\/wp\/v2\/posts\/2255\/revisions\/2263"}],"wp:featuredmedia":[{"embeddable":true,"href":"https:\/\/lauftreffhagen-emst.de\/index.php?rest_route=\/wp\/v2\/media\/2260"}],"wp:attachment":[{"href":"https:\/\/lauftreffhagen-emst.de\/index.php?rest_route=%2Fwp%2Fv2%2Fmedia&parent=2255"}],"wp:term":[{"taxonomy":"category","embeddable":true,"href":"https:\/\/lauftreffhagen-emst.de\/index.php?rest_route=%2Fwp%2Fv2%2Fcategories&post=2255"},{"taxonomy":"post_tag","embeddable":true,"href":"https:\/\/lauftreffhagen-emst.de\/index.php?rest_route=%2Fwp%2Fv2%2Ftags&post=2255"}],"curies":[{"name":"wp","href":"https:\/\/api.w.org\/{rel}","templated":true}]}}