{"id":2144,"date":"2023-09-12T06:58:54","date_gmt":"2023-09-12T06:58:54","guid":{"rendered":"https:\/\/lauftreffhagen-emst.de\/?p=2144"},"modified":"2023-09-20T08:26:37","modified_gmt":"2023-09-20T08:26:37","slug":"8-sterntaler-spendenlauf","status":"publish","type":"post","link":"https:\/\/lauftreffhagen-emst.de\/?p=2144","title":{"rendered":"8. Sterntaler-Spendenlauf"},"content":{"rendered":"\n<p>Bei (sehr) warmem Sommerwetter gingen \u00fcber 200 Teilnehmende am 10.09.2023 am Gemeinschaftskrankenhaus Herdecke wieder an den Start zum 8. Sterntaler-Spendenlauf zugunsten an Krebs erkrankter Kinder. Insgesamt war dies die 23. Auflage des Sterntalerlaufs.<\/p>\n\n\n\n<figure class=\"wp-block-image size-large\"><img loading=\"lazy\" decoding=\"async\" width=\"1024\" height=\"576\" src=\"https:\/\/lauftreffhagen-emst.de\/wp-content\/uploads\/2023\/09\/2023-09-10-Sterntalerlauf-Gruppe-1024x576.jpeg\" alt=\"\" class=\"wp-image-2149\" srcset=\"https:\/\/lauftreffhagen-emst.de\/wp-content\/uploads\/2023\/09\/2023-09-10-Sterntalerlauf-Gruppe-1024x576.jpeg 1024w, https:\/\/lauftreffhagen-emst.de\/wp-content\/uploads\/2023\/09\/2023-09-10-Sterntalerlauf-Gruppe-300x169.jpeg 300w, https:\/\/lauftreffhagen-emst.de\/wp-content\/uploads\/2023\/09\/2023-09-10-Sterntalerlauf-Gruppe-768x432.jpeg 768w, https:\/\/lauftreffhagen-emst.de\/wp-content\/uploads\/2023\/09\/2023-09-10-Sterntalerlauf-Gruppe-1536x864.jpeg 1536w, https:\/\/lauftreffhagen-emst.de\/wp-content\/uploads\/2023\/09\/2023-09-10-Sterntalerlauf-Gruppe-940x529.jpeg 940w, https:\/\/lauftreffhagen-emst.de\/wp-content\/uploads\/2023\/09\/2023-09-10-Sterntalerlauf-Gruppe.jpeg 1600w\" sizes=\"(max-width: 1024px) 100vw, 1024px\" \/><figcaption class=\"wp-element-caption\">Gruppenfoto vom LT Hagen-Emst (Laufen und Walken)<\/figcaption><\/figure>\n\n\n<div class=\"wp-block-image\">\n<figure class=\"alignright size-medium is-resized\"><img loading=\"lazy\" decoding=\"async\" src=\"https:\/\/lauftreffhagen-emst.de\/wp-content\/uploads\/2023\/09\/2023-09-10-Sterntalerlauf-Garten-Avalon-300x225.jpeg\" alt=\"\" class=\"wp-image-2150\" width=\"150\" height=\"113\" srcset=\"https:\/\/lauftreffhagen-emst.de\/wp-content\/uploads\/2023\/09\/2023-09-10-Sterntalerlauf-Garten-Avalon-300x225.jpeg 300w, https:\/\/lauftreffhagen-emst.de\/wp-content\/uploads\/2023\/09\/2023-09-10-Sterntalerlauf-Garten-Avalon-1024x768.jpeg 1024w, https:\/\/lauftreffhagen-emst.de\/wp-content\/uploads\/2023\/09\/2023-09-10-Sterntalerlauf-Garten-Avalon-768x576.jpeg 768w, https:\/\/lauftreffhagen-emst.de\/wp-content\/uploads\/2023\/09\/2023-09-10-Sterntalerlauf-Garten-Avalon-1536x1152.jpeg 1536w, https:\/\/lauftreffhagen-emst.de\/wp-content\/uploads\/2023\/09\/2023-09-10-Sterntalerlauf-Garten-Avalon-940x705.jpeg 940w, https:\/\/lauftreffhagen-emst.de\/wp-content\/uploads\/2023\/09\/2023-09-10-Sterntalerlauf-Garten-Avalon.jpeg 1600w\" sizes=\"(max-width: 150px) 100vw, 150px\" \/><\/figure><\/div>\n\n\n<p>Vom Lauftreff Hagen-Emst waren wir mit 16 Teilnehmenden in den verschiedenen Kategorien Laufen und Walking \u00fcber 4 und 9 km am Start. Ersch\u00f6pft, aber gl\u00fccklich traf man sich nach dem Lauf zum Imbiss und Erfrischungen im Garten Avalon des Gemeinschaftskrankenhaus Herdecke.<\/p>\n\n\n\n<p>Auch die Spendenbox wurde flei\u00dfig gef\u00fcttert, so dass die beachtliche Spendensumme von ca. 5.000 Euro zusammen gekommen ist.<\/p>\n\n\n\n<p>Bilder vom Sterntaler-Spendenlauf gibt es in der Fotogalerie 2023. Hier geht es zu den <a rel=\"noopener\" href=\"https:\/\/www.laufgalerie.de\/2023\/2023_sterntaler-lauf\/index.htm\" target=\"_blank\">Fotos von Uli Sauer<\/a> und zu den <a rel=\"noopener\" href=\"https:\/\/www.laufgalerie.de\/2023\/2023_sterntaler-lauf2\/index.htm\" target=\"_blank\">Fotos von Tycho Zuzak<\/a>.<\/p>\n\n\n\n<p>Auf der Webseite des Sterntaler e.V. wird auch \u00fcber den <a href=\"http:\/\/www.sterntaler-ev.de\/2023\/09\/12\/23-sterntaler-spendenlauf-wieder-erfolgreich\/\" target=\"_blank\" rel=\"noopener\">Spendenlauf<\/a> berichtet.<\/p>\n","protected":false},"excerpt":{"rendered":"<p>Bei (sehr) warmem Sommerwetter gingen \u00fcber 200 Teilnehmende am 10.09.2023 am Gemeinschaftskrankenhaus Herdecke wieder an den Start zum 8. Sterntaler-Spendenlauf zugunsten an Krebs erkrankter Kinder. Insgesamt war dies die 23. Auflage des Sterntalerlaufs. Vom Lauftreff Hagen-Emst waren wir mit 16 &#8230; <a class=\"more-link\" href=\"https:\/\/lauftreffhagen-emst.de\/?p=2144\">Read More &raquo;<\/a><\/p>\n","protected":false},"author":7,"featured_media":2149,"comment_status":"closed","ping_status":"open","sticky":false,"template":"","format":"standard","meta":{"footnotes":""},"categories":[39,65,64],"tags":[34,21,33],"_links":{"self":[{"href":"https:\/\/lauftreffhagen-emst.de\/index.php?rest_route=\/wp\/v2\/posts\/2144"}],"collection":[{"href":"https:\/\/lauftreffhagen-emst.de\/index.php?rest_route=\/wp\/v2\/posts"}],"about":[{"href":"https:\/\/lauftreffhagen-emst.de\/index.php?rest_route=\/wp\/v2\/types\/post"}],"author":[{"embeddable":true,"href":"https:\/\/lauftreffhagen-emst.de\/index.php?rest_route=\/wp\/v2\/users\/7"}],"replies":[{"embeddable":true,"href":"https:\/\/lauftreffhagen-emst.de\/index.php?rest_route=%2Fwp%2Fv2%2Fcomments&post=2144"}],"version-history":[{"count":23,"href":"https:\/\/lauftreffhagen-emst.de\/index.php?rest_route=\/wp\/v2\/posts\/2144\/revisions"}],"predecessor-version":[{"id":2270,"href":"https:\/\/lauftreffhagen-emst.de\/index.php?rest_route=\/wp\/v2\/posts\/2144\/revisions\/2270"}],"wp:featuredmedia":[{"embeddable":true,"href":"https:\/\/lauftreffhagen-emst.de\/index.php?rest_route=\/wp\/v2\/media\/2149"}],"wp:attachment":[{"href":"https:\/\/lauftreffhagen-emst.de\/index.php?rest_route=%2Fwp%2Fv2%2Fmedia&parent=2144"}],"wp:term":[{"taxonomy":"category","embeddable":true,"href":"https:\/\/lauftreffhagen-emst.de\/index.php?rest_route=%2Fwp%2Fv2%2Fcategories&post=2144"},{"taxonomy":"post_tag","embeddable":true,"href":"https:\/\/lauftreffhagen-emst.de\/index.php?rest_route=%2Fwp%2Fv2%2Ftags&post=2144"}],"curies":[{"name":"wp","href":"https:\/\/api.w.org\/{rel}","templated":true}]}}