{"id":2045,"date":"2023-08-27T19:37:59","date_gmt":"2023-08-27T19:37:59","guid":{"rendered":"https:\/\/lauftreffhagen-emst.de\/?p=2045"},"modified":"2023-10-30T20:50:05","modified_gmt":"2023-10-30T20:50:05","slug":"lauftreff-sommerfest-35-jahre-lt-hagen-emst","status":"publish","type":"post","link":"https:\/\/lauftreffhagen-emst.de\/?p=2045","title":{"rendered":"Lauftreff Sommerfest &#8211; 35 Jahre LT Hagen-Emst"},"content":{"rendered":"\n<p>Am 27. August 2023 trafen sich mehr als 60 Aktive und Ehemalige des Lauftreffs Hagen-Emst mit ihren Angeh\u00f6rigen zum Sommerfest auf der Sportanlage des TSV Hagen 1860 an der Hoheleye. Der Grill wurde angeworfen und mit dem Mitbringbuffet gab es die perfekte, vielseitige Erg\u00e4nzung zu Steaks und W\u00fcrstchen. Viele nutzten rege die M\u00f6glichkeiten zum Wikingerschach und Frisbee-Golf auf dem Rasenplatz der Faustballarena.<\/p>\n\n\n\n<figure class=\"wp-block-image size-large\"><img loading=\"lazy\" decoding=\"async\" width=\"1024\" height=\"577\" src=\"https:\/\/lauftreffhagen-emst.de\/wp-content\/uploads\/2023\/09\/2023-08-27-LT-Sommerfest-Gruppenbild-1024x577.jpg\" alt=\"\" class=\"wp-image-2080\" srcset=\"https:\/\/lauftreffhagen-emst.de\/wp-content\/uploads\/2023\/09\/2023-08-27-LT-Sommerfest-Gruppenbild-1024x577.jpg 1024w, https:\/\/lauftreffhagen-emst.de\/wp-content\/uploads\/2023\/09\/2023-08-27-LT-Sommerfest-Gruppenbild-300x169.jpg 300w, https:\/\/lauftreffhagen-emst.de\/wp-content\/uploads\/2023\/09\/2023-08-27-LT-Sommerfest-Gruppenbild-768x432.jpg 768w, https:\/\/lauftreffhagen-emst.de\/wp-content\/uploads\/2023\/09\/2023-08-27-LT-Sommerfest-Gruppenbild-1536x865.jpg 1536w, https:\/\/lauftreffhagen-emst.de\/wp-content\/uploads\/2023\/09\/2023-08-27-LT-Sommerfest-Gruppenbild-940x529.jpg 940w, https:\/\/lauftreffhagen-emst.de\/wp-content\/uploads\/2023\/09\/2023-08-27-LT-Sommerfest-Gruppenbild.jpg 1790w\" sizes=\"(max-width: 1024px) 100vw, 1024px\" \/><figcaption class=\"wp-element-caption\">Gruppenbild vom Lauftreff Sommerfest<\/figcaption><\/figure>\n\n\n\n<p>Gleichzeitig haben wir das 35-j\u00e4hrige Bestehen unseres Lauftreffs gefeiert. Der Lauftreff Hagen-Emst wurde am 1. April 1988 gegr\u00fcndet. Seither drehen wir unsere Runden in und um Emst und bleiben beim Laufen oder (Nordic-)Walken in Bewegung.<\/p>\n\n\n\n<div class=\"wp-block-group is-layout-constrained wp-block-group-is-layout-constrained\"><div class=\"wp-block-group__inner-container\">\n<div class=\"wp-block-group is-layout-constrained wp-block-group-is-layout-constrained\"><div class=\"wp-block-group__inner-container\"><div class=\"wp-block-image\">\n<figure class=\"aligncenter size-large\"><img loading=\"lazy\" decoding=\"async\" width=\"1024\" height=\"768\" src=\"https:\/\/lauftreffhagen-emst.de\/wp-content\/uploads\/2023\/09\/2023-08-27-LT-Sommerfest-1-1024x768.jpeg\" alt=\"\" class=\"wp-image-2091\" srcset=\"https:\/\/lauftreffhagen-emst.de\/wp-content\/uploads\/2023\/09\/2023-08-27-LT-Sommerfest-1-1024x768.jpeg 1024w, https:\/\/lauftreffhagen-emst.de\/wp-content\/uploads\/2023\/09\/2023-08-27-LT-Sommerfest-1-300x225.jpeg 300w, https:\/\/lauftreffhagen-emst.de\/wp-content\/uploads\/2023\/09\/2023-08-27-LT-Sommerfest-1-768x576.jpeg 768w, https:\/\/lauftreffhagen-emst.de\/wp-content\/uploads\/2023\/09\/2023-08-27-LT-Sommerfest-1-1536x1152.jpeg 1536w, https:\/\/lauftreffhagen-emst.de\/wp-content\/uploads\/2023\/09\/2023-08-27-LT-Sommerfest-1-940x705.jpeg 940w, https:\/\/lauftreffhagen-emst.de\/wp-content\/uploads\/2023\/09\/2023-08-27-LT-Sommerfest-1.jpeg 1600w\" sizes=\"(max-width: 1024px) 100vw, 1024px\" \/><\/figure><\/div>\n\n<div class=\"wp-block-image\">\n<figure class=\"aligncenter size-large\"><img loading=\"lazy\" decoding=\"async\" width=\"1024\" height=\"768\" src=\"https:\/\/lauftreffhagen-emst.de\/wp-content\/uploads\/2023\/09\/2023-08-27-LT-Sommerfest-2-1024x768.jpeg\" alt=\"\" class=\"wp-image-2092\" srcset=\"https:\/\/lauftreffhagen-emst.de\/wp-content\/uploads\/2023\/09\/2023-08-27-LT-Sommerfest-2-1024x768.jpeg 1024w, https:\/\/lauftreffhagen-emst.de\/wp-content\/uploads\/2023\/09\/2023-08-27-LT-Sommerfest-2-300x225.jpeg 300w, https:\/\/lauftreffhagen-emst.de\/wp-content\/uploads\/2023\/09\/2023-08-27-LT-Sommerfest-2-768x576.jpeg 768w, https:\/\/lauftreffhagen-emst.de\/wp-content\/uploads\/2023\/09\/2023-08-27-LT-Sommerfest-2-1536x1152.jpeg 1536w, https:\/\/lauftreffhagen-emst.de\/wp-content\/uploads\/2023\/09\/2023-08-27-LT-Sommerfest-2-940x705.jpeg 940w, https:\/\/lauftreffhagen-emst.de\/wp-content\/uploads\/2023\/09\/2023-08-27-LT-Sommerfest-2.jpeg 1600w\" sizes=\"(max-width: 1024px) 100vw, 1024px\" \/><\/figure><\/div>\n\n<div class=\"wp-block-image\">\n<figure class=\"aligncenter size-large\"><img loading=\"lazy\" decoding=\"async\" width=\"1024\" height=\"768\" src=\"https:\/\/lauftreffhagen-emst.de\/wp-content\/uploads\/2023\/09\/2023-08-27-LT-Sommerfest-3-1024x768.jpeg\" alt=\"\" class=\"wp-image-2093\" srcset=\"https:\/\/lauftreffhagen-emst.de\/wp-content\/uploads\/2023\/09\/2023-08-27-LT-Sommerfest-3-1024x768.jpeg 1024w, https:\/\/lauftreffhagen-emst.de\/wp-content\/uploads\/2023\/09\/2023-08-27-LT-Sommerfest-3-300x225.jpeg 300w, https:\/\/lauftreffhagen-emst.de\/wp-content\/uploads\/2023\/09\/2023-08-27-LT-Sommerfest-3-768x576.jpeg 768w, https:\/\/lauftreffhagen-emst.de\/wp-content\/uploads\/2023\/09\/2023-08-27-LT-Sommerfest-3-1536x1152.jpeg 1536w, https:\/\/lauftreffhagen-emst.de\/wp-content\/uploads\/2023\/09\/2023-08-27-LT-Sommerfest-3-940x705.jpeg 940w, https:\/\/lauftreffhagen-emst.de\/wp-content\/uploads\/2023\/09\/2023-08-27-LT-Sommerfest-3.jpeg 1600w\" sizes=\"(max-width: 1024px) 100vw, 1024px\" \/><\/figure><\/div>\n\n<div class=\"wp-block-image\">\n<figure class=\"aligncenter size-large\"><img loading=\"lazy\" decoding=\"async\" width=\"1024\" height=\"768\" src=\"https:\/\/lauftreffhagen-emst.de\/wp-content\/uploads\/2023\/09\/2023-08-27-LT-Sommerfest-4-1024x768.jpeg\" alt=\"\" class=\"wp-image-2094\" srcset=\"https:\/\/lauftreffhagen-emst.de\/wp-content\/uploads\/2023\/09\/2023-08-27-LT-Sommerfest-4-1024x768.jpeg 1024w, https:\/\/lauftreffhagen-emst.de\/wp-content\/uploads\/2023\/09\/2023-08-27-LT-Sommerfest-4-300x225.jpeg 300w, https:\/\/lauftreffhagen-emst.de\/wp-content\/uploads\/2023\/09\/2023-08-27-LT-Sommerfest-4-768x576.jpeg 768w, https:\/\/lauftreffhagen-emst.de\/wp-content\/uploads\/2023\/09\/2023-08-27-LT-Sommerfest-4-1536x1152.jpeg 1536w, https:\/\/lauftreffhagen-emst.de\/wp-content\/uploads\/2023\/09\/2023-08-27-LT-Sommerfest-4-940x705.jpeg 940w, https:\/\/lauftreffhagen-emst.de\/wp-content\/uploads\/2023\/09\/2023-08-27-LT-Sommerfest-4.jpeg 1600w\" sizes=\"(max-width: 1024px) 100vw, 1024px\" \/><\/figure><\/div>\n\n<div class=\"wp-block-image\">\n<figure class=\"aligncenter size-large\"><img loading=\"lazy\" decoding=\"async\" width=\"783\" height=\"1024\" src=\"https:\/\/lauftreffhagen-emst.de\/wp-content\/uploads\/2023\/09\/2023-08-27-LT-Sommerfest-5-783x1024.jpeg\" alt=\"\" class=\"wp-image-2095\" srcset=\"https:\/\/lauftreffhagen-emst.de\/wp-content\/uploads\/2023\/09\/2023-08-27-LT-Sommerfest-5-783x1024.jpeg 783w, https:\/\/lauftreffhagen-emst.de\/wp-content\/uploads\/2023\/09\/2023-08-27-LT-Sommerfest-5-230x300.jpeg 230w, https:\/\/lauftreffhagen-emst.de\/wp-content\/uploads\/2023\/09\/2023-08-27-LT-Sommerfest-5-768x1004.jpeg 768w, https:\/\/lauftreffhagen-emst.de\/wp-content\/uploads\/2023\/09\/2023-08-27-LT-Sommerfest-5-1175x1536.jpeg 1175w, https:\/\/lauftreffhagen-emst.de\/wp-content\/uploads\/2023\/09\/2023-08-27-LT-Sommerfest-5-940x1229.jpeg 940w, https:\/\/lauftreffhagen-emst.de\/wp-content\/uploads\/2023\/09\/2023-08-27-LT-Sommerfest-5.jpeg 1224w\" sizes=\"(max-width: 783px) 100vw, 783px\" \/><\/figure><\/div>\n\n<div class=\"wp-block-image\">\n<figure class=\"aligncenter size-large\"><img loading=\"lazy\" decoding=\"async\" width=\"1024\" height=\"653\" src=\"https:\/\/lauftreffhagen-emst.de\/wp-content\/uploads\/2023\/09\/2023-08-27-LT-Sommerfest-6-1024x653.jpeg\" alt=\"\" class=\"wp-image-2101\" srcset=\"https:\/\/lauftreffhagen-emst.de\/wp-content\/uploads\/2023\/09\/2023-08-27-LT-Sommerfest-6-1024x653.jpeg 1024w, https:\/\/lauftreffhagen-emst.de\/wp-content\/uploads\/2023\/09\/2023-08-27-LT-Sommerfest-6-300x191.jpeg 300w, https:\/\/lauftreffhagen-emst.de\/wp-content\/uploads\/2023\/09\/2023-08-27-LT-Sommerfest-6-768x490.jpeg 768w, https:\/\/lauftreffhagen-emst.de\/wp-content\/uploads\/2023\/09\/2023-08-27-LT-Sommerfest-6-1536x979.jpeg 1536w, https:\/\/lauftreffhagen-emst.de\/wp-content\/uploads\/2023\/09\/2023-08-27-LT-Sommerfest-6-940x599.jpeg 940w, https:\/\/lauftreffhagen-emst.de\/wp-content\/uploads\/2023\/09\/2023-08-27-LT-Sommerfest-6.jpeg 1600w\" sizes=\"(max-width: 1024px) 100vw, 1024px\" \/><\/figure><\/div><\/div><\/div>\n<\/div><\/div>\n\n\n<div class=\"wp-block-image\">\n<figure class=\"alignright size-large is-resized\"><img loading=\"lazy\" decoding=\"async\" src=\"https:\/\/lauftreffhagen-emst.de\/wp-content\/uploads\/2023\/09\/2023-08-27-LT-Sommerfest-Laufrunde-768x1024.jpg\" alt=\"\" class=\"wp-image-2081\" width=\"334\" height=\"445\" srcset=\"https:\/\/lauftreffhagen-emst.de\/wp-content\/uploads\/2023\/09\/2023-08-27-LT-Sommerfest-Laufrunde-768x1024.jpg 768w, https:\/\/lauftreffhagen-emst.de\/wp-content\/uploads\/2023\/09\/2023-08-27-LT-Sommerfest-Laufrunde-225x300.jpg 225w, https:\/\/lauftreffhagen-emst.de\/wp-content\/uploads\/2023\/09\/2023-08-27-LT-Sommerfest-Laufrunde-1152x1536.jpg 1152w, https:\/\/lauftreffhagen-emst.de\/wp-content\/uploads\/2023\/09\/2023-08-27-LT-Sommerfest-Laufrunde-940x1253.jpg 940w, https:\/\/lauftreffhagen-emst.de\/wp-content\/uploads\/2023\/09\/2023-08-27-LT-Sommerfest-Laufrunde.jpg 1512w\" sizes=\"(max-width: 334px) 100vw, 334px\" \/><figcaption class=\"wp-element-caption\">Laufrunde &#8222;Die Lenne l\u00e4sst gr\u00fc\u00dfen&#8220;<\/figcaption><\/figure><\/div>\n\n\n<p>Was sonst als eine Laufrunde war dem geselligen Nachmittag vorangestellt? In zwei Gruppen gingen 10 L\u00e4uferinnen und L\u00e4ufer auf die eigens daf\u00fcr ausgeschilderte Strecke. Unter dem Motto: &#8222;Die Lenne l\u00e4sst gr\u00fc\u00dfen&#8220; ging es von der Hoheleye Richtung Halden und von dort auf dem neu angelegten Weg entlang der renaturierten Lenne, um \u00fcber den Anstieg zwischen Helfe und Fley wieder zur Sportanlage zur\u00fcckzukehren. <\/p>\n\n\n\n<figure class=\"wp-block-image size-full is-resized\"><img loading=\"lazy\" decoding=\"async\" src=\"https:\/\/lauftreffhagen-emst.de\/wp-content\/uploads\/2023\/09\/2023-08-27-LT-Sommerfest-Laufmarkierung.jpg\" alt=\"\" class=\"wp-image-2082\" width=\"170\" height=\"169\" srcset=\"https:\/\/lauftreffhagen-emst.de\/wp-content\/uploads\/2023\/09\/2023-08-27-LT-Sommerfest-Laufmarkierung.jpg 945w, https:\/\/lauftreffhagen-emst.de\/wp-content\/uploads\/2023\/09\/2023-08-27-LT-Sommerfest-Laufmarkierung-300x298.jpg 300w, https:\/\/lauftreffhagen-emst.de\/wp-content\/uploads\/2023\/09\/2023-08-27-LT-Sommerfest-Laufmarkierung-150x150.jpg 150w, https:\/\/lauftreffhagen-emst.de\/wp-content\/uploads\/2023\/09\/2023-08-27-LT-Sommerfest-Laufmarkierung-768x763.jpg 768w, https:\/\/lauftreffhagen-emst.de\/wp-content\/uploads\/2023\/09\/2023-08-27-LT-Sommerfest-Laufmarkierung-940x934.jpg 940w\" sizes=\"(max-width: 170px) 100vw, 170px\" \/><\/figure>\n\n\n\n<p><\/p>\n\n\n\n<p>Nach Jahren der Corona bedingten Einschr\u00e4nkungen wurden im Rahmen einer Lauftreff-Versammlung Wahlen durchgef\u00fchrt und aktuelle Informationen gegeben. Andreas Kurz, der seit 2020 die Funktion des Lauftreff-Leiters kommissarisch ausge\u00fcbt hat, wurde im Amt best\u00e4tigt und zum Lauftreff-Leiter gew\u00e4hlt. Mit den Aufgaben der Kassenwartin wurden Christiane Engel-Mauren und des Social-Media-Beauftragten Christian Bargen betraut.<\/p>\n\n\n<div class=\"wp-block-image\">\n<figure class=\"alignright size-large is-resized\"><img loading=\"lazy\" decoding=\"async\" src=\"https:\/\/lauftreffhagen-emst.de\/wp-content\/uploads\/2023\/09\/2023-08-27-LT-Sommerfest-Versammlung-2-1024x613.jpeg\" alt=\"\" class=\"wp-image-2097\" width=\"230\" height=\"137\" srcset=\"https:\/\/lauftreffhagen-emst.de\/wp-content\/uploads\/2023\/09\/2023-08-27-LT-Sommerfest-Versammlung-2-1024x613.jpeg 1024w, https:\/\/lauftreffhagen-emst.de\/wp-content\/uploads\/2023\/09\/2023-08-27-LT-Sommerfest-Versammlung-2-300x180.jpeg 300w, https:\/\/lauftreffhagen-emst.de\/wp-content\/uploads\/2023\/09\/2023-08-27-LT-Sommerfest-Versammlung-2-768x460.jpeg 768w, https:\/\/lauftreffhagen-emst.de\/wp-content\/uploads\/2023\/09\/2023-08-27-LT-Sommerfest-Versammlung-2-1536x920.jpeg 1536w, https:\/\/lauftreffhagen-emst.de\/wp-content\/uploads\/2023\/09\/2023-08-27-LT-Sommerfest-Versammlung-2-940x563.jpeg 940w, https:\/\/lauftreffhagen-emst.de\/wp-content\/uploads\/2023\/09\/2023-08-27-LT-Sommerfest-Versammlung-2.jpeg 1600w\" sizes=\"(max-width: 230px) 100vw, 230px\" \/><\/figure><\/div>\n\n\n<figure class=\"wp-block-image size-large is-resized\"><img loading=\"lazy\" decoding=\"async\" src=\"https:\/\/lauftreffhagen-emst.de\/wp-content\/uploads\/2023\/09\/2023-08-27-LT-Sommerfest-Versammlung-1-1024x768.jpeg\" alt=\"\" class=\"wp-image-2096\" width=\"191\" height=\"143\" srcset=\"https:\/\/lauftreffhagen-emst.de\/wp-content\/uploads\/2023\/09\/2023-08-27-LT-Sommerfest-Versammlung-1-1024x768.jpeg 1024w, https:\/\/lauftreffhagen-emst.de\/wp-content\/uploads\/2023\/09\/2023-08-27-LT-Sommerfest-Versammlung-1-300x225.jpeg 300w, https:\/\/lauftreffhagen-emst.de\/wp-content\/uploads\/2023\/09\/2023-08-27-LT-Sommerfest-Versammlung-1-768x576.jpeg 768w, https:\/\/lauftreffhagen-emst.de\/wp-content\/uploads\/2023\/09\/2023-08-27-LT-Sommerfest-Versammlung-1-1536x1152.jpeg 1536w, https:\/\/lauftreffhagen-emst.de\/wp-content\/uploads\/2023\/09\/2023-08-27-LT-Sommerfest-Versammlung-1-940x705.jpeg 940w, https:\/\/lauftreffhagen-emst.de\/wp-content\/uploads\/2023\/09\/2023-08-27-LT-Sommerfest-Versammlung-1.jpeg 1600w\" sizes=\"(max-width: 191px) 100vw, 191px\" \/><\/figure>\n\n\n<div class=\"wp-block-image\">\n<figure class=\"alignright size-large is-resized\"><img loading=\"lazy\" decoding=\"async\" src=\"https:\/\/lauftreffhagen-emst.de\/wp-content\/uploads\/2023\/09\/2023-08-28-LT-Sommerfest-Shrits-547x1024.jpeg\" alt=\"\" class=\"wp-image-2137\" width=\"149\" height=\"279\" srcset=\"https:\/\/lauftreffhagen-emst.de\/wp-content\/uploads\/2023\/09\/2023-08-28-LT-Sommerfest-Shrits-547x1024.jpeg 547w, https:\/\/lauftreffhagen-emst.de\/wp-content\/uploads\/2023\/09\/2023-08-28-LT-Sommerfest-Shrits-160x300.jpeg 160w, https:\/\/lauftreffhagen-emst.de\/wp-content\/uploads\/2023\/09\/2023-08-28-LT-Sommerfest-Shrits-768x1439.jpeg 768w, https:\/\/lauftreffhagen-emst.de\/wp-content\/uploads\/2023\/09\/2023-08-28-LT-Sommerfest-Shrits-820x1536.jpeg 820w, https:\/\/lauftreffhagen-emst.de\/wp-content\/uploads\/2023\/09\/2023-08-28-LT-Sommerfest-Shrits.jpeg 854w\" sizes=\"(max-width: 149px) 100vw, 149px\" \/><figcaption class=\"wp-element-caption\">Shirt im neuen Design<\/figcaption><\/figure><\/div>\n\n\n<p>Muster der neuen Shirts vom LT Hagen-Emst wurden anprobiert. Die neuen Shirts sollen Ende September geliefert werden.<\/p>\n\n\n\n<p>Ein umfangreiches Programm, unter dem die verschiedensten Anl\u00e4sse zusammengef\u00fchrt wurden. Wesentlich war sicher auch, bei bester Stimmung gemeinsam zu feiern und Ehemalige und Aktive wieder zu treffen.<\/p>\n\n\n\n<p>Vielen Dank an alle, die an der Organisation, Vorbereitung und Durchf\u00fchrung beteiligt waren!<\/p>\n\n\n\n<p><\/p>\n","protected":false},"excerpt":{"rendered":"<p>Am 27. August 2023 trafen sich mehr als 60 Aktive und Ehemalige des Lauftreffs Hagen-Emst mit ihren Angeh\u00f6rigen zum Sommerfest auf der Sportanlage des TSV Hagen 1860 an der Hoheleye. Der Grill wurde angeworfen und mit dem Mitbringbuffet gab es &#8230; <a class=\"more-link\" href=\"https:\/\/lauftreffhagen-emst.de\/?p=2045\">Read More &raquo;<\/a><\/p>\n","protected":false},"author":7,"featured_media":2080,"comment_status":"closed","ping_status":"open","sticky":false,"template":"","format":"standard","meta":{"footnotes":""},"categories":[91],"tags":[60],"_links":{"self":[{"href":"https:\/\/lauftreffhagen-emst.de\/index.php?rest_route=\/wp\/v2\/posts\/2045"}],"collection":[{"href":"https:\/\/lauftreffhagen-emst.de\/index.php?rest_route=\/wp\/v2\/posts"}],"about":[{"href":"https:\/\/lauftreffhagen-emst.de\/index.php?rest_route=\/wp\/v2\/types\/post"}],"author":[{"embeddable":true,"href":"https:\/\/lauftreffhagen-emst.de\/index.php?rest_route=\/wp\/v2\/users\/7"}],"replies":[{"embeddable":true,"href":"https:\/\/lauftreffhagen-emst.de\/index.php?rest_route=%2Fwp%2Fv2%2Fcomments&post=2045"}],"version-history":[{"count":53,"href":"https:\/\/lauftreffhagen-emst.de\/index.php?rest_route=\/wp\/v2\/posts\/2045\/revisions"}],"predecessor-version":[{"id":2162,"href":"https:\/\/lauftreffhagen-emst.de\/index.php?rest_route=\/wp\/v2\/posts\/2045\/revisions\/2162"}],"wp:featuredmedia":[{"embeddable":true,"href":"https:\/\/lauftreffhagen-emst.de\/index.php?rest_route=\/wp\/v2\/media\/2080"}],"wp:attachment":[{"href":"https:\/\/lauftreffhagen-emst.de\/index.php?rest_route=%2Fwp%2Fv2%2Fmedia&parent=2045"}],"wp:term":[{"taxonomy":"category","embeddable":true,"href":"https:\/\/lauftreffhagen-emst.de\/index.php?rest_route=%2Fwp%2Fv2%2Fcategories&post=2045"},{"taxonomy":"post_tag","embeddable":true,"href":"https:\/\/lauftreffhagen-emst.de\/index.php?rest_route=%2Fwp%2Fv2%2Ftags&post=2045"}],"curies":[{"name":"wp","href":"https:\/\/api.w.org\/{rel}","templated":true}]}}