{"id":1949,"date":"2023-08-13T17:31:11","date_gmt":"2023-08-13T17:31:11","guid":{"rendered":"https:\/\/lauftreffhagen-emst.de\/?p=1949"},"modified":"2023-08-22T19:55:09","modified_gmt":"2023-08-22T19:55:09","slug":"ranis-hospizlauf-2","status":"publish","type":"post","link":"https:\/\/lauftreffhagen-emst.de\/?p=1949","title":{"rendered":"Ranis Hospizlauf"},"content":{"rendered":"\n<p>Bei bestem Laufwetter startete am 13. August 2023 die 9. Auflage von Ranis Hospizlauf. Insgesamt \u00fcber 80 Teilnehmende waren dem Aufruf zur traditionellen Spendenaktion unter dem Motto \u201eGemeinsam \u2013 machen wir uns wieder auf den Weg\u201c gefolgt. Nacheinander ging es in den Gruppen Wandern, Nordic-Walking und Laufen auf die 11 km lange Strecke. Mit dabei waren auch wieder L\u00e4uferinnen und L\u00e4ufer vom Lauftreff Hagen-Emst.<\/p>\n\n\n\n<figure class=\"wp-block-image size-large\"><img loading=\"lazy\" decoding=\"async\" width=\"1024\" height=\"576\" src=\"https:\/\/lauftreffhagen-emst.de\/wp-content\/uploads\/2023\/08\/2023-08-13-Hospizlauf-Startende-LT-Hagen-Emst-1024x576.jpeg\" alt=\"\" class=\"wp-image-1957\" srcset=\"https:\/\/lauftreffhagen-emst.de\/wp-content\/uploads\/2023\/08\/2023-08-13-Hospizlauf-Startende-LT-Hagen-Emst-1024x576.jpeg 1024w, https:\/\/lauftreffhagen-emst.de\/wp-content\/uploads\/2023\/08\/2023-08-13-Hospizlauf-Startende-LT-Hagen-Emst-300x169.jpeg 300w, https:\/\/lauftreffhagen-emst.de\/wp-content\/uploads\/2023\/08\/2023-08-13-Hospizlauf-Startende-LT-Hagen-Emst-768x432.jpeg 768w, https:\/\/lauftreffhagen-emst.de\/wp-content\/uploads\/2023\/08\/2023-08-13-Hospizlauf-Startende-LT-Hagen-Emst-1536x864.jpeg 1536w, https:\/\/lauftreffhagen-emst.de\/wp-content\/uploads\/2023\/08\/2023-08-13-Hospizlauf-Startende-LT-Hagen-Emst-940x529.jpeg 940w, https:\/\/lauftreffhagen-emst.de\/wp-content\/uploads\/2023\/08\/2023-08-13-Hospizlauf-Startende-LT-Hagen-Emst.jpeg 1644w\" sizes=\"(max-width: 1024px) 100vw, 1024px\" \/><figcaption class=\"wp-element-caption\">Startende des LT Hagen-Emst beim Hospizlauf 2023<\/figcaption><\/figure>\n\n\n<div class=\"wp-block-image\">\n<figure class=\"alignleft size-large is-resized\"><img loading=\"lazy\" decoding=\"async\" src=\"https:\/\/lauftreffhagen-emst.de\/wp-content\/uploads\/2023\/08\/2023-08-13-Hospizlauf-auf-der-Strecke-1024x576.jpeg\" alt=\"\" class=\"wp-image-1954\" width=\"364\" height=\"205\" srcset=\"https:\/\/lauftreffhagen-emst.de\/wp-content\/uploads\/2023\/08\/2023-08-13-Hospizlauf-auf-der-Strecke-1024x576.jpeg 1024w, https:\/\/lauftreffhagen-emst.de\/wp-content\/uploads\/2023\/08\/2023-08-13-Hospizlauf-auf-der-Strecke-300x169.jpeg 300w, https:\/\/lauftreffhagen-emst.de\/wp-content\/uploads\/2023\/08\/2023-08-13-Hospizlauf-auf-der-Strecke-768x432.jpeg 768w, https:\/\/lauftreffhagen-emst.de\/wp-content\/uploads\/2023\/08\/2023-08-13-Hospizlauf-auf-der-Strecke-1536x864.jpeg 1536w, https:\/\/lauftreffhagen-emst.de\/wp-content\/uploads\/2023\/08\/2023-08-13-Hospizlauf-auf-der-Strecke-940x529.jpeg 940w, https:\/\/lauftreffhagen-emst.de\/wp-content\/uploads\/2023\/08\/2023-08-13-Hospizlauf-auf-der-Strecke.jpeg 2016w\" sizes=\"(max-width: 364px) 100vw, 364px\" \/><\/figure><\/div>\n\n\n<p>Der Weg f\u00fchrt vom Restaurant Diekmann an der Wittbr\u00e4uker Stra\u00dfe \u00fcber die Syburger Serpentinen, dem unteren Fleyer Wald und Hamecke-Park zum Hagener Hospiz in die Rheinstra\u00dfe. Gemeinsam legten alle drei Gruppen die letzten Meter vom Kirmesplatz durch die Rheinstra\u00dfe zur\u00fcck.<\/p>\n\n\n\n<p><\/p>\n\n\n\n<p>Im Garten des Hospiz erwartete die Teilnehmenden ein herzlicher Empfang und f\u00fcr das leibliche Wohl war bestens gesorgt. Auch die Spendendose wurde reichlich gef\u00fcttert, so dass dem Hospiz eine Spendensumme von 3.801 \u20ac \u00fcbergeben werden konnte.<\/p>\n\n\n<div class=\"wp-block-image\">\n<figure class=\"alignright size-large is-resized\"><img loading=\"lazy\" decoding=\"async\" src=\"https:\/\/lauftreffhagen-emst.de\/wp-content\/uploads\/2023\/08\/2022-08-14-Schriftzug-Hospiz-1024x768.jpeg\" alt=\"\" class=\"wp-image-1952\" width=\"174\" height=\"131\" srcset=\"https:\/\/lauftreffhagen-emst.de\/wp-content\/uploads\/2023\/08\/2022-08-14-Schriftzug-Hospiz-1024x768.jpeg 1024w, https:\/\/lauftreffhagen-emst.de\/wp-content\/uploads\/2023\/08\/2022-08-14-Schriftzug-Hospiz-300x225.jpeg 300w, https:\/\/lauftreffhagen-emst.de\/wp-content\/uploads\/2023\/08\/2022-08-14-Schriftzug-Hospiz-768x576.jpeg 768w, https:\/\/lauftreffhagen-emst.de\/wp-content\/uploads\/2023\/08\/2022-08-14-Schriftzug-Hospiz-1536x1152.jpeg 1536w, https:\/\/lauftreffhagen-emst.de\/wp-content\/uploads\/2023\/08\/2022-08-14-Schriftzug-Hospiz-940x705.jpeg 940w, https:\/\/lauftreffhagen-emst.de\/wp-content\/uploads\/2023\/08\/2022-08-14-Schriftzug-Hospiz.jpeg 2016w\" sizes=\"(max-width: 174px) 100vw, 174px\" \/><\/figure><\/div>\n\n\n<p>Vielen Dank sagen wir Rani f\u00fcr die Vorbereitung und die Organisation, dem Team des Hospiz f\u00fcr den herzlichen Empfang und nicht zuletzt allen Teilnehmenden f\u00fcr ihr Engagement!<\/p>\n\n\n\n<p>Schaut gerne auch mal auf der Webseite von Rani vorbei und lest ihren <a href=\"https:\/\/www.salon-rani.de\/aktionen.htm\" target=\"_blank\" rel=\"noopener\">Bericht zum Spendenlauf 2023<\/a>.<\/p>\n\n\n\n<p>In der Ausgabe vom 23.08.2023 berichtet die Westfalenpost, Lokalteil Herdecke \u00fcber den Spendenlauf. (<a href=\"https:\/\/www.wp.de\/staedte\/herdecke-wetter\/spendenlauf-knackt-teilnehmerrekord-hospiz-profitiert-id239252717.html\" target=\"_blank\" rel=\"noopener\">Link zum Artikel bei WP+<\/a>)<\/p>\n","protected":false},"excerpt":{"rendered":"<p>Bei bestem Laufwetter startete am 13. August 2023 die 9. Auflage von Ranis Hospizlauf. Insgesamt \u00fcber 80 Teilnehmende waren dem Aufruf zur traditionellen Spendenaktion unter dem Motto \u201eGemeinsam \u2013 machen wir uns wieder auf den Weg\u201c gefolgt. Nacheinander ging es &#8230; <a class=\"more-link\" href=\"https:\/\/lauftreffhagen-emst.de\/?p=1949\">Read More &raquo;<\/a><\/p>\n","protected":false},"author":7,"featured_media":1957,"comment_status":"closed","ping_status":"open","sticky":false,"template":"","format":"standard","meta":{"footnotes":""},"categories":[39,22],"tags":[96,21],"_links":{"self":[{"href":"https:\/\/lauftreffhagen-emst.de\/index.php?rest_route=\/wp\/v2\/posts\/1949"}],"collection":[{"href":"https:\/\/lauftreffhagen-emst.de\/index.php?rest_route=\/wp\/v2\/posts"}],"about":[{"href":"https:\/\/lauftreffhagen-emst.de\/index.php?rest_route=\/wp\/v2\/types\/post"}],"author":[{"embeddable":true,"href":"https:\/\/lauftreffhagen-emst.de\/index.php?rest_route=\/wp\/v2\/users\/7"}],"replies":[{"embeddable":true,"href":"https:\/\/lauftreffhagen-emst.de\/index.php?rest_route=%2Fwp%2Fv2%2Fcomments&post=1949"}],"version-history":[{"count":12,"href":"https:\/\/lauftreffhagen-emst.de\/index.php?rest_route=\/wp\/v2\/posts\/1949\/revisions"}],"predecessor-version":[{"id":1997,"href":"https:\/\/lauftreffhagen-emst.de\/index.php?rest_route=\/wp\/v2\/posts\/1949\/revisions\/1997"}],"wp:featuredmedia":[{"embeddable":true,"href":"https:\/\/lauftreffhagen-emst.de\/index.php?rest_route=\/wp\/v2\/media\/1957"}],"wp:attachment":[{"href":"https:\/\/lauftreffhagen-emst.de\/index.php?rest_route=%2Fwp%2Fv2%2Fmedia&parent=1949"}],"wp:term":[{"taxonomy":"category","embeddable":true,"href":"https:\/\/lauftreffhagen-emst.de\/index.php?rest_route=%2Fwp%2Fv2%2Fcategories&post=1949"},{"taxonomy":"post_tag","embeddable":true,"href":"https:\/\/lauftreffhagen-emst.de\/index.php?rest_route=%2Fwp%2Fv2%2Ftags&post=1949"}],"curies":[{"name":"wp","href":"https:\/\/api.w.org\/{rel}","templated":true}]}}