{"id":1825,"date":"2023-06-12T17:28:17","date_gmt":"2023-06-12T17:28:17","guid":{"rendered":"https:\/\/lauftreffhagen-emst.de\/?p=1825"},"modified":"2023-10-15T18:57:41","modified_gmt":"2023-10-15T18:57:41","slug":"wir-nehmen-abschied","status":"publish","type":"post","link":"https:\/\/lauftreffhagen-emst.de\/?p=1825","title":{"rendered":"Nachruf"},"content":{"rendered":"\n<p>Wir m\u00fcssen Abschied nehmen von unserem Lauffreund<\/p>\n\n\n\n<p class=\"has-text-align-center\"><strong>Bernd Rohrmann<\/strong><\/p>\n\n\n\n<p>Er starb am 17. Mai dieses Jahres im Alter von 63 Jahren nach einer sich schnell verschlechternden Krankheit.<\/p>\n\n\n<div class=\"wp-block-image\">\n<figure class=\"alignright size-full is-resized\"><img loading=\"lazy\" decoding=\"async\" src=\"https:\/\/lauftreffhagen-emst.de\/wp-content\/uploads\/2023\/06\/Bernd-4a.jpg\" alt=\"\" class=\"wp-image-1842\" width=\"236\" height=\"467\" srcset=\"https:\/\/lauftreffhagen-emst.de\/wp-content\/uploads\/2023\/06\/Bernd-4a.jpg 315w, https:\/\/lauftreffhagen-emst.de\/wp-content\/uploads\/2023\/06\/Bernd-4a-152x300.jpg 152w\" sizes=\"(max-width: 236px) 100vw, 236px\" \/><\/figure><\/div>\n\n\n<p>Bernd geh\u00f6rte zu den Ultral\u00e4ufern. Seine Distanzen an einem St\u00fcck waren die, die andere nur in einem oder mehreren Monaten zur\u00fccklegten, eben 100 km oder mehr.<\/p>\n\n\n\n<p>Ein Lauffreund vom Monschau-Marathon erw\u00e4hnte Bernds \u201etypischen Laufstil\u201c. Und auch wir vom Lauftreff Hagen-Emst konnten diese \u201eaufrechte Bewegung\u201c sehen, immer im selben Tempo, immer leichtf\u00fc\u00dfig, auch wenn die anderen am Berg begannen zu schnauben.<\/p>\n\n\n\n<p>Bernd war ein stiller L\u00e4ufer, sprach nicht viel, aber die wenigen Gespr\u00e4che waren freundlich und zugewandt. Er machte auch kein Aufheben \u00fcber seine Erfolge, die wirklich achtbar sind. Egal ob \u201eTortour de Ruhr\u201c oder andere Laufevents.<\/p>\n\n\n\n<p>Viele von uns, die ihn auf seinen Lauf- und Trainingsstrecken ein St\u00fcck begleitet haben, werden ihn gerne in Erinnerung halten. Und wer seiner nochmal speziell gedenken m\u00f6chte, der sollte auf der <a rel=\"noreferrer noopener\" href=\"https:\/\/statistik.d-u-v.org\/getresultperson.php?runner=32515\" target=\"_blank\">Seite seiner Erfolge<\/a> ein bisschen nachlesen.<\/p>\n\n\n\n<p>Wir sind traurig, Bernd, dass Du uns nicht mehr begleiten kannst, Dein Tod kam viel zu fr\u00fch\u2026<\/p>\n\n\n\n<p>Dein<\/p>\n\n\n\n<p>Lauftreff Hagen-Emst<\/p>\n\n\n\n<p> <\/p>\n\n\n\n<p><!--Die Trauerfeier findet statt am<br><strong>Mittwoch, dem 05.07.2023 um 11:30 Uhr<\/strong><br>in der <strong>Trauerhalle des Friedhofes St. Johannes Baptist in Hagen-Boele<\/strong><br>(58099 Hagen, Zugang und Parkpl\u00e4tze am Friedhof sind von der Turmstra\u00dfe zu erreichen).<br>Wer Bernd auf seinem letzten Weg begleiten m\u00f6chte, ist herzlich zur Trauerfeier eingeladen.<br> --><\/p>\n\n\n\n<p><!--Der Nachruf f\u00fcr Bernd Rohrmann beim TV Hasperbach: <a href=\"https:\/\/tv-hasperbach.de\/nachruf-bernd-rohrmann\/\" target=\"_blank\" rel=\"noopener\"> https:\/\/tv-hasperbach.de\/nachruf-bernd-rohrmann\/<\/a>.--><\/p>\n\n\n\n<p><!--Ein Beitrag von Andreas Loeffler bei marathonundlaenger.de: <a href=\"https:\/\/marathonundlaenger.wordpress.com\/tag\/andreas-loeffler\/\" target=\"_blank\" rel=\"noopener\">https:\/\/marathonundlaenger.wordpress.com\/tag\/andreas-loeffler\/<\/a>.--><\/p>\n","protected":false},"excerpt":{"rendered":"<p>Wir m\u00fcssen Abschied nehmen von unserem Lauffreund Bernd Rohrmann Er starb am 17. Mai dieses Jahres im Alter von 63 Jahren nach einer sich schnell verschlechternden Krankheit. Bernd geh\u00f6rte zu den Ultral\u00e4ufern. Seine Distanzen an einem St\u00fcck waren die, die &#8230; <a class=\"more-link\" href=\"https:\/\/lauftreffhagen-emst.de\/?p=1825\">Read More &raquo;<\/a><\/p>\n","protected":false},"author":7,"featured_media":1829,"comment_status":"closed","ping_status":"open","sticky":false,"template":"","format":"standard","meta":{"footnotes":""},"categories":[97],"tags":[],"_links":{"self":[{"href":"https:\/\/lauftreffhagen-emst.de\/index.php?rest_route=\/wp\/v2\/posts\/1825"}],"collection":[{"href":"https:\/\/lauftreffhagen-emst.de\/index.php?rest_route=\/wp\/v2\/posts"}],"about":[{"href":"https:\/\/lauftreffhagen-emst.de\/index.php?rest_route=\/wp\/v2\/types\/post"}],"author":[{"embeddable":true,"href":"https:\/\/lauftreffhagen-emst.de\/index.php?rest_route=\/wp\/v2\/users\/7"}],"replies":[{"embeddable":true,"href":"https:\/\/lauftreffhagen-emst.de\/index.php?rest_route=%2Fwp%2Fv2%2Fcomments&post=1825"}],"version-history":[{"count":19,"href":"https:\/\/lauftreffhagen-emst.de\/index.php?rest_route=\/wp\/v2\/posts\/1825\/revisions"}],"predecessor-version":[{"id":2217,"href":"https:\/\/lauftreffhagen-emst.de\/index.php?rest_route=\/wp\/v2\/posts\/1825\/revisions\/2217"}],"wp:featuredmedia":[{"embeddable":true,"href":"https:\/\/lauftreffhagen-emst.de\/index.php?rest_route=\/wp\/v2\/media\/1829"}],"wp:attachment":[{"href":"https:\/\/lauftreffhagen-emst.de\/index.php?rest_route=%2Fwp%2Fv2%2Fmedia&parent=1825"}],"wp:term":[{"taxonomy":"category","embeddable":true,"href":"https:\/\/lauftreffhagen-emst.de\/index.php?rest_route=%2Fwp%2Fv2%2Fcategories&post=1825"},{"taxonomy":"post_tag","embeddable":true,"href":"https:\/\/lauftreffhagen-emst.de\/index.php?rest_route=%2Fwp%2Fv2%2Ftags&post=1825"}],"curies":[{"name":"wp","href":"https:\/\/api.w.org\/{rel}","templated":true}]}}