{"id":1788,"date":"2023-02-13T00:47:00","date_gmt":"2023-02-13T00:47:00","guid":{"rendered":"https:\/\/lauftreffhagen-emst.de\/?p=1788"},"modified":"2023-06-11T13:54:16","modified_gmt":"2023-06-11T13:54:16","slug":"do-it-fast","status":"publish","type":"post","link":"https:\/\/lauftreffhagen-emst.de\/?p=1788","title":{"rendered":"DO IT FAST &#8211; Winter Edition"},"content":{"rendered":"\n<p><\/p>\n\n\n\n<figure class=\"wp-block-image size-full\"><img loading=\"lazy\" decoding=\"async\" width=\"946\" height=\"947\" src=\"https:\/\/lauftreffhagen-emst.de\/wp-content\/uploads\/2023\/06\/2023-02-11-DO-IT-FAST-Winter.jpeg\" alt=\"\" class=\"wp-image-1816\" srcset=\"https:\/\/lauftreffhagen-emst.de\/wp-content\/uploads\/2023\/06\/2023-02-11-DO-IT-FAST-Winter.jpeg 946w, https:\/\/lauftreffhagen-emst.de\/wp-content\/uploads\/2023\/06\/2023-02-11-DO-IT-FAST-Winter-300x300.jpeg 300w, https:\/\/lauftreffhagen-emst.de\/wp-content\/uploads\/2023\/06\/2023-02-11-DO-IT-FAST-Winter-150x150.jpeg 150w, https:\/\/lauftreffhagen-emst.de\/wp-content\/uploads\/2023\/06\/2023-02-11-DO-IT-FAST-Winter-768x769.jpeg 768w, https:\/\/lauftreffhagen-emst.de\/wp-content\/uploads\/2023\/06\/2023-02-11-DO-IT-FAST-Winter-940x941.jpeg 940w\" sizes=\"(max-width: 946px) 100vw, 946px\" \/><figcaption class=\"wp-element-caption\">DO IT FAST &#8211; Winter Edition: Claudia R., Heidi (v.l)<\/figcaption><\/figure>\n\n\n\n<p>Beim DO IT FAST \u2013 Winter Edition am 11. Februar haben Claudia R. und Heidi die Wettkampf-Saison 2023 f\u00fcr den Lauftreff Hagen-Emst er\u00f6ffnet. Bei Nieselregen und toller Stimmung ging es \u00fcber die 10-km-Strecke. <\/p>\n\n\n\n<p>In ihren Altersklassen erreichten Heidi den 2. Platz (1:00:44) und Claudia R. den 3. Platz (57:49). <br>Herzlichen Gl\u00fcckwunsch und allen Lauftrefflern eine erfolgreiche Saison!<\/p>\n","protected":false},"excerpt":{"rendered":"<p>Beim DO IT FAST \u2013 Winter Edition am 11. Februar haben Claudia R. und Heidi die Wettkampf-Saison 2023 f\u00fcr den Lauftreff Hagen-Emst er\u00f6ffnet. Bei Nieselregen und toller Stimmung ging es \u00fcber die 10-km-Strecke. In ihren Altersklassen erreichten Heidi den 2. &#8230; <a class=\"more-link\" href=\"https:\/\/lauftreffhagen-emst.de\/?p=1788\">Read More &raquo;<\/a><\/p>\n","protected":false},"author":7,"featured_media":1816,"comment_status":"closed","ping_status":"open","sticky":false,"template":"","format":"standard","meta":{"footnotes":""},"categories":[22,18,4],"tags":[43,10],"_links":{"self":[{"href":"https:\/\/lauftreffhagen-emst.de\/index.php?rest_route=\/wp\/v2\/posts\/1788"}],"collection":[{"href":"https:\/\/lauftreffhagen-emst.de\/index.php?rest_route=\/wp\/v2\/posts"}],"about":[{"href":"https:\/\/lauftreffhagen-emst.de\/index.php?rest_route=\/wp\/v2\/types\/post"}],"author":[{"embeddable":true,"href":"https:\/\/lauftreffhagen-emst.de\/index.php?rest_route=\/wp\/v2\/users\/7"}],"replies":[{"embeddable":true,"href":"https:\/\/lauftreffhagen-emst.de\/index.php?rest_route=%2Fwp%2Fv2%2Fcomments&post=1788"}],"version-history":[{"count":5,"href":"https:\/\/lauftreffhagen-emst.de\/index.php?rest_route=\/wp\/v2\/posts\/1788\/revisions"}],"predecessor-version":[{"id":1820,"href":"https:\/\/lauftreffhagen-emst.de\/index.php?rest_route=\/wp\/v2\/posts\/1788\/revisions\/1820"}],"wp:featuredmedia":[{"embeddable":true,"href":"https:\/\/lauftreffhagen-emst.de\/index.php?rest_route=\/wp\/v2\/media\/1816"}],"wp:attachment":[{"href":"https:\/\/lauftreffhagen-emst.de\/index.php?rest_route=%2Fwp%2Fv2%2Fmedia&parent=1788"}],"wp:term":[{"taxonomy":"category","embeddable":true,"href":"https:\/\/lauftreffhagen-emst.de\/index.php?rest_route=%2Fwp%2Fv2%2Fcategories&post=1788"},{"taxonomy":"post_tag","embeddable":true,"href":"https:\/\/lauftreffhagen-emst.de\/index.php?rest_route=%2Fwp%2Fv2%2Ftags&post=1788"}],"curies":[{"name":"wp","href":"https:\/\/api.w.org\/{rel}","templated":true}]}}