{"id":1779,"date":"2023-01-04T23:56:00","date_gmt":"2023-01-04T23:56:00","guid":{"rendered":"https:\/\/lauftreffhagen-emst.de\/?p=1779"},"modified":"2023-10-30T20:28:49","modified_gmt":"2023-10-30T20:28:49","slug":"silvesterlauf","status":"publish","type":"post","link":"https:\/\/lauftreffhagen-emst.de\/?p=1779","title":{"rendered":"41. Silvesterlauf Werl-Soest"},"content":{"rendered":"\n<figure class=\"wp-block-image size-large\"><img loading=\"lazy\" decoding=\"async\" width=\"1024\" height=\"769\" src=\"https:\/\/lauftreffhagen-emst.de\/wp-content\/uploads\/2023\/06\/2022-12-31-Silvesterlauf-Gruppe-1024x769.jpg\" alt=\"\" class=\"wp-image-1782\" srcset=\"https:\/\/lauftreffhagen-emst.de\/wp-content\/uploads\/2023\/06\/2022-12-31-Silvesterlauf-Gruppe-1024x769.jpg 1024w, https:\/\/lauftreffhagen-emst.de\/wp-content\/uploads\/2023\/06\/2022-12-31-Silvesterlauf-Gruppe-300x225.jpg 300w, https:\/\/lauftreffhagen-emst.de\/wp-content\/uploads\/2023\/06\/2022-12-31-Silvesterlauf-Gruppe-768x576.jpg 768w, https:\/\/lauftreffhagen-emst.de\/wp-content\/uploads\/2023\/06\/2022-12-31-Silvesterlauf-Gruppe-1536x1153.jpg 1536w, https:\/\/lauftreffhagen-emst.de\/wp-content\/uploads\/2023\/06\/2022-12-31-Silvesterlauf-Gruppe-940x706.jpg 940w, https:\/\/lauftreffhagen-emst.de\/wp-content\/uploads\/2023\/06\/2022-12-31-Silvesterlauf-Gruppe.jpg 1600w\" sizes=\"(max-width: 1024px) 100vw, 1024px\" \/><figcaption class=\"wp-element-caption\">Zwei auf dem Foto sind nicht gestartet. Vom LT Hagen-Emst waren dabei: Christian B., Andreas, Claudia R., Roland W., Heidi (v.l.)<\/figcaption><\/figure>\n\n\n\n<p>Der Silvesterlauf Werl-Soest schloss das Jahr 2022 ab. F\u00fcnf L\u00e4uferinnen und L\u00e4ufer waren von unserem LT Hagen-Emst am letzten Tag des Jahres unterwegs. Bei 18 \u00b0C Lufttemperatur, R\u00fcckenwind und wenig Niederschlag ging auf die 15-km-Strecke. <\/p>\n\n\n\n<p>Im Minutentakt erreichten die Lauftreffler das Ziel. Schnellste L\u00e4uferin war Claudia R. (1:27:12), gefolgt von Roland W. (1:28:54), Andreas (1:29:32), Christian B. (1:30:34) und Heidi (1:32:28). Gl\u00fcckwunsch an alle Teilnehmenden.<\/p>\n","protected":false},"excerpt":{"rendered":"<p>Der Silvesterlauf Werl-Soest schloss das Jahr 2022 ab. F\u00fcnf L\u00e4uferinnen und L\u00e4ufer waren von unserem LT Hagen-Emst am letzten Tag des Jahres unterwegs. Bei 18 \u00b0C Lufttemperatur, R\u00fcckenwind und wenig Niederschlag ging auf die 15-km-Strecke. Im Minutentakt erreichten die Lauftreffler &#8230; <a class=\"more-link\" href=\"https:\/\/lauftreffhagen-emst.de\/?p=1779\">Read More &raquo;<\/a><\/p>\n","protected":false},"author":7,"featured_media":1782,"comment_status":"closed","ping_status":"open","sticky":false,"template":"","format":"standard","meta":{"footnotes":""},"categories":[22,18,4],"tags":[49,69,10],"_links":{"self":[{"href":"https:\/\/lauftreffhagen-emst.de\/index.php?rest_route=\/wp\/v2\/posts\/1779"}],"collection":[{"href":"https:\/\/lauftreffhagen-emst.de\/index.php?rest_route=\/wp\/v2\/posts"}],"about":[{"href":"https:\/\/lauftreffhagen-emst.de\/index.php?rest_route=\/wp\/v2\/types\/post"}],"author":[{"embeddable":true,"href":"https:\/\/lauftreffhagen-emst.de\/index.php?rest_route=\/wp\/v2\/users\/7"}],"replies":[{"embeddable":true,"href":"https:\/\/lauftreffhagen-emst.de\/index.php?rest_route=%2Fwp%2Fv2%2Fcomments&post=1779"}],"version-history":[{"count":8,"href":"https:\/\/lauftreffhagen-emst.de\/index.php?rest_route=\/wp\/v2\/posts\/1779\/revisions"}],"predecessor-version":[{"id":2448,"href":"https:\/\/lauftreffhagen-emst.de\/index.php?rest_route=\/wp\/v2\/posts\/1779\/revisions\/2448"}],"wp:featuredmedia":[{"embeddable":true,"href":"https:\/\/lauftreffhagen-emst.de\/index.php?rest_route=\/wp\/v2\/media\/1782"}],"wp:attachment":[{"href":"https:\/\/lauftreffhagen-emst.de\/index.php?rest_route=%2Fwp%2Fv2%2Fmedia&parent=1779"}],"wp:term":[{"taxonomy":"category","embeddable":true,"href":"https:\/\/lauftreffhagen-emst.de\/index.php?rest_route=%2Fwp%2Fv2%2Fcategories&post=1779"},{"taxonomy":"post_tag","embeddable":true,"href":"https:\/\/lauftreffhagen-emst.de\/index.php?rest_route=%2Fwp%2Fv2%2Ftags&post=1779"}],"curies":[{"name":"wp","href":"https:\/\/api.w.org\/{rel}","templated":true}]}}