{"id":1774,"date":"2022-05-22T23:17:00","date_gmt":"2022-05-22T23:17:00","guid":{"rendered":"https:\/\/lauftreffhagen-emst.de\/?p=1774"},"modified":"2024-01-11T08:36:10","modified_gmt":"2024-01-11T07:36:10","slug":"17-herdecker-citylauf","status":"publish","type":"post","link":"https:\/\/lauftreffhagen-emst.de\/?p=1774","title":{"rendered":"17. Herdecker Citylauf"},"content":{"rendered":"\n<figure class=\"wp-block-image size-full\"><img loading=\"lazy\" decoding=\"async\" width=\"926\" height=\"692\" src=\"https:\/\/lauftreffhagen-emst.de\/wp-content\/uploads\/2023\/06\/2022-05-21-Herdecker-Citylauf-Gruppe.png\" alt=\"\" class=\"wp-image-1773\" srcset=\"https:\/\/lauftreffhagen-emst.de\/wp-content\/uploads\/2023\/06\/2022-05-21-Herdecker-Citylauf-Gruppe.png 926w, https:\/\/lauftreffhagen-emst.de\/wp-content\/uploads\/2023\/06\/2022-05-21-Herdecker-Citylauf-Gruppe-300x224.png 300w, https:\/\/lauftreffhagen-emst.de\/wp-content\/uploads\/2023\/06\/2022-05-21-Herdecker-Citylauf-Gruppe-768x574.png 768w\" sizes=\"(max-width: 926px) 100vw, 926px\" \/><figcaption class=\"wp-element-caption\">LT-Startende (v.l.): Andrzej, Claudia R., Heidi, Peter, Christian B., Andreas<\/figcaption><\/figure>\n\n\n\n<p>Der Herdecker Citylauf fand am 21. Mai 2022 nach zwei Jahren Coronaausfall und mit neuem Streckenlayout statt. Erstmals f\u00fchrte die Laufstrecke durch das Herdecker Bachtal. Mit einer kleinen Gruppe waren wir dort vertreten und Claudia R. konnte sogar einen Pokal als Erste in ihrer Altersgruppe mit nach Hause nehmen. Aber alle unsere L\u00e4uferinnen und L\u00e4ufer haben sich sichtlich beeilt, \u00fcber die 8 Runden zu kommen.<\/p>\n","protected":false},"excerpt":{"rendered":"<p>Der Herdecker Citylauf fand am 21. Mai 2022 nach zwei Jahren Coronaausfall und mit neuem Streckenlayout statt. Erstmals f\u00fchrte die Laufstrecke durch das Herdecker Bachtal. Mit einer kleinen Gruppe waren wir dort vertreten und Claudia R. konnte sogar einen Pokal &#8230; <a class=\"more-link\" href=\"https:\/\/lauftreffhagen-emst.de\/?p=1774\">Read More &raquo;<\/a><\/p>\n","protected":false},"author":7,"featured_media":1773,"comment_status":"closed","ping_status":"open","sticky":false,"template":"","format":"standard","meta":{"footnotes":""},"categories":[65,22,18,4],"tags":[58,34,10],"_links":{"self":[{"href":"https:\/\/lauftreffhagen-emst.de\/index.php?rest_route=\/wp\/v2\/posts\/1774"}],"collection":[{"href":"https:\/\/lauftreffhagen-emst.de\/index.php?rest_route=\/wp\/v2\/posts"}],"about":[{"href":"https:\/\/lauftreffhagen-emst.de\/index.php?rest_route=\/wp\/v2\/types\/post"}],"author":[{"embeddable":true,"href":"https:\/\/lauftreffhagen-emst.de\/index.php?rest_route=\/wp\/v2\/users\/7"}],"replies":[{"embeddable":true,"href":"https:\/\/lauftreffhagen-emst.de\/index.php?rest_route=%2Fwp%2Fv2%2Fcomments&post=1774"}],"version-history":[{"count":4,"href":"https:\/\/lauftreffhagen-emst.de\/index.php?rest_route=\/wp\/v2\/posts\/1774\/revisions"}],"predecessor-version":[{"id":2686,"href":"https:\/\/lauftreffhagen-emst.de\/index.php?rest_route=\/wp\/v2\/posts\/1774\/revisions\/2686"}],"wp:featuredmedia":[{"embeddable":true,"href":"https:\/\/lauftreffhagen-emst.de\/index.php?rest_route=\/wp\/v2\/media\/1773"}],"wp:attachment":[{"href":"https:\/\/lauftreffhagen-emst.de\/index.php?rest_route=%2Fwp%2Fv2%2Fmedia&parent=1774"}],"wp:term":[{"taxonomy":"category","embeddable":true,"href":"https:\/\/lauftreffhagen-emst.de\/index.php?rest_route=%2Fwp%2Fv2%2Fcategories&post=1774"},{"taxonomy":"post_tag","embeddable":true,"href":"https:\/\/lauftreffhagen-emst.de\/index.php?rest_route=%2Fwp%2Fv2%2Ftags&post=1774"}],"curies":[{"name":"wp","href":"https:\/\/api.w.org\/{rel}","templated":true}]}}