{"id":1656,"date":"2022-09-24T16:13:00","date_gmt":"2022-09-24T16:13:00","guid":{"rendered":"https:\/\/lauftreffhagen-emst.de\/?p=1656"},"modified":"2024-01-28T16:31:55","modified_gmt":"2024-01-28T15:31:55","slug":"7-sterntaler-spendenlauf-18-08-2022-herdecke","status":"publish","type":"post","link":"https:\/\/lauftreffhagen-emst.de\/?p=1656","title":{"rendered":"7. Sterntaler-Spendenlauf"},"content":{"rendered":"\n<figure class=\"wp-block-image size-large\"><img loading=\"lazy\" decoding=\"async\" width=\"1024\" height=\"673\" src=\"https:\/\/lauftreffhagen-emst.de\/wp-content\/uploads\/2023\/06\/2022-09-18-Sterntalerlauf-1-e1685636917678-1024x673.jpg\" alt=\"\" class=\"wp-image-1655\" srcset=\"https:\/\/lauftreffhagen-emst.de\/wp-content\/uploads\/2023\/06\/2022-09-18-Sterntalerlauf-1-e1685636917678-1024x673.jpg 1024w, https:\/\/lauftreffhagen-emst.de\/wp-content\/uploads\/2023\/06\/2022-09-18-Sterntalerlauf-1-e1685636917678-300x197.jpg 300w, https:\/\/lauftreffhagen-emst.de\/wp-content\/uploads\/2023\/06\/2022-09-18-Sterntalerlauf-1-e1685636917678-768x505.jpg 768w, https:\/\/lauftreffhagen-emst.de\/wp-content\/uploads\/2023\/06\/2022-09-18-Sterntalerlauf-1-e1685636917678-940x618.jpg 940w, https:\/\/lauftreffhagen-emst.de\/wp-content\/uploads\/2023\/06\/2022-09-18-Sterntalerlauf-1-e1685636917678.jpg 1436w\" sizes=\"(max-width: 1024px) 100vw, 1024px\" \/><figcaption class=\"wp-element-caption\">Dem Regen zum Trotz: Die Stimmung war gut!<\/figcaption><\/figure>\n\n\n\n<p>Der Dauerregen konnte die 255 Teilnehmenden nicht vom 7. Sterntaler-Spendenlauf am 18.09.2022 in Herdecke abhalten. Auch der LT Hagen-Emst war mit einer Gruppe \u00fcber die 9 km Strecke am Start.<\/p>\n\n\n\n<figure class=\"wp-block-image size-large\"><img loading=\"lazy\" decoding=\"async\" width=\"1024\" height=\"768\" src=\"https:\/\/lauftreffhagen-emst.de\/wp-content\/uploads\/2023\/06\/2022-09-18-Sterntalerlauf-2-e1685636976784-1024x768.jpg\" alt=\"\" class=\"wp-image-1654\" srcset=\"https:\/\/lauftreffhagen-emst.de\/wp-content\/uploads\/2023\/06\/2022-09-18-Sterntalerlauf-2-e1685636976784-1024x768.jpg 1024w, https:\/\/lauftreffhagen-emst.de\/wp-content\/uploads\/2023\/06\/2022-09-18-Sterntalerlauf-2-e1685636976784-300x225.jpg 300w, https:\/\/lauftreffhagen-emst.de\/wp-content\/uploads\/2023\/06\/2022-09-18-Sterntalerlauf-2-e1685636976784-768x576.jpg 768w, https:\/\/lauftreffhagen-emst.de\/wp-content\/uploads\/2023\/06\/2022-09-18-Sterntalerlauf-2-e1685636976784-940x705.jpg 940w, https:\/\/lauftreffhagen-emst.de\/wp-content\/uploads\/2023\/06\/2022-09-18-Sterntalerlauf-2-e1685636976784.jpg 1312w\" sizes=\"(max-width: 1024px) 100vw, 1024px\" \/><figcaption class=\"wp-element-caption\">Vor dem Start: Christian B., Sandra, Ralf D., Ralf S., Sven, Thorsten, Monika, Peter, Heidi, Roland W.<\/figcaption><\/figure>\n\n\n\n<p>Durchn\u00e4sst aber gl\u00fccklich den Sterntaler e.V. unterst\u00fctzt zu haben, war nach dem Zieleinlauf der Imbiss im Garten Avalon die willkommene St\u00e4rkung, bei der sich besonders die hei\u00dfen Getr\u00e4nke gro\u00dfer Beliebtheit erfreuten.<br>Mit der siebten Auflage des Spendenlaufs sind \u00fcber 4.400 Euro an Spenden gesammelt worden.<\/p>\n","protected":false},"excerpt":{"rendered":"<p>Der Dauerregen konnte die 255 Teilnehmenden nicht vom 7. Sterntaler-Spendenlauf am 18.09.2022 in Herdecke abhalten. Auch der LT Hagen-Emst war mit einer Gruppe \u00fcber die 9 km Strecke am Start. Durchn\u00e4sst aber gl\u00fccklich den Sterntaler e.V. unterst\u00fctzt zu haben, war &#8230; <a class=\"more-link\" href=\"https:\/\/lauftreffhagen-emst.de\/?p=1656\">Read More &raquo;<\/a><\/p>\n","protected":false},"author":7,"featured_media":1654,"comment_status":"closed","ping_status":"open","sticky":false,"template":"","format":"standard","meta":{"footnotes":""},"categories":[39,65,64],"tags":[34,21,33],"_links":{"self":[{"href":"https:\/\/lauftreffhagen-emst.de\/index.php?rest_route=\/wp\/v2\/posts\/1656"}],"collection":[{"href":"https:\/\/lauftreffhagen-emst.de\/index.php?rest_route=\/wp\/v2\/posts"}],"about":[{"href":"https:\/\/lauftreffhagen-emst.de\/index.php?rest_route=\/wp\/v2\/types\/post"}],"author":[{"embeddable":true,"href":"https:\/\/lauftreffhagen-emst.de\/index.php?rest_route=\/wp\/v2\/users\/7"}],"replies":[{"embeddable":true,"href":"https:\/\/lauftreffhagen-emst.de\/index.php?rest_route=%2Fwp%2Fv2%2Fcomments&post=1656"}],"version-history":[{"count":13,"href":"https:\/\/lauftreffhagen-emst.de\/index.php?rest_route=\/wp\/v2\/posts\/1656\/revisions"}],"predecessor-version":[{"id":2707,"href":"https:\/\/lauftreffhagen-emst.de\/index.php?rest_route=\/wp\/v2\/posts\/1656\/revisions\/2707"}],"wp:featuredmedia":[{"embeddable":true,"href":"https:\/\/lauftreffhagen-emst.de\/index.php?rest_route=\/wp\/v2\/media\/1654"}],"wp:attachment":[{"href":"https:\/\/lauftreffhagen-emst.de\/index.php?rest_route=%2Fwp%2Fv2%2Fmedia&parent=1656"}],"wp:term":[{"taxonomy":"category","embeddable":true,"href":"https:\/\/lauftreffhagen-emst.de\/index.php?rest_route=%2Fwp%2Fv2%2Fcategories&post=1656"},{"taxonomy":"post_tag","embeddable":true,"href":"https:\/\/lauftreffhagen-emst.de\/index.php?rest_route=%2Fwp%2Fv2%2Ftags&post=1656"}],"curies":[{"name":"wp","href":"https:\/\/api.w.org\/{rel}","templated":true}]}}