{"id":1600,"date":"2023-03-12T16:04:10","date_gmt":"2023-03-12T16:04:10","guid":{"rendered":"https:\/\/lauftreffhagen-emst.de\/?p=1600"},"modified":"2023-06-08T14:09:51","modified_gmt":"2023-06-08T14:09:51","slug":"wandern-fuer-die-andern","status":"publish","type":"post","link":"https:\/\/lauftreffhagen-emst.de\/?p=1600","title":{"rendered":"Wandern f\u00fcr die Andern"},"content":{"rendered":"<p>Kein Lauf \u2013 aber dennoch eine gute Sache: Beim Breckerfelder \u201eWandern f\u00fcr die Andern\u201c waren einige von uns aktiv. Bei bestem Winterwetter ging es \u00fcber die Breckerfelder H\u00f6hen am 11. M\u00e4rz 2023 f\u00fcr den guten Zweck. Diesmal wurden Spenden f\u00fcr das Waisenhaus Don Bosco in Bamshela\/S\u00fcdafrika gesammelt. <\/p>\n<p><\/p>\n\n\n<figure class=\"wp-block-image size-full\"><img loading=\"lazy\" decoding=\"async\" width=\"1024\" height=\"768\" src=\"https:\/\/lauftreffhagen-emst.de\/wp-content\/uploads\/2023\/05\/IMG-20230311-WA0001.jpg\" alt=\"\" class=\"wp-image-1601\" srcset=\"https:\/\/lauftreffhagen-emst.de\/wp-content\/uploads\/2023\/05\/IMG-20230311-WA0001.jpg 1024w, https:\/\/lauftreffhagen-emst.de\/wp-content\/uploads\/2023\/05\/IMG-20230311-WA0001-300x225.jpg 300w, https:\/\/lauftreffhagen-emst.de\/wp-content\/uploads\/2023\/05\/IMG-20230311-WA0001-768x576.jpg 768w, https:\/\/lauftreffhagen-emst.de\/wp-content\/uploads\/2023\/05\/IMG-20230311-WA0001-940x705.jpg 940w\" sizes=\"(max-width: 1024px) 100vw, 1024px\" \/><figcaption class=\"wp-element-caption\">Wandern f\u00fcr die Andern &#8211; M\u00e4rz 2023<\/figcaption><\/figure>\n\n\n\n<p>\u201eWandern f\u00fcr die Andern\u201c ist weit \u00fcber die Grenzen von Breckerfeld hinaus bekannt. Die Aktion entstand 1990 als Initiative des \u00d6kumenischen Arbeitskreises Dritte Welt Breckerfeld, um auf die Situation in armen L\u00e4ndern dieser Welt aufmerksam zu machen. Dabei wurde das Sch\u00f6ne (Wanderungen in und um Breckerfeld) mit dem Guten (Unterst\u00fctzung konkreter Hilfsprojekte) verbunden. Insgesamt konnten dabei bisher Spendenerl\u00f6se von mehr als 300.000 \u20ac erzielt werden.<\/p>\n","protected":false},"excerpt":{"rendered":"<p>Kein Lauf \u2013 aber dennoch eine gute Sache: Beim Breckerfelder \u201eWandern f\u00fcr die Andern\u201c waren einige von uns aktiv. Bei bestem Winterwetter ging es \u00fcber die Breckerfelder H\u00f6hen am 11. M\u00e4rz 2023 f\u00fcr den guten Zweck. Diesmal wurden Spenden f\u00fcr &#8230; <a class=\"more-link\" href=\"https:\/\/lauftreffhagen-emst.de\/?p=1600\">Read More &raquo;<\/a><\/p>\n","protected":false},"author":1,"featured_media":1601,"comment_status":"closed","ping_status":"open","sticky":false,"template":"","format":"standard","meta":{"footnotes":""},"categories":[39],"tags":[],"_links":{"self":[{"href":"https:\/\/lauftreffhagen-emst.de\/index.php?rest_route=\/wp\/v2\/posts\/1600"}],"collection":[{"href":"https:\/\/lauftreffhagen-emst.de\/index.php?rest_route=\/wp\/v2\/posts"}],"about":[{"href":"https:\/\/lauftreffhagen-emst.de\/index.php?rest_route=\/wp\/v2\/types\/post"}],"author":[{"embeddable":true,"href":"https:\/\/lauftreffhagen-emst.de\/index.php?rest_route=\/wp\/v2\/users\/1"}],"replies":[{"embeddable":true,"href":"https:\/\/lauftreffhagen-emst.de\/index.php?rest_route=%2Fwp%2Fv2%2Fcomments&post=1600"}],"version-history":[{"count":3,"href":"https:\/\/lauftreffhagen-emst.de\/index.php?rest_route=\/wp\/v2\/posts\/1600\/revisions"}],"predecessor-version":[{"id":1757,"href":"https:\/\/lauftreffhagen-emst.de\/index.php?rest_route=\/wp\/v2\/posts\/1600\/revisions\/1757"}],"wp:featuredmedia":[{"embeddable":true,"href":"https:\/\/lauftreffhagen-emst.de\/index.php?rest_route=\/wp\/v2\/media\/1601"}],"wp:attachment":[{"href":"https:\/\/lauftreffhagen-emst.de\/index.php?rest_route=%2Fwp%2Fv2%2Fmedia&parent=1600"}],"wp:term":[{"taxonomy":"category","embeddable":true,"href":"https:\/\/lauftreffhagen-emst.de\/index.php?rest_route=%2Fwp%2Fv2%2Fcategories&post=1600"},{"taxonomy":"post_tag","embeddable":true,"href":"https:\/\/lauftreffhagen-emst.de\/index.php?rest_route=%2Fwp%2Fv2%2Ftags&post=1600"}],"curies":[{"name":"wp","href":"https:\/\/api.w.org\/{rel}","templated":true}]}}