{"id":1550,"date":"2022-05-26T16:51:33","date_gmt":"2022-05-26T16:51:33","guid":{"rendered":"https:\/\/lauftreffhagen-emst.de\/?p=1550"},"modified":"2022-05-26T16:51:33","modified_gmt":"2022-05-26T16:51:33","slug":"vatertagslauf-an-himmelfahrt-2022","status":"publish","type":"post","link":"https:\/\/lauftreffhagen-emst.de\/?p=1550","title":{"rendered":"Vatertagslauf an Himmelfahrt 2022"},"content":{"rendered":"\n<figure class=\"wp-block-image size-full\"><img loading=\"lazy\" decoding=\"async\" width=\"1024\" height=\"768\" src=\"https:\/\/lauftreffhagen-emst.de\/wp-content\/uploads\/2022\/05\/Vatertag2022-1.jpeg\" alt=\"\" class=\"wp-image-1553\" srcset=\"https:\/\/lauftreffhagen-emst.de\/wp-content\/uploads\/2022\/05\/Vatertag2022-1.jpeg 1024w, https:\/\/lauftreffhagen-emst.de\/wp-content\/uploads\/2022\/05\/Vatertag2022-1-300x225.jpeg 300w, https:\/\/lauftreffhagen-emst.de\/wp-content\/uploads\/2022\/05\/Vatertag2022-1-768x576.jpeg 768w, https:\/\/lauftreffhagen-emst.de\/wp-content\/uploads\/2022\/05\/Vatertag2022-1-940x705.jpeg 940w\" sizes=\"(max-width: 1024px) 100vw, 1024px\" \/><figcaption>Vatertagslauf 2022<\/figcaption><\/figure>\n\n\n\n<p>Traditionell starten L\u00e4uferinnen und L\u00e4ufer vom Lauftreff am Vatertag vom Emster Marktplatz zu einer Laufrunde \u00fcber Holthausen. Nach 2 Jahren Corona-Pause sind wir dieses Jahr zu der 10-km-Runde, zum Halbmarathon bzw. einer verk\u00fcrzten Strecke gestartet. Bei tollem Laufwetter sind alle zufrieden angekommen. Friederike und Claudia haben am Ziel f\u00fcr Getr\u00e4nke und Verpflegung gesorgt! Vielen Dank! Es war wieder ein sch\u00f6nes Lauf-Event und ein netter &#8222;Apr\u00e9s-Lauf&#8220;! Die Wiederholung am 18. Mai 2023 ist schon fest eingeplant.<\/p>\n","protected":false},"excerpt":{"rendered":"<p>Traditionell starten L\u00e4uferinnen und L\u00e4ufer vom Lauftreff am Vatertag vom Emster Marktplatz zu einer Laufrunde \u00fcber Holthausen. Nach 2 Jahren Corona-Pause sind wir dieses Jahr zu der 10-km-Runde, zum Halbmarathon bzw. einer verk\u00fcrzten Strecke gestartet. Bei tollem Laufwetter sind alle &#8230; <a class=\"more-link\" href=\"https:\/\/lauftreffhagen-emst.de\/?p=1550\">Read More &raquo;<\/a><\/p>\n","protected":false},"author":1,"featured_media":1553,"comment_status":"closed","ping_status":"open","sticky":false,"template":"","format":"standard","meta":{"footnotes":""},"categories":[2,22],"tags":[95],"_links":{"self":[{"href":"https:\/\/lauftreffhagen-emst.de\/index.php?rest_route=\/wp\/v2\/posts\/1550"}],"collection":[{"href":"https:\/\/lauftreffhagen-emst.de\/index.php?rest_route=\/wp\/v2\/posts"}],"about":[{"href":"https:\/\/lauftreffhagen-emst.de\/index.php?rest_route=\/wp\/v2\/types\/post"}],"author":[{"embeddable":true,"href":"https:\/\/lauftreffhagen-emst.de\/index.php?rest_route=\/wp\/v2\/users\/1"}],"replies":[{"embeddable":true,"href":"https:\/\/lauftreffhagen-emst.de\/index.php?rest_route=%2Fwp%2Fv2%2Fcomments&post=1550"}],"version-history":[{"count":3,"href":"https:\/\/lauftreffhagen-emst.de\/index.php?rest_route=\/wp\/v2\/posts\/1550\/revisions"}],"predecessor-version":[{"id":1586,"href":"https:\/\/lauftreffhagen-emst.de\/index.php?rest_route=\/wp\/v2\/posts\/1550\/revisions\/1586"}],"wp:featuredmedia":[{"embeddable":true,"href":"https:\/\/lauftreffhagen-emst.de\/index.php?rest_route=\/wp\/v2\/media\/1553"}],"wp:attachment":[{"href":"https:\/\/lauftreffhagen-emst.de\/index.php?rest_route=%2Fwp%2Fv2%2Fmedia&parent=1550"}],"wp:term":[{"taxonomy":"category","embeddable":true,"href":"https:\/\/lauftreffhagen-emst.de\/index.php?rest_route=%2Fwp%2Fv2%2Fcategories&post=1550"},{"taxonomy":"post_tag","embeddable":true,"href":"https:\/\/lauftreffhagen-emst.de\/index.php?rest_route=%2Fwp%2Fv2%2Ftags&post=1550"}],"curies":[{"name":"wp","href":"https:\/\/api.w.org\/{rel}","templated":true}]}}