{"id":1474,"date":"2021-09-27T13:04:48","date_gmt":"2021-09-27T13:04:48","guid":{"rendered":"https:\/\/lauftreffhagen-emst.de\/?p=1474"},"modified":"2023-06-01T20:21:03","modified_gmt":"2023-06-01T20:21:03","slug":"6-spendenlauf-zugunsten-des-sterntaler-e-v-am-gemeinschaftskrankenhaus-herdecke","status":"publish","type":"post","link":"https:\/\/lauftreffhagen-emst.de\/?p=1474","title":{"rendered":"6. Spendenlauf zugunsten des Sterntaler e.V. am Gemeinschaftskrankenhaus Herdecke"},"content":{"rendered":"\n<figure class=\"wp-block-image size-large\"><img loading=\"lazy\" decoding=\"async\" width=\"1024\" height=\"683\" src=\"https:\/\/lauftreffhagen-emst.de\/wp-content\/uploads\/2021\/09\/Sterntaler2021-1024x683.jpg\" alt=\"\" class=\"wp-image-1475\" srcset=\"https:\/\/lauftreffhagen-emst.de\/wp-content\/uploads\/2021\/09\/Sterntaler2021-1024x683.jpg 1024w, https:\/\/lauftreffhagen-emst.de\/wp-content\/uploads\/2021\/09\/Sterntaler2021-300x200.jpg 300w, https:\/\/lauftreffhagen-emst.de\/wp-content\/uploads\/2021\/09\/Sterntaler2021-768x512.jpg 768w, https:\/\/lauftreffhagen-emst.de\/wp-content\/uploads\/2021\/09\/Sterntaler2021-1536x1024.jpg 1536w, https:\/\/lauftreffhagen-emst.de\/wp-content\/uploads\/2021\/09\/Sterntaler2021-2048x1365.jpg 2048w, https:\/\/lauftreffhagen-emst.de\/wp-content\/uploads\/2021\/09\/Sterntaler2021-940x627.jpg 940w\" sizes=\"(max-width: 1024px) 100vw, 1024px\" \/><figcaption class=\"wp-element-caption\">Sterntaler Lauf 2021<\/figcaption><\/figure>\n\n\n\n<figure class=\"wp-block-image size-large\"><img loading=\"lazy\" decoding=\"async\" width=\"1024\" height=\"568\" src=\"https:\/\/lauftreffhagen-emst.de\/wp-content\/uploads\/2021\/09\/Sterntaler21_AndreasK-1024x568.jpg\" alt=\"Sterntalerlauf 2021\" class=\"wp-image-1483\" srcset=\"https:\/\/lauftreffhagen-emst.de\/wp-content\/uploads\/2021\/09\/Sterntaler21_AndreasK-1024x568.jpg 1024w, https:\/\/lauftreffhagen-emst.de\/wp-content\/uploads\/2021\/09\/Sterntaler21_AndreasK-300x166.jpg 300w, https:\/\/lauftreffhagen-emst.de\/wp-content\/uploads\/2021\/09\/Sterntaler21_AndreasK-768x426.jpg 768w, https:\/\/lauftreffhagen-emst.de\/wp-content\/uploads\/2021\/09\/Sterntaler21_AndreasK-940x521.jpg 940w, https:\/\/lauftreffhagen-emst.de\/wp-content\/uploads\/2021\/09\/Sterntaler21_AndreasK.jpg 1400w\" sizes=\"(max-width: 1024px) 100vw, 1024px\" \/><figcaption class=\"wp-element-caption\">Sterntalerlauf 2021<\/figcaption><\/figure>\n\n\n\n<p>18 Erwachsene und 1 Kind vom Lauftreff Hagen-Emst sind am Sonntag, 12.September zu unterschiedlichen Zeiten an den Start &nbsp;gegangen, um mit weiteren 300 Aktiven ( L\u00e4ufern &amp; Walkern ) &nbsp;f\u00fcr den Sterntaler e.V. am Herdecker Kinderkrankenhaus &nbsp;im weitl\u00e4ufigem Garten die Spendenbox zu f\u00fcllen und anschlie\u00dfend ein Schw\u00e4tzchen zu halten.<br>Mit der gro\u00dfartigen Spendensumme von rund 4.300 \u20ac wird die Arbeit von Sterntaler e.V. am Herdecker Kinderkrankenhaus weiterhin gesichert. Die Waldstrecke von 9 km bei strahlendem Sonnenschein war wieder f\u00fcr uns Lauftreffler wundersch\u00f6n. Wir sind auch n\u00e4chstes Jahr bei der tollen Organisation von Uli Sauer wieder dabei .<\/p>\n","protected":false},"excerpt":{"rendered":"<p>18 Erwachsene und 1 Kind vom Lauftreff Hagen-Emst sind am Sonntag, 12.September zu unterschiedlichen Zeiten an den Start &nbsp;gegangen, um mit weiteren 300 Aktiven ( L\u00e4ufern &amp; Walkern ) &nbsp;f\u00fcr den Sterntaler e.V. am Herdecker Kinderkrankenhaus &nbsp;im weitl\u00e4ufigem Garten die &#8230; <a class=\"more-link\" href=\"https:\/\/lauftreffhagen-emst.de\/?p=1474\">Read More &raquo;<\/a><\/p>\n","protected":false},"author":1,"featured_media":1475,"comment_status":"closed","ping_status":"open","sticky":false,"template":"","format":"standard","meta":{"footnotes":""},"categories":[39,65,64],"tags":[34,33],"_links":{"self":[{"href":"https:\/\/lauftreffhagen-emst.de\/index.php?rest_route=\/wp\/v2\/posts\/1474"}],"collection":[{"href":"https:\/\/lauftreffhagen-emst.de\/index.php?rest_route=\/wp\/v2\/posts"}],"about":[{"href":"https:\/\/lauftreffhagen-emst.de\/index.php?rest_route=\/wp\/v2\/types\/post"}],"author":[{"embeddable":true,"href":"https:\/\/lauftreffhagen-emst.de\/index.php?rest_route=\/wp\/v2\/users\/1"}],"replies":[{"embeddable":true,"href":"https:\/\/lauftreffhagen-emst.de\/index.php?rest_route=%2Fwp%2Fv2%2Fcomments&post=1474"}],"version-history":[{"count":7,"href":"https:\/\/lauftreffhagen-emst.de\/index.php?rest_route=\/wp\/v2\/posts\/1474\/revisions"}],"predecessor-version":[{"id":1676,"href":"https:\/\/lauftreffhagen-emst.de\/index.php?rest_route=\/wp\/v2\/posts\/1474\/revisions\/1676"}],"wp:featuredmedia":[{"embeddable":true,"href":"https:\/\/lauftreffhagen-emst.de\/index.php?rest_route=\/wp\/v2\/media\/1475"}],"wp:attachment":[{"href":"https:\/\/lauftreffhagen-emst.de\/index.php?rest_route=%2Fwp%2Fv2%2Fmedia&parent=1474"}],"wp:term":[{"taxonomy":"category","embeddable":true,"href":"https:\/\/lauftreffhagen-emst.de\/index.php?rest_route=%2Fwp%2Fv2%2Fcategories&post=1474"},{"taxonomy":"post_tag","embeddable":true,"href":"https:\/\/lauftreffhagen-emst.de\/index.php?rest_route=%2Fwp%2Fv2%2Ftags&post=1474"}],"curies":[{"name":"wp","href":"https:\/\/api.w.org\/{rel}","templated":true}]}}