{"id":1462,"date":"2021-08-28T16:40:53","date_gmt":"2021-08-28T16:40:53","guid":{"rendered":"http:\/\/lauftreffhagen-emst.de\/?p=1462"},"modified":"2023-08-14T22:25:03","modified_gmt":"2023-08-14T22:25:03","slug":"19-lauftreffler-beim-spendenlauf-fuers-hospiz-hagen","status":"publish","type":"post","link":"https:\/\/lauftreffhagen-emst.de\/?p=1462","title":{"rendered":"19 Lauftreffler beim Spendenlauf f\u00fcrs Hospiz Hagen"},"content":{"rendered":"\n<p><\/p>\n\n\n\n<figure class=\"wp-block-image size-large\"><img loading=\"lazy\" decoding=\"async\" width=\"1024\" height=\"825\" src=\"https:\/\/lauftreffhagen-emst.de\/wp-content\/uploads\/2021\/08\/20210816-Spendenlauf2-1024x825.jpg\" alt=\"Spendenlauf f\u00fcrs Hospiz Hagen 2021\" class=\"wp-image-1465\" srcset=\"https:\/\/lauftreffhagen-emst.de\/wp-content\/uploads\/2021\/08\/20210816-Spendenlauf2-1024x825.jpg 1024w, https:\/\/lauftreffhagen-emst.de\/wp-content\/uploads\/2021\/08\/20210816-Spendenlauf2-300x242.jpg 300w, https:\/\/lauftreffhagen-emst.de\/wp-content\/uploads\/2021\/08\/20210816-Spendenlauf2-768x619.jpg 768w, https:\/\/lauftreffhagen-emst.de\/wp-content\/uploads\/2021\/08\/20210816-Spendenlauf2-940x757.jpg 940w, https:\/\/lauftreffhagen-emst.de\/wp-content\/uploads\/2021\/08\/20210816-Spendenlauf2.jpg 1223w\" sizes=\"(max-width: 1024px) 100vw, 1024px\" \/><figcaption class=\"wp-element-caption\">Spendenlauf f\u00fcrs Hospiz Hagen 2021<\/figcaption><\/figure>\n\n\n\n<p>Beim Spendenlauf zugunsten des Station\u00e4ren Hospizes in Hagen waren von den 69 L\u00e4ufern und L\u00e4uferinnen auch 19 Lauftreffler aus Emst dabei.<br>Bei gutem Wetter hat es den Aktiven reichlich Spa\u00df gemacht nach l\u00e4ngerer Pause mal wieder bei einer Veranstaltung zu laufen und dann noch zu einem guten Zweck. Insgesamt kann sich das Hospiz \u00fcber einen Spendenbetrag von 2424 \u20ac freuen.<br>Wer bei einem weiteren Lauf starten will, hat am 12.Sept.2021 dazu Gelegenheit. Dann findet der Herdecker Sterntaler-Lauf statt. Infos unter: <a href=\"http:\/\/www.uli-sauer.de\/laufen\/sterntaler\/index.htm\" data-type=\"URL\" data-id=\"http:\/\/www.uli-sauer.de\/laufen\/sterntaler\/index.htm\">http:\/\/www.uli-sauer.de\/laufen\/sterntaler\/index.htm<\/a><\/p>\n","protected":false},"excerpt":{"rendered":"<p>Beim Spendenlauf zugunsten des Station\u00e4ren Hospizes in Hagen waren von den 69 L\u00e4ufern und L\u00e4uferinnen auch 19 Lauftreffler aus Emst dabei.Bei gutem Wetter hat es den Aktiven reichlich Spa\u00df gemacht nach l\u00e4ngerer Pause mal wieder bei einer Veranstaltung zu laufen &#8230; <a class=\"more-link\" href=\"https:\/\/lauftreffhagen-emst.de\/?p=1462\">Read More &raquo;<\/a><\/p>\n","protected":false},"author":1,"featured_media":1465,"comment_status":"closed","ping_status":"open","sticky":false,"template":"","format":"standard","meta":{"footnotes":""},"categories":[39,4],"tags":[96,21],"_links":{"self":[{"href":"https:\/\/lauftreffhagen-emst.de\/index.php?rest_route=\/wp\/v2\/posts\/1462"}],"collection":[{"href":"https:\/\/lauftreffhagen-emst.de\/index.php?rest_route=\/wp\/v2\/posts"}],"about":[{"href":"https:\/\/lauftreffhagen-emst.de\/index.php?rest_route=\/wp\/v2\/types\/post"}],"author":[{"embeddable":true,"href":"https:\/\/lauftreffhagen-emst.de\/index.php?rest_route=\/wp\/v2\/users\/1"}],"replies":[{"embeddable":true,"href":"https:\/\/lauftreffhagen-emst.de\/index.php?rest_route=%2Fwp%2Fv2%2Fcomments&post=1462"}],"version-history":[{"count":3,"href":"https:\/\/lauftreffhagen-emst.de\/index.php?rest_route=\/wp\/v2\/posts\/1462\/revisions"}],"predecessor-version":[{"id":1968,"href":"https:\/\/lauftreffhagen-emst.de\/index.php?rest_route=\/wp\/v2\/posts\/1462\/revisions\/1968"}],"wp:featuredmedia":[{"embeddable":true,"href":"https:\/\/lauftreffhagen-emst.de\/index.php?rest_route=\/wp\/v2\/media\/1465"}],"wp:attachment":[{"href":"https:\/\/lauftreffhagen-emst.de\/index.php?rest_route=%2Fwp%2Fv2%2Fmedia&parent=1462"}],"wp:term":[{"taxonomy":"category","embeddable":true,"href":"https:\/\/lauftreffhagen-emst.de\/index.php?rest_route=%2Fwp%2Fv2%2Fcategories&post=1462"},{"taxonomy":"post_tag","embeddable":true,"href":"https:\/\/lauftreffhagen-emst.de\/index.php?rest_route=%2Fwp%2Fv2%2Ftags&post=1462"}],"curies":[{"name":"wp","href":"https:\/\/api.w.org\/{rel}","templated":true}]}}