{"id":1399,"date":"2020-09-22T09:32:43","date_gmt":"2020-09-22T09:32:43","guid":{"rendered":"http:\/\/lauftreffhagen-emst.de\/?p=1399"},"modified":"2020-09-22T10:09:35","modified_gmt":"2020-09-22T10:09:35","slug":"5-spendenlauf-zugunsten-des-sterntaler-e-v-am-gemeinschaftskrankenhaus-herdecke","status":"publish","type":"post","link":"https:\/\/lauftreffhagen-emst.de\/?p=1399","title":{"rendered":"5. Spendenlauf zugunsten des Sterntaler e.V. am Gemeinschaftskrankenhaus Herdecke"},"content":{"rendered":"<figure id=\"attachment_1401\" aria-describedby=\"caption-attachment-1401\" style=\"width: 300px\" class=\"wp-caption alignnone\"><a href=\"https:\/\/lauftreffhagen-emst.de\/?attachment_id=1401\" target=\"_blank\" rel=\"noopener\"><img loading=\"lazy\" decoding=\"async\" class=\"wp-image-1401 size-medium\" src=\"https:\/\/lauftreffhagen-emst.de\/wp-content\/uploads\/2020\/09\/DSC_7278k-300x200.jpg\" alt=\"\" width=\"300\" height=\"200\" srcset=\"https:\/\/lauftreffhagen-emst.de\/wp-content\/uploads\/2020\/09\/DSC_7278k-300x200.jpg 300w, https:\/\/lauftreffhagen-emst.de\/wp-content\/uploads\/2020\/09\/DSC_7278k-768x512.jpg 768w, https:\/\/lauftreffhagen-emst.de\/wp-content\/uploads\/2020\/09\/DSC_7278k-1024x682.jpg 1024w, https:\/\/lauftreffhagen-emst.de\/wp-content\/uploads\/2020\/09\/DSC_7278k-940x626.jpg 940w, https:\/\/lauftreffhagen-emst.de\/wp-content\/uploads\/2020\/09\/DSC_7278k.jpg 1400w\" sizes=\"(max-width: 300px) 100vw, 300px\" \/><\/a><figcaption id=\"caption-attachment-1401\" class=\"wp-caption-text\">Foto: Uli Sauer<\/figcaption><\/figure>\n<p>Am Sonntag, 20.09.2020 fand nach langer Corona-Pause wieder ein Spendenlauf in unserer Region statt, an dem sich auch L\u00e4ufer und L\u00e4uferinnen des Lauftreffs Hagen-Emst beteiligten.<\/p>\n<p>Den elf Emster L\u00e4uferInnen machte es Spa\u00df f\u00fcr einen Guten Zweck auf der 9 km langen, landschaftlich sch\u00f6nen Strecke zu laufen, die vom Herdecker Krankenhaus \u00fcber den Harkortberg und wieder zur\u00fcck verlief.<br \/>\nMit \u00fcber 200 Teilnehmern wurden die Erwartungen der Veranstalterin weit \u00fcbertroffen. Ein stolzer Spendenbetrag von ca. 3700 Euro wurde dabei \u201cerlaufen\u201c. Das bedeutet einen wichtigen Beitrag zur Arbeit des Sterntaler e.V.<\/p>\n<figure id=\"attachment_1402\" aria-describedby=\"caption-attachment-1402\" style=\"width: 300px\" class=\"wp-caption alignnone\"><a href=\"https:\/\/lauftreffhagen-emst.de\/?attachment_id=1402\" target=\"_blank\" rel=\"noopener\"><img loading=\"lazy\" decoding=\"async\" class=\"wp-image-1402 size-medium\" src=\"https:\/\/lauftreffhagen-emst.de\/wp-content\/uploads\/2020\/09\/IMG_0257k-300x225.jpg\" alt=\"\" width=\"300\" height=\"225\" srcset=\"https:\/\/lauftreffhagen-emst.de\/wp-content\/uploads\/2020\/09\/IMG_0257k-300x225.jpg 300w, https:\/\/lauftreffhagen-emst.de\/wp-content\/uploads\/2020\/09\/IMG_0257k-768x576.jpg 768w, https:\/\/lauftreffhagen-emst.de\/wp-content\/uploads\/2020\/09\/IMG_0257k-1024x768.jpg 1024w, https:\/\/lauftreffhagen-emst.de\/wp-content\/uploads\/2020\/09\/IMG_0257k-940x705.jpg 940w, https:\/\/lauftreffhagen-emst.de\/wp-content\/uploads\/2020\/09\/IMG_0257k.jpg 1400w\" sizes=\"(max-width: 300px) 100vw, 300px\" \/><\/a><figcaption id=\"caption-attachment-1402\" class=\"wp-caption-text\">Foto: Wolfgang Sch\u00f6nknecht<\/figcaption><\/figure>\n<p>Mehr Fotos zum Lauf gibt es hier:<br \/>\n<a href=\"http:\/\/www.laufgalerie.de\/2020\/2020sterntaler-spendenlauf-us\/index.htm\" target=\"_blank\" rel=\"noopener\">http:\/\/www.laufgalerie.de\/2020\/2020sterntaler-spendenlauf-us\/index.htm<\/a><br \/>\nund<br \/>\n<a href=\"http:\/\/www.laufgalerie.de\/2020\/2020sterntaler-spendenlauf-ws\/index.htm\" target=\"_blank\" rel=\"noopener\">http:\/\/www.laufgalerie.de\/2020\/2020sterntaler-spendenlauf-ws\/index.htm<\/a><\/p>\n","protected":false},"excerpt":{"rendered":"<p>Am Sonntag, 20.09.2020 fand nach langer Corona-Pause wieder ein Spendenlauf in unserer Region statt, an dem sich auch L\u00e4ufer und L\u00e4uferinnen des Lauftreffs Hagen-Emst beteiligten. Den elf Emster L\u00e4uferInnen machte es Spa\u00df f\u00fcr einen Guten Zweck auf der 9 km &#8230; <a class=\"more-link\" href=\"https:\/\/lauftreffhagen-emst.de\/?p=1399\">Read More &raquo;<\/a><\/p>\n","protected":false},"author":1,"featured_media":1402,"comment_status":"closed","ping_status":"open","sticky":false,"template":"","format":"standard","meta":{"footnotes":""},"categories":[39,65,64,4],"tags":[34,33],"_links":{"self":[{"href":"https:\/\/lauftreffhagen-emst.de\/index.php?rest_route=\/wp\/v2\/posts\/1399"}],"collection":[{"href":"https:\/\/lauftreffhagen-emst.de\/index.php?rest_route=\/wp\/v2\/posts"}],"about":[{"href":"https:\/\/lauftreffhagen-emst.de\/index.php?rest_route=\/wp\/v2\/types\/post"}],"author":[{"embeddable":true,"href":"https:\/\/lauftreffhagen-emst.de\/index.php?rest_route=\/wp\/v2\/users\/1"}],"replies":[{"embeddable":true,"href":"https:\/\/lauftreffhagen-emst.de\/index.php?rest_route=%2Fwp%2Fv2%2Fcomments&post=1399"}],"version-history":[{"count":5,"href":"https:\/\/lauftreffhagen-emst.de\/index.php?rest_route=\/wp\/v2\/posts\/1399\/revisions"}],"predecessor-version":[{"id":1407,"href":"https:\/\/lauftreffhagen-emst.de\/index.php?rest_route=\/wp\/v2\/posts\/1399\/revisions\/1407"}],"wp:featuredmedia":[{"embeddable":true,"href":"https:\/\/lauftreffhagen-emst.de\/index.php?rest_route=\/wp\/v2\/media\/1402"}],"wp:attachment":[{"href":"https:\/\/lauftreffhagen-emst.de\/index.php?rest_route=%2Fwp%2Fv2%2Fmedia&parent=1399"}],"wp:term":[{"taxonomy":"category","embeddable":true,"href":"https:\/\/lauftreffhagen-emst.de\/index.php?rest_route=%2Fwp%2Fv2%2Fcategories&post=1399"},{"taxonomy":"post_tag","embeddable":true,"href":"https:\/\/lauftreffhagen-emst.de\/index.php?rest_route=%2Fwp%2Fv2%2Ftags&post=1399"}],"curies":[{"name":"wp","href":"https:\/\/api.w.org\/{rel}","templated":true}]}}