{"id":1260,"date":"2019-09-22T08:05:13","date_gmt":"2019-09-22T08:05:13","guid":{"rendered":"http:\/\/lauftreffhagen-emst.de\/?p=1260"},"modified":"2023-06-01T20:23:18","modified_gmt":"2023-06-01T20:23:18","slug":"4-sterntalerlauf-herdecke","status":"publish","type":"post","link":"https:\/\/lauftreffhagen-emst.de\/?p=1260","title":{"rendered":"4. Sterntalerlauf Herdecke"},"content":{"rendered":"<p><img loading=\"lazy\" decoding=\"async\" class=\"size-medium wp-image-1264 alignleft\" src=\"https:\/\/lauftreffhagen-emst.de\/wp-content\/uploads\/2019\/09\/Sterntalerlauf_2019k-225x300.jpg\" alt=\"\" width=\"225\" height=\"300\" srcset=\"https:\/\/lauftreffhagen-emst.de\/wp-content\/uploads\/2019\/09\/Sterntalerlauf_2019k-225x300.jpg 225w, https:\/\/lauftreffhagen-emst.de\/wp-content\/uploads\/2019\/09\/Sterntalerlauf_2019k-768x1024.jpg 768w, https:\/\/lauftreffhagen-emst.de\/wp-content\/uploads\/2019\/09\/Sterntalerlauf_2019k-940x1253.jpg 940w, https:\/\/lauftreffhagen-emst.de\/wp-content\/uploads\/2019\/09\/Sterntalerlauf_2019k.jpg 1050w\" sizes=\"(max-width: 225px) 100vw, 225px\" \/><br \/>\nSpendenlauf zu Gunsten schwer erkrankter Kinder im Gemeinschaftskrankenhaus Herdecke<\/p>\n<p>Am 8.9.2019 fand zum vierten mal der Spendenlauf statt. Vom Lauftreff Emst waren Heidi und Roland mit dabei.<br \/>\nHeidi: &#8222;Zu spenden f\u00fcr an Krebs erkrankte Kinder; das ist schon ein sehr sch\u00f6nes Gef\u00fchl.\u2026&#8220;.<br \/>\nIn diesem Jahr ist wieder eine Summe von rund 2.600 Euro zusammen gekommen. Wieder ein bedeutender Beitrag zum Jahresetat des Sterntaler e.V., mit dem schwer erkrankten Kindern im Gemeinschaftskrankenhaus etwas geholfen werden kann. Mehr Informationen \u00fcber den Verein unter www.sterntaler-ev.de.<\/p>\n","protected":false},"excerpt":{"rendered":"<p>Spendenlauf zu Gunsten schwer erkrankter Kinder im Gemeinschaftskrankenhaus Herdecke Am 8.9.2019 fand zum vierten mal der Spendenlauf statt. Vom Lauftreff Emst waren Heidi und Roland mit dabei. Heidi: &#8222;Zu spenden f\u00fcr an Krebs erkrankte Kinder; das ist schon ein sehr &#8230; <a class=\"more-link\" href=\"https:\/\/lauftreffhagen-emst.de\/?p=1260\">Read More &raquo;<\/a><\/p>\n","protected":false},"author":1,"featured_media":1262,"comment_status":"closed","ping_status":"open","sticky":false,"template":"","format":"standard","meta":{"footnotes":""},"categories":[39,65,64,4],"tags":[34,21,33],"_links":{"self":[{"href":"https:\/\/lauftreffhagen-emst.de\/index.php?rest_route=\/wp\/v2\/posts\/1260"}],"collection":[{"href":"https:\/\/lauftreffhagen-emst.de\/index.php?rest_route=\/wp\/v2\/posts"}],"about":[{"href":"https:\/\/lauftreffhagen-emst.de\/index.php?rest_route=\/wp\/v2\/types\/post"}],"author":[{"embeddable":true,"href":"https:\/\/lauftreffhagen-emst.de\/index.php?rest_route=\/wp\/v2\/users\/1"}],"replies":[{"embeddable":true,"href":"https:\/\/lauftreffhagen-emst.de\/index.php?rest_route=%2Fwp%2Fv2%2Fcomments&post=1260"}],"version-history":[{"count":3,"href":"https:\/\/lauftreffhagen-emst.de\/index.php?rest_route=\/wp\/v2\/posts\/1260\/revisions"}],"predecessor-version":[{"id":1677,"href":"https:\/\/lauftreffhagen-emst.de\/index.php?rest_route=\/wp\/v2\/posts\/1260\/revisions\/1677"}],"wp:featuredmedia":[{"embeddable":true,"href":"https:\/\/lauftreffhagen-emst.de\/index.php?rest_route=\/wp\/v2\/media\/1262"}],"wp:attachment":[{"href":"https:\/\/lauftreffhagen-emst.de\/index.php?rest_route=%2Fwp%2Fv2%2Fmedia&parent=1260"}],"wp:term":[{"taxonomy":"category","embeddable":true,"href":"https:\/\/lauftreffhagen-emst.de\/index.php?rest_route=%2Fwp%2Fv2%2Fcategories&post=1260"},{"taxonomy":"post_tag","embeddable":true,"href":"https:\/\/lauftreffhagen-emst.de\/index.php?rest_route=%2Fwp%2Fv2%2Ftags&post=1260"}],"curies":[{"name":"wp","href":"https:\/\/api.w.org\/{rel}","templated":true}]}}