{"id":1250,"date":"2019-09-24T01:36:57","date_gmt":"2019-09-24T01:36:57","guid":{"rendered":"http:\/\/lauftreffhagen-emst.de\/?p=1250"},"modified":"2019-09-24T08:33:52","modified_gmt":"2019-09-24T08:33:52","slug":"umstellung-wintertreffpunkt-24-09-2019","status":"publish","type":"post","link":"https:\/\/lauftreffhagen-emst.de\/?p=1250","title":{"rendered":"Umstellung Wintertreffpunkt 24.09.2019"},"content":{"rendered":"<p>Ab Dienstag, 24.09.2019 treffen wir uns zum Laufen an der Bezirkssportanlage Ha\u00dfleyer Stra\u00dfe wie jedes Jahr im Herbst und Winter.<br \/>\nDie Termine f\u00fcr die Walker findet Ihr unter Treffpunkte und Zeiten f\u00fcr&#8217;s Walken.<br \/>\nBitte denkt in der jetzt dunklen Jahreszeit an Eure Reflektoren-Westen und gute Taschenlampen. Wir alle wollen ja sicher durch das Winterhalbjahr laufen.<\/p>\n","protected":false},"excerpt":{"rendered":"<p>Ab Dienstag, 24.09.2019 treffen wir uns zum Laufen an der Bezirkssportanlage Ha\u00dfleyer Stra\u00dfe wie jedes Jahr im Herbst und Winter. Die Termine f\u00fcr die Walker findet Ihr unter Treffpunkte und Zeiten f\u00fcr&#8217;s Walken. Bitte denkt in der jetzt dunklen Jahreszeit &#8230; <a class=\"more-link\" href=\"https:\/\/lauftreffhagen-emst.de\/?p=1250\">Read More &raquo;<\/a><\/p>\n","protected":false},"author":5,"featured_media":0,"comment_status":"closed","ping_status":"open","sticky":false,"template":"","format":"standard","meta":{"footnotes":""},"categories":[3],"tags":[],"_links":{"self":[{"href":"https:\/\/lauftreffhagen-emst.de\/index.php?rest_route=\/wp\/v2\/posts\/1250"}],"collection":[{"href":"https:\/\/lauftreffhagen-emst.de\/index.php?rest_route=\/wp\/v2\/posts"}],"about":[{"href":"https:\/\/lauftreffhagen-emst.de\/index.php?rest_route=\/wp\/v2\/types\/post"}],"author":[{"embeddable":true,"href":"https:\/\/lauftreffhagen-emst.de\/index.php?rest_route=\/wp\/v2\/users\/5"}],"replies":[{"embeddable":true,"href":"https:\/\/lauftreffhagen-emst.de\/index.php?rest_route=%2Fwp%2Fv2%2Fcomments&post=1250"}],"version-history":[{"count":5,"href":"https:\/\/lauftreffhagen-emst.de\/index.php?rest_route=\/wp\/v2\/posts\/1250\/revisions"}],"predecessor-version":[{"id":1257,"href":"https:\/\/lauftreffhagen-emst.de\/index.php?rest_route=\/wp\/v2\/posts\/1250\/revisions\/1257"}],"wp:attachment":[{"href":"https:\/\/lauftreffhagen-emst.de\/index.php?rest_route=%2Fwp%2Fv2%2Fmedia&parent=1250"}],"wp:term":[{"taxonomy":"category","embeddable":true,"href":"https:\/\/lauftreffhagen-emst.de\/index.php?rest_route=%2Fwp%2Fv2%2Fcategories&post=1250"},{"taxonomy":"post_tag","embeddable":true,"href":"https:\/\/lauftreffhagen-emst.de\/index.php?rest_route=%2Fwp%2Fv2%2Ftags&post=1250"}],"curies":[{"name":"wp","href":"https:\/\/api.w.org\/{rel}","templated":true}]}}