{"id":1236,"date":"2019-08-20T13:02:07","date_gmt":"2019-08-20T13:02:07","guid":{"rendered":"http:\/\/lauftreffhagen-emst.de\/?p=1236"},"modified":"2019-08-20T13:02:07","modified_gmt":"2019-08-20T13:02:07","slug":"5-hospiz-spendenlauf-2019","status":"publish","type":"post","link":"https:\/\/lauftreffhagen-emst.de\/?p=1236","title":{"rendered":"5. Hospiz-Spendenlauf 2019"},"content":{"rendered":"<p><img loading=\"lazy\" decoding=\"async\" class=\"size-medium wp-image-1239 alignleft\" src=\"https:\/\/lauftreffhagen-emst.de\/wp-content\/uploads\/2019\/08\/20190811_100314k-300x169.jpg\" alt=\"\" width=\"300\" height=\"169\" srcset=\"https:\/\/lauftreffhagen-emst.de\/wp-content\/uploads\/2019\/08\/20190811_100314k-300x169.jpg 300w, https:\/\/lauftreffhagen-emst.de\/wp-content\/uploads\/2019\/08\/20190811_100314k-768x432.jpg 768w, https:\/\/lauftreffhagen-emst.de\/wp-content\/uploads\/2019\/08\/20190811_100314k-1024x576.jpg 1024w, https:\/\/lauftreffhagen-emst.de\/wp-content\/uploads\/2019\/08\/20190811_100314k-940x529.jpg 940w, https:\/\/lauftreffhagen-emst.de\/wp-content\/uploads\/2019\/08\/20190811_100314k.jpg 1400w\" sizes=\"(max-width: 300px) 100vw, 300px\" \/><\/p>\n<p>Am Sonntag, den 11. 08. 2019 war es wieder soweit. 16 Teilnehmer\/innen vom LT trafen sich zum Start an der Vierm\u00e4rker Eiche, um am 5. Spendenlauf f\u00fcr das Dortmunder Hospiz am Ostpark teilzunehmen. Bei idealem Laufwetter schickte die Organisatorin Rani Sensen aus Herdecke die Wanderer, Walker und Jogger zeitversetzt auf die 11 km lange Strecke zum Hospiz am Ostpark in Dortmund. Am Getr\u00e4nkestand in Phoenix-West wurde ein kurzer Stopp eingelegt um die Wasserspeicher wieder aufzuf\u00fcllen.<\/p>\n<p>Alle 61 Teilnehmer\/innen trafen wohlbehalten am Hospiz ein und wurden vom Personal mit Getr\u00e4nken und Snacks herzlich begr\u00fc\u00dft. Nach der St\u00e4rkung wurden die Spendendosen gef\u00fcllt und das Ergebnis konnte sich wieder einmal sehen lassen.<\/p>\n<figure id=\"attachment_1241\" aria-describedby=\"caption-attachment-1241\" style=\"width: 300px\" class=\"wp-caption alignnone\"><img loading=\"lazy\" decoding=\"async\" class=\"size-medium wp-image-1241\" src=\"https:\/\/lauftreffhagen-emst.de\/wp-content\/uploads\/2019\/08\/20190811_121927k-300x169.jpg\" alt=\"\" width=\"300\" height=\"169\" srcset=\"https:\/\/lauftreffhagen-emst.de\/wp-content\/uploads\/2019\/08\/20190811_121927k-300x169.jpg 300w, https:\/\/lauftreffhagen-emst.de\/wp-content\/uploads\/2019\/08\/20190811_121927k-768x432.jpg 768w, https:\/\/lauftreffhagen-emst.de\/wp-content\/uploads\/2019\/08\/20190811_121927k-1024x576.jpg 1024w, https:\/\/lauftreffhagen-emst.de\/wp-content\/uploads\/2019\/08\/20190811_121927k-940x529.jpg 940w, https:\/\/lauftreffhagen-emst.de\/wp-content\/uploads\/2019\/08\/20190811_121927k.jpg 1400w\" sizes=\"(max-width: 300px) 100vw, 300px\" \/><figcaption id=\"caption-attachment-1241\" class=\"wp-caption-text\">\u00dcber \u20ac 1.550,- waren zusammengekommen, um die Bethel Einrichtung zu unterst\u00fctzen.<\/figcaption><\/figure>\n<p>Eine kleine Gruppe machte sich in den Laufschuhen auf den anstrengenden und ansteigenden R\u00fcckweg zum Start, der Rest fuhr mit dem Bus zum morgendlichen Treffpunkt zur\u00fcck.<\/p>\n<p>Fazit: Eine erneut erfolgreiche Unterst\u00fctzung einer diakonischen Einrichtung!<\/p>\n<figure id=\"attachment_1240\" aria-describedby=\"caption-attachment-1240\" style=\"width: 300px\" class=\"wp-caption alignnone\"><img loading=\"lazy\" decoding=\"async\" class=\"size-medium wp-image-1240\" src=\"https:\/\/lauftreffhagen-emst.de\/wp-content\/uploads\/2019\/08\/20190811_120719k-300x169.jpg\" alt=\"\" width=\"300\" height=\"169\" srcset=\"https:\/\/lauftreffhagen-emst.de\/wp-content\/uploads\/2019\/08\/20190811_120719k-300x169.jpg 300w, https:\/\/lauftreffhagen-emst.de\/wp-content\/uploads\/2019\/08\/20190811_120719k-768x432.jpg 768w, https:\/\/lauftreffhagen-emst.de\/wp-content\/uploads\/2019\/08\/20190811_120719k-1024x576.jpg 1024w, https:\/\/lauftreffhagen-emst.de\/wp-content\/uploads\/2019\/08\/20190811_120719k-940x529.jpg 940w, https:\/\/lauftreffhagen-emst.de\/wp-content\/uploads\/2019\/08\/20190811_120719k.jpg 1400w\" sizes=\"(max-width: 300px) 100vw, 300px\" \/><figcaption id=\"caption-attachment-1240\" class=\"wp-caption-text\">7 R\u00fcckl\u00e4ufer\/innen: rechts au\u00dfen die Veranstalterin Rani Sensen, links daneben unsere Heidi, links au\u00dfen unsere Steffi)<\/figcaption><\/figure>\n<p>&nbsp;<\/p>\n","protected":false},"excerpt":{"rendered":"<p>Am Sonntag, den 11. 08. 2019 war es wieder soweit. 16 Teilnehmer\/innen vom LT trafen sich zum Start an der Vierm\u00e4rker Eiche, um am 5. Spendenlauf f\u00fcr das Dortmunder Hospiz am Ostpark teilzunehmen. Bei idealem Laufwetter schickte die Organisatorin Rani &#8230; <a class=\"more-link\" href=\"https:\/\/lauftreffhagen-emst.de\/?p=1236\">Read More &raquo;<\/a><\/p>\n","protected":false},"author":1,"featured_media":1241,"comment_status":"closed","ping_status":"open","sticky":false,"template":"","format":"standard","meta":{"footnotes":""},"categories":[39,4],"tags":[42,21,77],"_links":{"self":[{"href":"https:\/\/lauftreffhagen-emst.de\/index.php?rest_route=\/wp\/v2\/posts\/1236"}],"collection":[{"href":"https:\/\/lauftreffhagen-emst.de\/index.php?rest_route=\/wp\/v2\/posts"}],"about":[{"href":"https:\/\/lauftreffhagen-emst.de\/index.php?rest_route=\/wp\/v2\/types\/post"}],"author":[{"embeddable":true,"href":"https:\/\/lauftreffhagen-emst.de\/index.php?rest_route=\/wp\/v2\/users\/1"}],"replies":[{"embeddable":true,"href":"https:\/\/lauftreffhagen-emst.de\/index.php?rest_route=%2Fwp%2Fv2%2Fcomments&post=1236"}],"version-history":[{"count":5,"href":"https:\/\/lauftreffhagen-emst.de\/index.php?rest_route=\/wp\/v2\/posts\/1236\/revisions"}],"predecessor-version":[{"id":1244,"href":"https:\/\/lauftreffhagen-emst.de\/index.php?rest_route=\/wp\/v2\/posts\/1236\/revisions\/1244"}],"wp:featuredmedia":[{"embeddable":true,"href":"https:\/\/lauftreffhagen-emst.de\/index.php?rest_route=\/wp\/v2\/media\/1241"}],"wp:attachment":[{"href":"https:\/\/lauftreffhagen-emst.de\/index.php?rest_route=%2Fwp%2Fv2%2Fmedia&parent=1236"}],"wp:term":[{"taxonomy":"category","embeddable":true,"href":"https:\/\/lauftreffhagen-emst.de\/index.php?rest_route=%2Fwp%2Fv2%2Fcategories&post=1236"},{"taxonomy":"post_tag","embeddable":true,"href":"https:\/\/lauftreffhagen-emst.de\/index.php?rest_route=%2Fwp%2Fv2%2Ftags&post=1236"}],"curies":[{"name":"wp","href":"https:\/\/api.w.org\/{rel}","templated":true}]}}