{"id":1135,"date":"2019-06-05T19:53:13","date_gmt":"2019-06-05T19:53:13","guid":{"rendered":"http:\/\/lauftreffhagen-emst.de\/?p=1135"},"modified":"2019-06-05T19:53:13","modified_gmt":"2019-06-05T19:53:13","slug":"16-koelner-obi-nachtlauf","status":"publish","type":"post","link":"https:\/\/lauftreffhagen-emst.de\/?p=1135","title":{"rendered":"16. K\u00f6lner OBI Nachtlauf"},"content":{"rendered":"<figure id=\"attachment_1124\" aria-describedby=\"caption-attachment-1124\" style=\"width: 225px\" class=\"wp-caption alignnone\"><img loading=\"lazy\" decoding=\"async\" class=\"size-medium wp-image-1124\" src=\"https:\/\/lauftreffhagen-emst.de\/wp-content\/uploads\/2019\/06\/IMG-20190603-WA0007-1-225x300.jpg\" alt=\"\" width=\"225\" height=\"300\" srcset=\"https:\/\/lauftreffhagen-emst.de\/wp-content\/uploads\/2019\/06\/IMG-20190603-WA0007-1-225x300.jpg 225w, https:\/\/lauftreffhagen-emst.de\/wp-content\/uploads\/2019\/06\/IMG-20190603-WA0007-1-768x1024.jpg 768w, https:\/\/lauftreffhagen-emst.de\/wp-content\/uploads\/2019\/06\/IMG-20190603-WA0007-1-940x1253.jpg 940w, https:\/\/lauftreffhagen-emst.de\/wp-content\/uploads\/2019\/06\/IMG-20190603-WA0007-1.jpg 1200w\" sizes=\"(max-width: 225px) 100vw, 225px\" \/><figcaption id=\"caption-attachment-1124\" class=\"wp-caption-text\">Bea und Petra beim Nachtlauf<\/figcaption><\/figure>\n<p>Bereits zum 16. Mal fand der OBI Nachtlauf des ASV K\u00f6ln statt. Petra und Bea vom Lauftreff Emst starteten an diesem lauen Fr\u00fchsommerabend mit 2400 L\u00e4ufern am Tanzbrunnen im Rheinpark und genossen die 10 km lange Strecke entlang des Rheins mit faszinierenden Blick auf das\u00a0 Dom- und Altstadtpanorama.<\/p>\n","protected":false},"excerpt":{"rendered":"<p>Bereits zum 16. Mal fand der OBI Nachtlauf des ASV K\u00f6ln statt. Petra und Bea vom Lauftreff Emst starteten an diesem lauen Fr\u00fchsommerabend mit 2400 L\u00e4ufern am Tanzbrunnen im Rheinpark und genossen die 10 km lange Strecke entlang des Rheins &#8230; <a class=\"more-link\" href=\"https:\/\/lauftreffhagen-emst.de\/?p=1135\">Read More &raquo;<\/a><\/p>\n","protected":false},"author":1,"featured_media":1124,"comment_status":"closed","ping_status":"open","sticky":false,"template":"","format":"standard","meta":{"footnotes":""},"categories":[22,18,4],"tags":[27,75],"_links":{"self":[{"href":"https:\/\/lauftreffhagen-emst.de\/index.php?rest_route=\/wp\/v2\/posts\/1135"}],"collection":[{"href":"https:\/\/lauftreffhagen-emst.de\/index.php?rest_route=\/wp\/v2\/posts"}],"about":[{"href":"https:\/\/lauftreffhagen-emst.de\/index.php?rest_route=\/wp\/v2\/types\/post"}],"author":[{"embeddable":true,"href":"https:\/\/lauftreffhagen-emst.de\/index.php?rest_route=\/wp\/v2\/users\/1"}],"replies":[{"embeddable":true,"href":"https:\/\/lauftreffhagen-emst.de\/index.php?rest_route=%2Fwp%2Fv2%2Fcomments&post=1135"}],"version-history":[{"count":2,"href":"https:\/\/lauftreffhagen-emst.de\/index.php?rest_route=\/wp\/v2\/posts\/1135\/revisions"}],"predecessor-version":[{"id":1137,"href":"https:\/\/lauftreffhagen-emst.de\/index.php?rest_route=\/wp\/v2\/posts\/1135\/revisions\/1137"}],"wp:featuredmedia":[{"embeddable":true,"href":"https:\/\/lauftreffhagen-emst.de\/index.php?rest_route=\/wp\/v2\/media\/1124"}],"wp:attachment":[{"href":"https:\/\/lauftreffhagen-emst.de\/index.php?rest_route=%2Fwp%2Fv2%2Fmedia&parent=1135"}],"wp:term":[{"taxonomy":"category","embeddable":true,"href":"https:\/\/lauftreffhagen-emst.de\/index.php?rest_route=%2Fwp%2Fv2%2Fcategories&post=1135"},{"taxonomy":"post_tag","embeddable":true,"href":"https:\/\/lauftreffhagen-emst.de\/index.php?rest_route=%2Fwp%2Fv2%2Ftags&post=1135"}],"curies":[{"name":"wp","href":"https:\/\/api.w.org\/{rel}","templated":true}]}}