{"id":1126,"date":"2019-06-03T19:49:05","date_gmt":"2019-06-03T19:49:05","guid":{"rendered":"http:\/\/lauftreffhagen-emst.de\/?p=1126"},"modified":"2019-06-03T20:04:25","modified_gmt":"2019-06-03T20:04:25","slug":"52-hagener-volkslauf-auf-emst","status":"publish","type":"post","link":"https:\/\/lauftreffhagen-emst.de\/?p=1126","title":{"rendered":"52. Hagener Volkslauf auf Emst"},"content":{"rendered":"<p><img loading=\"lazy\" decoding=\"async\" class=\"alignnone size-medium wp-image-1123\" src=\"https:\/\/lauftreffhagen-emst.de\/wp-content\/uploads\/2019\/06\/IMG-20190603-WA0001-1-300x169.jpg\" alt=\"\" width=\"300\" height=\"169\" srcset=\"https:\/\/lauftreffhagen-emst.de\/wp-content\/uploads\/2019\/06\/IMG-20190603-WA0001-1-300x169.jpg 300w, https:\/\/lauftreffhagen-emst.de\/wp-content\/uploads\/2019\/06\/IMG-20190603-WA0001-1-768x432.jpg 768w, https:\/\/lauftreffhagen-emst.de\/wp-content\/uploads\/2019\/06\/IMG-20190603-WA0001-1-1024x576.jpg 1024w, https:\/\/lauftreffhagen-emst.de\/wp-content\/uploads\/2019\/06\/IMG-20190603-WA0001-1-940x529.jpg 940w, https:\/\/lauftreffhagen-emst.de\/wp-content\/uploads\/2019\/06\/IMG-20190603-WA0001-1.jpg 1600w\" sizes=\"(max-width: 300px) 100vw, 300px\" \/><\/p>\n<p>Am Himmelfahrtstag rief der SC Concordia Hagen zur 52. Ausgabe des Hagener Volkslauf auf und das auf unseren Hausstrecken rund um Emst. So nahmen auch sechs Lauftreffler-innen am 10-km-Lauf und vier am Halbmarathon teil. Beim 10-km-Lauf gab es f\u00fcr Klaus einen 2. Platz in der AK M 65. Dritte Pl\u00e4tze erzielten Claudia R. in der AK W50 und J\u00fcrgen H. in der AK M55.<\/p>\n<p>Beim Halbmarathon erzielte Felix K. einen 4. Platz mit einer Zeit von 1:42:24. Heidi N. freute sich \u00fcber den 2. Platz in der AK W55. Der Lauftreff-Emst bedankt sich beim SC Concordia \u00fcber die gute Organisation und Durchf\u00fchrung der Traditionsveranstaltung.<\/p>\n<p>&nbsp;<\/p>\n<figure id=\"attachment_1125\" aria-describedby=\"caption-attachment-1125\" style=\"width: 300px\" class=\"wp-caption aligncenter\"><img loading=\"lazy\" decoding=\"async\" class=\"size-medium wp-image-1125\" src=\"https:\/\/lauftreffhagen-emst.de\/wp-content\/uploads\/2019\/06\/DSC05000k-300x200.jpg\" alt=\"\" width=\"300\" height=\"200\" srcset=\"https:\/\/lauftreffhagen-emst.de\/wp-content\/uploads\/2019\/06\/DSC05000k-300x200.jpg 300w, https:\/\/lauftreffhagen-emst.de\/wp-content\/uploads\/2019\/06\/DSC05000k-768x512.jpg 768w, https:\/\/lauftreffhagen-emst.de\/wp-content\/uploads\/2019\/06\/DSC05000k-1024x682.jpg 1024w, https:\/\/lauftreffhagen-emst.de\/wp-content\/uploads\/2019\/06\/DSC05000k-940x626.jpg 940w, https:\/\/lauftreffhagen-emst.de\/wp-content\/uploads\/2019\/06\/DSC05000k.jpg 1400w\" sizes=\"(max-width: 300px) 100vw, 300px\" \/><figcaption id=\"caption-attachment-1125\" class=\"wp-caption-text\">Heidi freut sich \u00fcber AK Platz 2 beim Halbmarathon<\/figcaption><\/figure>\n<p>&nbsp;<\/p>\n<figure id=\"attachment_1121\" aria-describedby=\"caption-attachment-1121\" style=\"width: 200px\" class=\"wp-caption alignleft\"><img loading=\"lazy\" decoding=\"async\" class=\"size-medium wp-image-1121\" src=\"https:\/\/lauftreffhagen-emst.de\/wp-content\/uploads\/2019\/06\/DSC04972-2k-200x300.jpg\" alt=\"\" width=\"200\" height=\"300\" srcset=\"https:\/\/lauftreffhagen-emst.de\/wp-content\/uploads\/2019\/06\/DSC04972-2k-200x300.jpg 200w, https:\/\/lauftreffhagen-emst.de\/wp-content\/uploads\/2019\/06\/DSC04972-2k-768x1152.jpg 768w, https:\/\/lauftreffhagen-emst.de\/wp-content\/uploads\/2019\/06\/DSC04972-2k-682x1024.jpg 682w, https:\/\/lauftreffhagen-emst.de\/wp-content\/uploads\/2019\/06\/DSC04972-2k.jpg 933w\" sizes=\"(max-width: 200px) 100vw, 200px\" \/><figcaption id=\"caption-attachment-1121\" class=\"wp-caption-text\">Heidi (links) im Zieleinlauf (HM)<\/figcaption><\/figure>\n<figure id=\"attachment_1120\" aria-describedby=\"caption-attachment-1120\" style=\"width: 200px\" class=\"wp-caption alignright\"><img loading=\"lazy\" decoding=\"async\" class=\"size-medium wp-image-1120\" src=\"https:\/\/lauftreffhagen-emst.de\/wp-content\/uploads\/2019\/06\/DSC04965k-200x300.jpg\" alt=\"\" width=\"200\" height=\"300\" srcset=\"https:\/\/lauftreffhagen-emst.de\/wp-content\/uploads\/2019\/06\/DSC04965k-200x300.jpg 200w, https:\/\/lauftreffhagen-emst.de\/wp-content\/uploads\/2019\/06\/DSC04965k-768x1152.jpg 768w, https:\/\/lauftreffhagen-emst.de\/wp-content\/uploads\/2019\/06\/DSC04965k-682x1024.jpg 682w, https:\/\/lauftreffhagen-emst.de\/wp-content\/uploads\/2019\/06\/DSC04965k.jpg 933w\" sizes=\"(max-width: 200px) 100vw, 200px\" \/><figcaption id=\"caption-attachment-1120\" class=\"wp-caption-text\">Thomas im Zieleinlauf (HM)<\/figcaption><\/figure>\n<figure id=\"attachment_1122\" aria-describedby=\"caption-attachment-1122\" style=\"width: 300px\" class=\"wp-caption aligncenter\"><img loading=\"lazy\" decoding=\"async\" class=\"size-medium wp-image-1122\" src=\"https:\/\/lauftreffhagen-emst.de\/wp-content\/uploads\/2019\/06\/DSC04983k-300x200.jpg\" alt=\"\" width=\"300\" height=\"200\" srcset=\"https:\/\/lauftreffhagen-emst.de\/wp-content\/uploads\/2019\/06\/DSC04983k-300x200.jpg 300w, https:\/\/lauftreffhagen-emst.de\/wp-content\/uploads\/2019\/06\/DSC04983k-768x512.jpg 768w, https:\/\/lauftreffhagen-emst.de\/wp-content\/uploads\/2019\/06\/DSC04983k-1024x682.jpg 1024w, https:\/\/lauftreffhagen-emst.de\/wp-content\/uploads\/2019\/06\/DSC04983k-940x626.jpg 940w, https:\/\/lauftreffhagen-emst.de\/wp-content\/uploads\/2019\/06\/DSC04983k.jpg 1400w\" sizes=\"(max-width: 300px) 100vw, 300px\" \/><figcaption id=\"caption-attachment-1122\" class=\"wp-caption-text\">Klaus, Hazem, Heidi und Thomas<\/figcaption><\/figure>\n","protected":false},"excerpt":{"rendered":"<p>Am Himmelfahrtstag rief der SC Concordia Hagen zur 52. Ausgabe des Hagener Volkslauf auf und das auf unseren Hausstrecken rund um Emst. So nahmen auch sechs Lauftreffler-innen am 10-km-Lauf und vier am Halbmarathon teil. Beim 10-km-Lauf gab es f\u00fcr Klaus &#8230; <a class=\"more-link\" href=\"https:\/\/lauftreffhagen-emst.de\/?p=1126\">Read More &raquo;<\/a><\/p>\n","protected":false},"author":1,"featured_media":1123,"comment_status":"closed","ping_status":"open","sticky":false,"template":"","format":"standard","meta":{"footnotes":""},"categories":[22,18,4],"tags":[17,16],"_links":{"self":[{"href":"https:\/\/lauftreffhagen-emst.de\/index.php?rest_route=\/wp\/v2\/posts\/1126"}],"collection":[{"href":"https:\/\/lauftreffhagen-emst.de\/index.php?rest_route=\/wp\/v2\/posts"}],"about":[{"href":"https:\/\/lauftreffhagen-emst.de\/index.php?rest_route=\/wp\/v2\/types\/post"}],"author":[{"embeddable":true,"href":"https:\/\/lauftreffhagen-emst.de\/index.php?rest_route=\/wp\/v2\/users\/1"}],"replies":[{"embeddable":true,"href":"https:\/\/lauftreffhagen-emst.de\/index.php?rest_route=%2Fwp%2Fv2%2Fcomments&post=1126"}],"version-history":[{"count":7,"href":"https:\/\/lauftreffhagen-emst.de\/index.php?rest_route=\/wp\/v2\/posts\/1126\/revisions"}],"predecessor-version":[{"id":1738,"href":"https:\/\/lauftreffhagen-emst.de\/index.php?rest_route=\/wp\/v2\/posts\/1126\/revisions\/1738"}],"wp:featuredmedia":[{"embeddable":true,"href":"https:\/\/lauftreffhagen-emst.de\/index.php?rest_route=\/wp\/v2\/media\/1123"}],"wp:attachment":[{"href":"https:\/\/lauftreffhagen-emst.de\/index.php?rest_route=%2Fwp%2Fv2%2Fmedia&parent=1126"}],"wp:term":[{"taxonomy":"category","embeddable":true,"href":"https:\/\/lauftreffhagen-emst.de\/index.php?rest_route=%2Fwp%2Fv2%2Fcategories&post=1126"},{"taxonomy":"post_tag","embeddable":true,"href":"https:\/\/lauftreffhagen-emst.de\/index.php?rest_route=%2Fwp%2Fv2%2Ftags&post=1126"}],"curies":[{"name":"wp","href":"https:\/\/api.w.org\/{rel}","templated":true}]}}