{"id":1101,"date":"2019-04-28T18:42:46","date_gmt":"2019-04-28T18:42:46","guid":{"rendered":"http:\/\/lauftreffhagen-emst.de\/?p=1101"},"modified":"2019-04-28T18:42:46","modified_gmt":"2019-04-28T18:42:46","slug":"fruehjahrsversammlung-des-lt-hagen-emst-2019","status":"publish","type":"post","link":"https:\/\/lauftreffhagen-emst.de\/?p=1101","title":{"rendered":"Fr\u00fchjahrsversammlung des LT Hagen-Emst 2019"},"content":{"rendered":"<p>Alle L\u00e4ufer (-innen) und Walker (-innen) des LT Hagen-Emst sind herzlich zu unserer Fr\u00fchjahrsversammlung eingeladen!<br \/>\nZeit: Dienstag 07.05.2019 &#8211; 19.00 Uhr<br \/>\nWo:   Im kleinen Versammlungsraum in der Ev. Erl\u00f6serkirche (wei\u00dfer Kirchturm) auf Emst<\/p>\n<p>Der Lauftreff entf\u00e4llt an diesem Tag.<\/p>\n","protected":false},"excerpt":{"rendered":"<p>Alle L\u00e4ufer (-innen) und Walker (-innen) des LT Hagen-Emst sind herzlich zu unserer Fr\u00fchjahrsversammlung eingeladen! Zeit: Dienstag 07.05.2019 &#8211; 19.00 Uhr Wo: Im kleinen Versammlungsraum in der Ev. Erl\u00f6serkirche (wei\u00dfer Kirchturm) auf Emst Der Lauftreff entf\u00e4llt an diesem Tag.<\/p>\n","protected":false},"author":1,"featured_media":0,"comment_status":"closed","ping_status":"open","sticky":false,"template":"","format":"standard","meta":{"footnotes":""},"categories":[3],"tags":[30,73],"_links":{"self":[{"href":"https:\/\/lauftreffhagen-emst.de\/index.php?rest_route=\/wp\/v2\/posts\/1101"}],"collection":[{"href":"https:\/\/lauftreffhagen-emst.de\/index.php?rest_route=\/wp\/v2\/posts"}],"about":[{"href":"https:\/\/lauftreffhagen-emst.de\/index.php?rest_route=\/wp\/v2\/types\/post"}],"author":[{"embeddable":true,"href":"https:\/\/lauftreffhagen-emst.de\/index.php?rest_route=\/wp\/v2\/users\/1"}],"replies":[{"embeddable":true,"href":"https:\/\/lauftreffhagen-emst.de\/index.php?rest_route=%2Fwp%2Fv2%2Fcomments&post=1101"}],"version-history":[{"count":1,"href":"https:\/\/lauftreffhagen-emst.de\/index.php?rest_route=\/wp\/v2\/posts\/1101\/revisions"}],"predecessor-version":[{"id":1102,"href":"https:\/\/lauftreffhagen-emst.de\/index.php?rest_route=\/wp\/v2\/posts\/1101\/revisions\/1102"}],"wp:attachment":[{"href":"https:\/\/lauftreffhagen-emst.de\/index.php?rest_route=%2Fwp%2Fv2%2Fmedia&parent=1101"}],"wp:term":[{"taxonomy":"category","embeddable":true,"href":"https:\/\/lauftreffhagen-emst.de\/index.php?rest_route=%2Fwp%2Fv2%2Fcategories&post=1101"},{"taxonomy":"post_tag","embeddable":true,"href":"https:\/\/lauftreffhagen-emst.de\/index.php?rest_route=%2Fwp%2Fv2%2Ftags&post=1101"}],"curies":[{"name":"wp","href":"https:\/\/api.w.org\/{rel}","templated":true}]}}