{"id":1051,"date":"2019-03-19T21:09:37","date_gmt":"2019-03-19T21:09:37","guid":{"rendered":"http:\/\/lauftreffhagen-emst.de\/?p=1051"},"modified":"2019-03-19T21:10:52","modified_gmt":"2019-03-19T21:10:52","slug":"sommerzeit-beim-lauftreff-emst-2","status":"publish","type":"post","link":"https:\/\/lauftreffhagen-emst.de\/?p=1051","title":{"rendered":"Sommerzeit beim Lauftreff Emst"},"content":{"rendered":"<p>Am 02.04.2019 beginnt beim Lauftreff Hagen-Emst die Sommerzeit. F\u00fcr die L\u00e4ufer ist der Treffpunkt am Emster W\u00e4ldchen. Die Walker treffen sich je nach Gruppe (<a title=\"Treffpunkte und Zeiten f\u00fcrs Walken\" href=\"https:\/\/lauftreffhagen-emst.de\/?page_id=25#Sommerzeit\">hier klicken<\/a>).<\/p>\n","protected":false},"excerpt":{"rendered":"<p>Am 02.04.2019 beginnt beim Lauftreff Hagen-Emst die Sommerzeit. F\u00fcr die L\u00e4ufer ist der Treffpunkt am Emster W\u00e4ldchen. Die Walker treffen sich je nach Gruppe (hier klicken).<\/p>\n","protected":false},"author":1,"featured_media":0,"comment_status":"closed","ping_status":"open","sticky":false,"template":"","format":"standard","meta":{"footnotes":""},"categories":[3],"tags":[72,36],"_links":{"self":[{"href":"https:\/\/lauftreffhagen-emst.de\/index.php?rest_route=\/wp\/v2\/posts\/1051"}],"collection":[{"href":"https:\/\/lauftreffhagen-emst.de\/index.php?rest_route=\/wp\/v2\/posts"}],"about":[{"href":"https:\/\/lauftreffhagen-emst.de\/index.php?rest_route=\/wp\/v2\/types\/post"}],"author":[{"embeddable":true,"href":"https:\/\/lauftreffhagen-emst.de\/index.php?rest_route=\/wp\/v2\/users\/1"}],"replies":[{"embeddable":true,"href":"https:\/\/lauftreffhagen-emst.de\/index.php?rest_route=%2Fwp%2Fv2%2Fcomments&post=1051"}],"version-history":[{"count":1,"href":"https:\/\/lauftreffhagen-emst.de\/index.php?rest_route=\/wp\/v2\/posts\/1051\/revisions"}],"predecessor-version":[{"id":1052,"href":"https:\/\/lauftreffhagen-emst.de\/index.php?rest_route=\/wp\/v2\/posts\/1051\/revisions\/1052"}],"wp:attachment":[{"href":"https:\/\/lauftreffhagen-emst.de\/index.php?rest_route=%2Fwp%2Fv2%2Fmedia&parent=1051"}],"wp:term":[{"taxonomy":"category","embeddable":true,"href":"https:\/\/lauftreffhagen-emst.de\/index.php?rest_route=%2Fwp%2Fv2%2Fcategories&post=1051"},{"taxonomy":"post_tag","embeddable":true,"href":"https:\/\/lauftreffhagen-emst.de\/index.php?rest_route=%2Fwp%2Fv2%2Ftags&post=1051"}],"curies":[{"name":"wp","href":"https:\/\/api.w.org\/{rel}","templated":true}]}}